{"id":55953,"date":"2024-01-02T18:29:45","date_gmt":"2024-01-02T18:29:45","guid":{"rendered":"https:\/\/blog.corretoraideal.com.br\/?p=55953"},"modified":"2024-01-02T18:29:45","modified_gmt":"2024-01-02T18:29:45","slug":"orcamento-2024-lula-sanciona-ldo-com-valor-recorde-para-financiar-eleicoes-municipais-politica-g1","status":"publish","type":"post","link":"https:\/\/blog.corretoraideal.com.br\/index.php\/2024\/01\/02\/orcamento-2024-lula-sanciona-ldo-com-valor-recorde-para-financiar-eleicoes-municipais-politica-g1\/","title":{"rendered":"Or\u00e7amento 2024: Lula sanciona LDO com valor recorde para financiar elei\u00e7\u00f5es municipais | Pol\u00edtica | G1"},"content":{"rendered":"<br \/>\n<h1>Or\u00e7amento 2024: Lula sanciona LDO com valor recorde para financiar elei\u00e7\u00f5es municipais<\/h1>\n<h2>Texto, que estabelece as bases para o Or\u00e7amento da Uni\u00e3o, prev\u00ea repasse de at\u00e9 R$ 4,9 bilh\u00f5es para o Fundo Eleitoral. Proposta de lei or\u00e7ament\u00e1ria, que ainda tem de ser sancionada por Lula, retirou recursos de emendas estaduais para encaixar valor no Or\u00e7amento.<\/h2>\n<p> Por g1 &mdash; Bras\u00edlia <\/p>\n<p>  02\/01\/2024 12h59    Atualizado  02\/01\/2024    <\/p>\n<p>                      1 de 1&#013;Urna eletr\u00f4nica \u2014 Foto: Justi\u00e7a Eleitoral    <\/p>\n<p> Urna eletr\u00f4nica \u2014 Foto: Justi\u00e7a Eleitoral <\/p>\n<p> O presidente <a class href=\"https:\/\/g1.globo.com\/tudo-sobre\/luiz-inacio-lula-da-silva\/\">Luiz In\u00e1cio Lula da Silva<\/a> (PT) <a class href=\"https:\/\/g1.globo.com\/politica\/noticia\/2024\/01\/02\/lula-sanciona-com-vetos-lei-que-estabelece-regras-para-orcamento-de-2024.ghtml\">sancionou nesta ter\u00e7a-feira (2) a Lei de Diretrizes Or\u00e7ament\u00e1rias (LDO)<\/a>, que prev\u00ea as bases para o Or\u00e7amento de 2024. Entre outros valores, o texto define um repasse recorde para o financiamento das elei\u00e7\u00f5es municipais, via Fundo Eleitoral, deste ano. <\/p>\n<p> O \u201cguia\u201d do Or\u00e7amento deste ano estabelece um teto de <strong>R$ 4,9 bilh\u00f5es<\/strong> para o fundo \u2014 R$ 4 bilh\u00f5es acima do proposto inicialmente pelo Planalto ao enviar o projeto da LDO. <\/p>\n<p> O valor previsto na lei supera em mais de duas vezes o total destinado para as elei\u00e7\u00f5es municipais de 2020 (R$ 2 bilh\u00f5es). O recurso \u00e9 equivalente ao distribu\u00eddo para as elei\u00e7\u00f5es gerais de 2022 \u2014 presidente, governador, senador e deputado federal. <\/p>\n<p> A reserva tamb\u00e9m est\u00e1 prevista no <a class href=\"https:\/\/g1.globo.com\/politica\/noticia\/2023\/12\/22\/congresso-orcamento-de-2024-com-mais-recursos-para-fundo-eleitoral-e-recorde-para-emendas.ghtml\">projeto da Lei Or\u00e7ament\u00e1ria Anual (LOA), que j\u00e1 foi aprovado pelo Congresso e ainda tem de ser sancionado por Lula<\/a>. <\/p>\n<p> Para bancar o fundo, deputados e senadores aprovaram uma redu\u00e7\u00e3o no total previsto de emendas de bancadas estaduais com pagamento obrigat\u00f3rio pelo governo de R$ 12,5 bilh\u00f5es para R$ 8,5 bilh\u00f5es. <\/p>\n<p> Essa troca de emendas por fundo eleitoral foi criticada pelo presidente do Senado, <a class href=\"https:\/\/g1.globo.com\/tudo-sobre\/rodrigo-pacheco\/\">Rodrigo Pacheco<\/a> (PSD-MG), mas acabou inclu\u00edda no texto final e sancionada por <a class href=\"https:\/\/g1.globo.com\/politica\/politico\/lula\/\">Lula<\/a>. <\/p>\n<p>   Evolu\u00e7\u00e3o do Fundo Eleitoral *previsto na LDO   Fonte: Tribunal Superior Eleitoral (TSE)   <\/p>\n<p> O fundo foi criado em 2027 como alternativa ao fim do financiamento de campanhas por empresas privadas. Os recursos s\u00e3o distribu\u00eddos com base no n\u00famero de deputados federais e senadores eleitos pelas siglas na \u00faltima elei\u00e7\u00e3o. <\/p>\n<p> A verba deve ser aplicada exclusivamente no financiamento das campanhas eleitorais, e os partidos devem prestar contas de cada gasto ao <a class href=\"https:\/\/g1.globo.com\/tudo-sobre\/tribunal-superior-eleitoral\/\">Tribunal Superior Eleitoral<\/a> (TSE). Se houver sobras, o dinheiro volta para a conta do Tesouro Nacional. <\/p>\n<p><h2>Discuss\u00e3o no Congresso<\/h2>\n<\/p>\n<p> O aumento do Fundo Eleitoral foi articulado por parlamentares ao longo dos meses de discuss\u00e3o do Or\u00e7amento de 2024. <\/p>\n<p> A tentativa de \u201cinflar\u201d o montante proposto pelo governo recebeu apoio do presidente da C\u00e2mara, Arthur Lira (PP-AL), mas foi criticada por Pacheco. <\/p>\n<p> Durante a vota\u00e7\u00e3o da LOA, em 22 de dezembro, o <a class href=\"https:\/\/g1.globo.com\/politica\/noticia\/2023\/12\/22\/congresso-orcamento-de-2024-com-mais-recursos-para-fundo-eleitoral-e-recorde-para-emendas.ghtml\">presidente do Congresso chegou a sugerir a aprova\u00e7\u00e3o de um destaque que tinha o objetivo de desidratar o valor<\/a> e retomar a previs\u00e3o do governo. Tentou, ainda, uma alternativa para estabelecer um fundo de R$ 2 bilh\u00f5es. <\/p>\n<p>\u201cO Fundo Eleitoral, nas elei\u00e7\u00f5es de 2020, foi da ordem de R$ 2,34 bilh\u00f5es. Dois anos depois, na elei\u00e7\u00e3o de 2022, foi de R$ 4,961 bilh\u00f5es. Evidentemente, est\u00e1 claro que uma elei\u00e7\u00e3o municipal \u00e9 uma elei\u00e7\u00e3o menos complexa, \u00e9 menos custosa\u201d, declarou Pacheco na ocasi\u00e3o.<\/p>\n<p> Prevaleceu o entendimento das principais lideran\u00e7as partid\u00e1rias, e as alternativas de Pacheco foram derrotadas. <\/p>\n<ul>\n<li> <a href=\"https:\/\/g1.globo.com\/tudo-sobre\/congresso-nacional\/\" class=\"entities__list-itemLink\" data-track-click=\"Congresso Nacional\"> Congresso Nacional <\/a> <\/li>\n<li> <a href=\"https:\/\/g1.globo.com\/tudo-sobre\/luiz-inacio-lula-da-silva\/\" class=\"entities__list-itemLink\" data-track-click=\"Luiz In\u00e1cio Lula da Silva\"> Luiz In\u00e1cio Lula da Silva <\/a> <\/li>\n<li> <a href=\"https:\/\/g1.globo.com\/politica\/politico\/lula\/\" class=\"entities__list-itemLink\" data-track-click=\"Lula\"> Lula <\/a> <\/li>\n<li> <a href=\"https:\/\/g1.globo.com\/tudo-sobre\/rodrigo-pacheco\/\" class=\"entities__list-itemLink\" data-track-click=\"Rodrigo Pacheco\"> Rodrigo Pacheco <\/a> <\/li>\n<li> <a href=\"https:\/\/g1.globo.com\/tudo-sobre\/tribunal-superior-eleitoral\/\" class=\"entities__list-itemLink\" data-track-click=\"Tribunal Superior Eleitoral\"> Tribunal Superior Eleitoral <\/a> <\/li>\n<\/ul>\n<h3> <a id=\"js-next-article-desktop-link\" class=\"next-article-desktop-link\"><\/a> <\/h3>\n<h3> <a id=\"js-next-article-smart-link\" class=\"next-article-smart-link\"><\/a> <\/h3>\n<p>Veja tamb\u00e9m<\/p>\n<\/p>\n<\/p>\n<p>       Anterior   Pr\u00f3ximo     <\/p>\n","protected":false},"excerpt":{"rendered":"<p>Or\u00e7amento 2024: Lula sanciona LDO com valor recorde para financiar elei\u00e7\u00f5es municipais Texto, que estabelece as bases para o Or\u00e7amento da Uni\u00e3o, prev\u00ea repasse de at\u00e9 R$ 4,9 bilh\u00f5es para o Fundo Eleitoral. Proposta de lei or\u00e7ament\u00e1ria, que ainda tem de ser sancionada por Lula, retirou recursos de emendas estaduais para encaixar valor no Or\u00e7amento. [&hellip;]<\/p>\n","protected":false},"author":1,"featured_media":0,"comment_status":"closed","ping_status":"closed","sticky":false,"template":"","format":"standard","meta":{"footnotes":""},"categories":[],"tags":[],"class_list":["post-55953","post","type-post","status-publish","format-standard","hentry"],"_links":{"self":[{"href":"https:\/\/blog.corretoraideal.com.br\/index.php\/wp-json\/wp\/v2\/posts\/55953","targetHints":{"allow":["GET"]}}],"collection":[{"href":"https:\/\/blog.corretoraideal.com.br\/index.php\/wp-json\/wp\/v2\/posts"}],"about":[{"href":"https:\/\/blog.corretoraideal.com.br\/index.php\/wp-json\/wp\/v2\/types\/post"}],"author":[{"embeddable":true,"href":"https:\/\/blog.corretoraideal.com.br\/index.php\/wp-json\/wp\/v2\/users\/1"}],"replies":[{"embeddable":true,"href":"https:\/\/blog.corretoraideal.com.br\/index.php\/wp-json\/wp\/v2\/comments?post=55953"}],"version-history":[{"count":1,"href":"https:\/\/blog.corretoraideal.com.br\/index.php\/wp-json\/wp\/v2\/posts\/55953\/revisions"}],"predecessor-version":[{"id":55955,"href":"https:\/\/blog.corretoraideal.com.br\/index.php\/wp-json\/wp\/v2\/posts\/55953\/revisions\/55955"}],"wp:attachment":[{"href":"https:\/\/blog.corretoraideal.com.br\/index.php\/wp-json\/wp\/v2\/media?parent=55953"}],"wp:term":[{"taxonomy":"category","embeddable":true,"href":"https:\/\/blog.corretoraideal.com.br\/index.php\/wp-json\/wp\/v2\/categories?post=55953"},{"taxonomy":"post_tag","embeddable":true,"href":"https:\/\/blog.corretoraideal.com.br\/index.php\/wp-json\/wp\/v2\/tags?post=55953"}],"curies":[{"name":"wp","href":"https:\/\/api.w.org\/{rel}","templated":true}]}}