{"id":55956,"date":"2024-01-02T21:29:53","date_gmt":"2024-01-02T21:29:53","guid":{"rendered":"https:\/\/blog.corretoraideal.com.br\/?p=55956"},"modified":"2024-01-02T21:29:53","modified_gmt":"2024-01-02T21:29:53","slug":"ano-novo-nas-rodovias-federais-do-rj-teve-aumento-nos-numeros-de-acidentes-e-infracoes-regiao-serrana-g1","status":"publish","type":"post","link":"https:\/\/blog.corretoraideal.com.br\/index.php\/2024\/01\/02\/ano-novo-nas-rodovias-federais-do-rj-teve-aumento-nos-numeros-de-acidentes-e-infracoes-regiao-serrana-g1\/","title":{"rendered":"Ano Novo nas rodovias federais do RJ teve aumento nos n\u00fameros de acidentes e infra\u00e7\u00f5es | Regi\u00e3o Serrana | G1"},"content":{"rendered":"<br \/>\n<h1>Ano Novo nas rodovias federais do RJ teve aumento nos n\u00fameros de acidentes e infra\u00e7\u00f5es<\/h1>\n<h2>N\u00famero de mortos dobrou no per\u00edodo.<\/h2>\n<p> Por Rhayssa Motta, g1 &mdash; Petr\u00f3polis <\/p>\n<p>  02\/01\/2024 13h46    Atualizado  02\/01\/2024    <\/p>\n<p>                   1 de 1&#013;Movimento da BR-040, em Petr\u00f3polis, nesta ter\u00e7a-feira (2) \u2014 Foto: Carlos Miranda\/g1    <\/p>\n<p> Movimento da BR-040, em Petr\u00f3polis, nesta ter\u00e7a-feira (2) \u2014 Foto: Carlos Miranda\/g1 <\/p>\n<p> Segundo dados da Pol\u00edcia Rodovi\u00e1ria Federal (PRF), durante a opera\u00e7\u00e3o de Ano Novo nas rodovias federais do Rio de Janeiro, entre 29 de dezembro de 2023 a 1\u00ba de janeiro de 2024, foram registrados 57 acidentes, apresentando um aumento em rela\u00e7\u00e3o ao ano anterior, que contabilizou 48 ocorr\u00eancias no mesmo per\u00edodo. <\/p>\n<p> O n\u00famero de acidentes com feridos tamb\u00e9m subiu, passando de 34 em 2022 para 42 em 2023. O aumento mais preocupante foi nas fatalidades, que aumento de tr\u00eas para seis. <\/p>\n<p> As autua\u00e7\u00f5es tamb\u00e9m revelam um cen\u00e1rio cr\u00edtico. A alcoolemia no tr\u00e2nsito persiste, resultando em 23 autua\u00e7\u00f5es. <\/p>\n<p> A falta de respeito \u00e0s normas de seguran\u00e7a tamb\u00e9m foi evidente, com 329 condutores sem cinto de seguran\u00e7a e 150 condutores ou passageiros sem capacete. <\/p>\n<p> Ultrapassagens proibidas atingiram alarmantes 427 registros. Outro destaque negativo foi o uso do celular ao volante, respons\u00e1vel por 67 autua\u00e7\u00f5es. A falta de prote\u00e7\u00e3o adequada para crian\u00e7as em ve\u00edculos foi observada em 18 casos. <\/p>\n<p> No \u00e2mbito criminal, 30 pessoas foram detidas por diversos crimes, enquanto 11 ve\u00edculos foram recuperados. <\/p>\n<ul> <\/ul>\n<h3> <a id=\"js-next-article-desktop-link\" class=\"next-article-desktop-link\"><\/a> <\/h3>\n<h3> <a id=\"js-next-article-smart-link\" class=\"next-article-smart-link\"><\/a> <\/h3>\n<p>Veja tamb\u00e9m<\/p>\n<\/p>\n<\/p>\n<p>       Anterior   Pr\u00f3ximo     <\/p>\n","protected":false},"excerpt":{"rendered":"<p>Ano Novo nas rodovias federais do RJ teve aumento nos n\u00fameros de acidentes e infra\u00e7\u00f5es N\u00famero de mortos dobrou no per\u00edodo. Por Rhayssa Motta, g1 &mdash; Petr\u00f3polis 02\/01\/2024 13h46 Atualizado 02\/01\/2024 1 de 1&#013;Movimento da BR-040, em Petr\u00f3polis, nesta ter\u00e7a-feira (2) \u2014 Foto: Carlos Miranda\/g1 Movimento da BR-040, em Petr\u00f3polis, nesta ter\u00e7a-feira (2) \u2014 Foto: [&hellip;]<\/p>\n","protected":false},"author":1,"featured_media":0,"comment_status":"closed","ping_status":"closed","sticky":false,"template":"","format":"standard","meta":{"footnotes":""},"categories":[],"tags":[],"class_list":["post-55956","post","type-post","status-publish","format-standard","hentry"],"_links":{"self":[{"href":"https:\/\/blog.corretoraideal.com.br\/index.php\/wp-json\/wp\/v2\/posts\/55956","targetHints":{"allow":["GET"]}}],"collection":[{"href":"https:\/\/blog.corretoraideal.com.br\/index.php\/wp-json\/wp\/v2\/posts"}],"about":[{"href":"https:\/\/blog.corretoraideal.com.br\/index.php\/wp-json\/wp\/v2\/types\/post"}],"author":[{"embeddable":true,"href":"https:\/\/blog.corretoraideal.com.br\/index.php\/wp-json\/wp\/v2\/users\/1"}],"replies":[{"embeddable":true,"href":"https:\/\/blog.corretoraideal.com.br\/index.php\/wp-json\/wp\/v2\/comments?post=55956"}],"version-history":[{"count":1,"href":"https:\/\/blog.corretoraideal.com.br\/index.php\/wp-json\/wp\/v2\/posts\/55956\/revisions"}],"predecessor-version":[{"id":55958,"href":"https:\/\/blog.corretoraideal.com.br\/index.php\/wp-json\/wp\/v2\/posts\/55956\/revisions\/55958"}],"wp:attachment":[{"href":"https:\/\/blog.corretoraideal.com.br\/index.php\/wp-json\/wp\/v2\/media?parent=55956"}],"wp:term":[{"taxonomy":"category","embeddable":true,"href":"https:\/\/blog.corretoraideal.com.br\/index.php\/wp-json\/wp\/v2\/categories?post=55956"},{"taxonomy":"post_tag","embeddable":true,"href":"https:\/\/blog.corretoraideal.com.br\/index.php\/wp-json\/wp\/v2\/tags?post=55956"}],"curies":[{"name":"wp","href":"https:\/\/api.w.org\/{rel}","templated":true}]}}