{"id":55959,"date":"2024-01-02T23:29:39","date_gmt":"2024-01-02T23:29:39","guid":{"rendered":"https:\/\/blog.corretoraideal.com.br\/?p=55959"},"modified":"2024-01-02T23:29:39","modified_gmt":"2024-01-02T23:29:39","slug":"ibovespa-tem-queda-no-primeiro-pregao-de-2024-dolar-fecha-em-alta-e-vai-a-r-491-economia-g1","status":"publish","type":"post","link":"https:\/\/blog.corretoraideal.com.br\/index.php\/2024\/01\/02\/ibovespa-tem-queda-no-primeiro-pregao-de-2024-dolar-fecha-em-alta-e-vai-a-r-491-economia-g1\/","title":{"rendered":"Ibovespa tem queda no primeiro preg\u00e3o de 2024; d\u00f3lar fecha em alta, e vai a R$ 4,91 | Economia | G1"},"content":{"rendered":"<br \/>\n<h1>Ibovespa tem queda no primeiro preg\u00e3o de 2024; d\u00f3lar fecha em alta, e vai a R$ 4,91<\/h1>\n<h2>O principal \u00edndice de a\u00e7\u00f5es da bolsa de valores teve queda de 1,11%, aos 132.697 pontos. A moeda americana subiu 1,28%, cotada a R$ 4,9148.<\/h2>\n<p> Por g1 <\/p>\n<p>  02\/01\/2024 12h04    Atualizado  02\/01\/2024    <\/p>\n<p>                      1 de 1&#013;Painel mostra varia\u00e7\u00e3o de mercado na B3, em S\u00e3o Paulo. \u2014 Foto: Amanda Perobelli\/Reuters    <\/p>\n<p> Painel mostra varia\u00e7\u00e3o de mercado na B3, em S\u00e3o Paulo. \u2014 Foto: Amanda Perobelli\/Reuters <\/p>\n<p> No primeiro preg\u00e3o de 2024, o <a class href=\"https:\/\/g1.globo.com\/tudo-sobre\/ibovespa\/\">Ibovespa<\/a>, principal \u00edndice acion\u00e1rio da bolsa de valores brasileira, a <a class href=\"https:\/\/g1.globo.com\/tudo-sobre\/bmf-bovespa\/\">B3<\/a>, fechou em queda nesta ter\u00e7a-feira (2), em dia de pessimismo no mercado global. O d\u00f3lar fechou em alta, e chegou aos R$ 4,91. <\/p>\n<p> Apesar do notici\u00e1rio lento, os mercados come\u00e7am o ano negativos pela reavalia\u00e7\u00e3o dos agentes econ\u00f4micos sobre os rumos dos juros americanos. S\u00e3o altas as expectativas pela ata da reuni\u00e3o do Federal Reserve (<a class href=\"https:\/\/g1.globo.com\/tudo-sobre\/fed\/\">Fed<\/a>, banco central dos EUA), que ser\u00e1 divulgada nesta semana e pode dar mais pistas do que pensam os dirigentes da pol\u00edtica monet\u00e1ria dos <a class href=\"https:\/\/g1.globo.com\/tudo-sobre\/estados-unidos\/\">Estados Unidos<\/a>. <\/p>\n<p> Com base nos \u00faltimos discursos, analistas est\u00e3o mais pessimistas a respeito do momento em que as taxas ser\u00e3o cortadas, o que favoreceria os ativos de risco. Assim, o dia foi marcado pelo avan\u00e7o das Treasuries americanas, ativos mais seguros do mundo e destino dos investimentos em momentos de cautela. <\/p>\n<p> <strong>Veja abaixo o resumo dos mercados.<\/strong> <\/p>\n<p><h2>D\u00f3lar<\/h2>\n<\/p>\n<p> O d\u00f3lar fechou em alta de 1,28%, cotado a R$ 4,9148. <a class href=\"https:\/\/valor.globo.com\/valor-data\/\">Veja mais cota\u00e7\u00f5es.<\/a> <\/p>\n<p> No \u00faltimo preg\u00e3o de 2023, a moeda norte-americana fechou em alta de 0,41%, cotado a R$ 4,8525. <strong>No ano, por\u00e9m, terminou o ano com recuo de 8,06%.<\/strong> <\/p>\n<p> A m\u00e1xima hist\u00f3rica da moeda americana foi em <a class href=\"https:\/\/g1.globo.com\/economia\/noticia\/2020\/05\/13\/dolar.ghtml\">13 de maio de 2020, quando custava R$ 5,9007.<\/a> De l\u00e1 para c\u00e1, j\u00e1 acumula queda de quase 18%. <\/p>\n<p> Veja o balan\u00e7o final de 2023 abaixo. <\/p>\n<ul>\n<li><strong>queda de 0,17% na semana;<\/strong><\/li>\n<li><strong>recuo de 1,28% no m\u00eas;<\/strong><\/li>\n<li><strong>perda de 8,06% no ano.<\/strong><\/li>\n<\/ul>\n<p><h2>Ibovespa<\/h2>\n<\/p>\n<p> O Ibovespa teve queda de 1,11%, aos 132.697 pontos. <\/p>\n<p> No \u00faltimo preg\u00e3o de 2023, o \u00edndice fechou em queda de 0,01%, aos 134.185 pontos. <strong>No ano, a bolsa fechou com ganho de mais de 22,28%.<\/strong> <\/p>\n<p> Em termos anuais, este \u00e9 o melhor resultado desde 2019, quando o \u00edndice <a class href=\"https:\/\/g1.globo.com\/economia\/noticia\/2019\/12\/30\/bovespa.ghtml\">teve alta acumulada de 31,58%.<\/a> <\/p>\n<p> Veja o balan\u00e7o final de 2023 abaixo. <\/p>\n<ul>\n<li><strong>alta de 1,08% na semana;<\/strong><\/li>\n<li><strong>ganho de 5,38% no m\u00eas;<\/strong><\/li>\n<li><strong>alta de 22,28% no ano.<\/strong><\/li>\n<\/ul>\n<p> <strong>LEIA TAMB\u00c9M<\/strong> <\/p>\n<ul>\n<li><strong>DINHEIRO OU CART\u00c3O? <\/strong><a class href=\"https:\/\/g1.globo.com\/economia\/noticia\/2022\/03\/26\/dinheiro-ou-cartao-qual-a-melhor-forma-de-levar-dolares-em-viagens.ghtml\">Qual a melhor forma de levar d\u00f3lares em viagens?<\/a><\/li>\n<li><strong>D\u00d3LAR: <\/strong><a class href=\"https:\/\/g1.globo.com\/economia\/noticia\/2022\/04\/05\/dolar-qual-o-melhor-momento-para-comprar.ghtml\">Qual o melhor momento para comprar a moeda? <\/a><\/li>\n<\/ul>\n<p>                   <img loading=\"lazy\" decoding=\"async\" class=\"aligncenter size-full wp-image-55961\" src=\"https:\/\/blog.corretoraideal.com.br\/wp-content\/uploads\/2024\/01\/entenda-o-que-faz-o-dolar-subir-ou-descer.jpeg\" alt=\"Entenda o que faz o d\u00f3lar subir ou descer\" width=\"800\" height=\"400\" \/>       <\/p>\n<p> Entenda o que faz o d\u00f3lar subir ou descer <\/p>\n<p><h2>O que movimentou os mercados?<\/h2>\n<\/p>\n<p> O principal factual vem do exterior. O dia \u00e9 de refor\u00e7o global do d\u00f3lar com o receio do mercado sobre os juros nos EUA, trazendo junto um aumento dos rendimentos das Tresuries americanas. <\/p>\n<p> O mercado espera a ata da reuni\u00e3o do Federal Reserve (Fed, banco central dos EUA), que ser\u00e1 divulgada nesta semana, para avaliar as pistas dos rumos dos juros no pa\u00eds. Al\u00e9m de pressionar a cota\u00e7\u00e3o da moeda americana, o fen\u00f4meno eleva o juro futuro aqui e fora. <\/p>\n<p> Como reporta a ag\u00eancia Reuters, as expectativas de mercado precificavam corte de 1,5 ponto percentual nos juros do Fed este ano, abaixo do 1,6 ponto visto na semana passada. Essa redu\u00e7\u00e3o reflete temores de que, talvez, o banco central norte-americano n\u00e3o poder\u00e1 ser t\u00e3o brando na condu\u00e7\u00e3o da pol\u00edtica monet\u00e1ria quanto o previsto no final do ano passado. <\/p>\n<p> &quot;Concordamos amplamente com as opini\u00f5es de (Thomas) Barkin, (John) Williams e outros (diretores do Fed) que acreditam que \u00e9 muito cedo para falar sobre cortes de taxas&quot;, disse em relat\u00f3rio Jaime Valdivia, economista-chefe da Gal\u00e1pagos Capital. <\/p>\n<p> &quot;Um ciclo prematuro de cortes de taxas nos EUA nos preocupa pelos seguintes motivos: as expectativas de infla\u00e7\u00e3o de curto prazo permanecem elevadas e a infla\u00e7\u00e3o n\u00facleo de servi\u00e7os ainda \u00e9 bastante persistente.&quot; <\/p>\n<p> Al\u00e9m da ata do Fed, o principal indicador da semana \u00e9 o relat\u00f3rio de emprego dos EUA (&quot;payroll&quot;), que dar\u00e1 mais indicativos da situa\u00e7\u00e3o econ\u00f4mica do pa\u00eds e de que rumo o Fed deve tomar na condu\u00e7\u00e3o dos juros americanos. <\/p>\n<p> Por aqui, ainda com agenda fraca, o Banco Central <a class href=\"https:\/\/g1.globo.com\/economia\/noticia\/2024\/01\/02\/mercado-financeiro-preve-inflacao-de-39percent-dolar-a-r-5-e-crescimento-de-152percent-para-a-economia-em-2024.ghtml\">divulgou nesta ter\u00e7a-feira o primeiro boletim Focus deste ano<\/a>. Economistas do mercado financeiro preveem que o Brasil feche o ano de 2024<strong> com infla\u00e7\u00e3o de 3,9%, crescimento econ\u00f4mico de 1,52% e com o d\u00f3lar cotado a R$ 5.<\/strong> <\/p>\n<p> As proje\u00e7\u00f5es indicam estabilidade em rela\u00e7\u00e3o \u00e0 edi\u00e7\u00e3o anterior do Focus, divulgada na semana passada. A \u00fanica varia\u00e7\u00e3o foi na previs\u00e3o de infla\u00e7\u00e3o, que caiu de 3,91% para 3,90%. J\u00e1 para o juro b\u00e1sico da economia neste ano, <strong>a previs\u00e3o recuou de 9,25% para 9% ao ano.<\/strong> <\/p>\n<p> Para o ano de 2023, a proje\u00e7\u00e3o da infla\u00e7\u00e3o oficial \u00e9 de 4,46% pelo \u00cdndice Nacional de Pre\u00e7os ao Consumidor Amplo (IPCA). Sobre o resultado do Produto Interno Bruto (PIB) de 2023, o mercado financeiro manteve a proje\u00e7\u00e3o de crescimento em 2,92%. <\/p>\n<p> No dia 31, depois do \u00faltimo preg\u00e3o, o presidente <a class href=\"https:\/\/g1.globo.com\/tudo-sobre\/luiz-inacio-lula-da-silva\/\">Luiz In\u00e1cio Lula da Silva<\/a> (PT) sancionou, com vetos, a <a class href=\"https:\/\/g1.globo.com\/politica\/noticia\/2023\/12\/31\/lula-sanciona-lei-que-regulamenta-apostas-esportivas-mas-veta-isencao-de-ir-para-ganhos-de-ate-r-21-mil.ghtml\">lei que regulamenta o mercado de apostas esportivas online<\/a> no Brasil, as chamadas bets. <\/p>\n<p> A lei sancionada tributa empresas e apostadores, bem como estabelece regras para a explora\u00e7\u00e3o das apostas e define a distribui\u00e7\u00e3o dos recursos arrecadados pelo governo com a atividade. Segundo c\u00e1lculos iniciais do Executivo, a tributa\u00e7\u00e3o de jogos e apostas virtuais deve destinar aos cofres p\u00fablicos pelo menos R$ 10 bilh\u00f5es. <\/p>\n<p> Tamb\u00e9m no fim da semana passada foi divulgada a taxa de desemprego no Brasil, <a class href=\"https:\/\/g1.globo.com\/economia\/noticia\/2023\/12\/29\/desemprego-cai-a-75percent-no-trimestre-terminado-em-novembro-diz-ibge.ghtml\">que foi de 7,5% no trimestre m\u00f3vel terminado em novembro.<\/a> Em rela\u00e7\u00e3o ao trimestre imediatamente anterior, entre junho e agosto, o per\u00edodo traz redu\u00e7\u00e3o de 0,3 ponto percentual (7,8%) na taxa de desocupa\u00e7\u00e3o. <\/p>\n<p> A taxa trimestral \u00e9 a menor desde fevereiro de 2015, quando tamb\u00e9m era de 7,5%. Com os resultados deste trimestre, o n\u00famero absoluto de desocupados ficou est\u00e1vel contra o trimestre anterior, em 8,2 milh\u00f5es de pessoas. <\/p>\n<p> No trimestre, houve crescimento de 0,9% na popula\u00e7\u00e3o ocupada, que chegou ao recorde de 100,5 milh\u00f5es de pessoas, maior n\u00famero da s\u00e9rie hist\u00f3rica iniciada em 2012. <\/p>\n<ul>\n<li> <a href=\"https:\/\/g1.globo.com\/politica\/politico\/alexandre-padilha\/\" class=\"entities__list-itemLink\" data-track-click=\"Alexandre Padilha\"> Alexandre Padilha <\/a> <\/li>\n<li> <a href=\"https:\/\/g1.globo.com\/tudo-sobre\/bmf-bovespa\/\" class=\"entities__list-itemLink\" data-track-click=\"B3\"> B3 <\/a> <\/li>\n<li> <a href=\"https:\/\/g1.globo.com\/tudo-sobre\/banco-central-do-brasil\/\" class=\"entities__list-itemLink\" data-track-click=\"Banco Central do Brasil\"> Banco Central do Brasil <\/a> <\/li>\n<li> <a href=\"https:\/\/g1.globo.com\/tudo-sobre\/cmn\/\" class=\"entities__list-itemLink\" data-track-click=\"CMN\"> CMN <\/a> <\/li>\n<li> <a href=\"https:\/\/g1.globo.com\/tudo-sobre\/congresso-nacional\/\" class=\"entities__list-itemLink\" data-track-click=\"Congresso Nacional\"> Congresso Nacional <\/a> <\/li>\n<li> <a href=\"https:\/\/g1.globo.com\/tudo-sobre\/copom\/\" class=\"entities__list-itemLink\" data-track-click=\"Copom\"> Copom <\/a> <\/li>\n<li> <a href=\"https:\/\/g1.globo.com\/tudo-sobre\/estados-unidos\/\" class=\"entities__list-itemLink\" data-track-click=\"Estados Unidos\"> Estados Unidos <\/a> <\/li>\n<li> <a href=\"https:\/\/g1.globo.com\/tudo-sobre\/fed\/\" class=\"entities__list-itemLink\" data-track-click=\"FED\"> FED <\/a> <\/li>\n<li> <a href=\"https:\/\/g1.globo.com\/tudo-sobre\/fgv\/\" class=\"entities__list-itemLink\" data-track-click=\"FGV\"> FGV <\/a> <\/li>\n<li> <a href=\"https:\/\/g1.globo.com\/politica\/politico\/fernando-haddad\/\" class=\"entities__list-itemLink\" data-track-click=\"Fernando Haddad\"> Fernando Haddad <\/a> <\/li>\n<li> <a href=\"https:\/\/g1.globo.com\/tudo-sobre\/ibge\/\" class=\"entities__list-itemLink\" data-track-click=\"IBGE\"> IBGE <\/a> <\/li>\n<li> <a href=\"https:\/\/g1.globo.com\/tudo-sobre\/ibovespa\/\" class=\"entities__list-itemLink\" data-track-click=\"Ibovespa\"> Ibovespa <\/a> <\/li>\n<li> <a href=\"https:\/\/g1.globo.com\/tudo-sobre\/luiz-inacio-lula-da-silva\/\" class=\"entities__list-itemLink\" data-track-click=\"Luiz In\u00e1cio Lula da Silva\"> Luiz In\u00e1cio Lula da Silva <\/a> <\/li>\n<li> <a href=\"https:\/\/g1.globo.com\/tudo-sobre\/petrobras\/\" class=\"entities__list-itemLink\" data-track-click=\"Petrobras\"> Petrobras <\/a> <\/li>\n<\/ul>\n<h3> <a id=\"js-next-article-desktop-link\" class=\"next-article-desktop-link\"><\/a> <\/h3>\n<h3> <a id=\"js-next-article-smart-link\" class=\"next-article-smart-link\"><\/a> <\/h3>\n<p>Veja tamb\u00e9m<\/p>\n<\/p>\n<\/p>\n<p>       Anterior   Pr\u00f3ximo     <\/p>\n","protected":false},"excerpt":{"rendered":"<p>Ibovespa tem queda no primeiro preg\u00e3o de 2024; d\u00f3lar fecha em alta, e vai a R$ 4,91 O principal \u00edndice de a\u00e7\u00f5es da bolsa de valores teve queda de 1,11%, aos 132.697 pontos. A moeda americana subiu 1,28%, cotada a R$ 4,9148. Por g1 02\/01\/2024 12h04 Atualizado 02\/01\/2024 1 de 1&#013;Painel mostra varia\u00e7\u00e3o de mercado [&hellip;]<\/p>\n","protected":false},"author":1,"featured_media":0,"comment_status":"closed","ping_status":"closed","sticky":false,"template":"","format":"standard","meta":{"footnotes":""},"categories":[],"tags":[],"class_list":["post-55959","post","type-post","status-publish","format-standard","hentry"],"_links":{"self":[{"href":"https:\/\/blog.corretoraideal.com.br\/index.php\/wp-json\/wp\/v2\/posts\/55959","targetHints":{"allow":["GET"]}}],"collection":[{"href":"https:\/\/blog.corretoraideal.com.br\/index.php\/wp-json\/wp\/v2\/posts"}],"about":[{"href":"https:\/\/blog.corretoraideal.com.br\/index.php\/wp-json\/wp\/v2\/types\/post"}],"author":[{"embeddable":true,"href":"https:\/\/blog.corretoraideal.com.br\/index.php\/wp-json\/wp\/v2\/users\/1"}],"replies":[{"embeddable":true,"href":"https:\/\/blog.corretoraideal.com.br\/index.php\/wp-json\/wp\/v2\/comments?post=55959"}],"version-history":[{"count":1,"href":"https:\/\/blog.corretoraideal.com.br\/index.php\/wp-json\/wp\/v2\/posts\/55959\/revisions"}],"predecessor-version":[{"id":55962,"href":"https:\/\/blog.corretoraideal.com.br\/index.php\/wp-json\/wp\/v2\/posts\/55959\/revisions\/55962"}],"wp:attachment":[{"href":"https:\/\/blog.corretoraideal.com.br\/index.php\/wp-json\/wp\/v2\/media?parent=55959"}],"wp:term":[{"taxonomy":"category","embeddable":true,"href":"https:\/\/blog.corretoraideal.com.br\/index.php\/wp-json\/wp\/v2\/categories?post=55959"},{"taxonomy":"post_tag","embeddable":true,"href":"https:\/\/blog.corretoraideal.com.br\/index.php\/wp-json\/wp\/v2\/tags?post=55959"}],"curies":[{"name":"wp","href":"https:\/\/api.w.org\/{rel}","templated":true}]}}