{"id":55963,"date":"2024-01-03T02:29:37","date_gmt":"2024-01-03T02:29:37","guid":{"rendered":"https:\/\/blog.corretoraideal.com.br\/?p=55963"},"modified":"2024-01-03T02:29:37","modified_gmt":"2024-01-03T02:29:37","slug":"dois-homens-sao-baleados-em-comunidade-de-campos-no-rj-norte-fluminense-g1","status":"publish","type":"post","link":"https:\/\/blog.corretoraideal.com.br\/index.php\/2024\/01\/03\/dois-homens-sao-baleados-em-comunidade-de-campos-no-rj-norte-fluminense-g1\/","title":{"rendered":"Dois homens s\u00e3o baleados em comunidade de Campos, no RJ | Norte Fluminense | G1"},"content":{"rendered":"<br \/>\n<h1>Dois homens s\u00e3o baleados em comunidade de Campos, no RJ<\/h1>\n<h2>Segundo a pol\u00edcia, as pessoas se feriram durante um ataque da fac\u00e7\u00e3o rival da regi\u00e3o, o caso segue em investiga\u00e7\u00e3o.<\/h2>\n<p> Por Yuri Ramos, g1 &mdash; Campos <\/p>\n<p>  02\/01\/2024 11h10    Atualizado  02\/01\/2024    <\/p>\n<p> Dois homens foram baleados nesta segunda-feira (1\u00ba) no distrito de Travess\u00e3o, em Campos dos Goytacazes, no Norte Fluminense. <\/p>\n<p> Segundo a Pol\u00edcia Militar, o caso aconteceu na comunidade do Santu\u00e1rio. Com a chegada dos PMs no local, os homens fugiram e entraram em uma resid\u00eancia que seria do chefe do tr\u00e1fico de drogas do local. <\/p>\n<p> Ainda de acordo com a PM, no primeiro momento, os policiais n\u00e3o conseguiram entrar na casa para verificar a situa\u00e7\u00e3o porque o homem estava com um cachorro e acompanhado da mulher e n\u00e3o liberou a entrada. Depois, os policiais conseguiram fazer o trabalho de buscas pelo quintal da casa e revistaram os homens do lado de fora da resid\u00eancia. <\/p>\n<p> Os homens contaram que tinham sofrido um ataque a tiros minutos antes perto de um bar, onde dois homens foram baleados e levados para uma unidade hospitalar da regi\u00e3o. As pessoas foram transferidas para o Hospital Ferreira Machado, onde ficaram em observa\u00e7\u00e3o sem risco de morte. <\/p>\n<p> O caso foi registrado na 146\u00aa Delegacia de Guarus. <\/p>\n<ul> <\/ul>\n<h3> <a id=\"js-next-article-desktop-link\" class=\"next-article-desktop-link\"><\/a> <\/h3>\n<h3> <a id=\"js-next-article-smart-link\" class=\"next-article-smart-link\"><\/a> <\/h3>\n<p>Veja tamb\u00e9m<\/p>\n<\/p>\n<\/p>\n<p>       Anterior   Pr\u00f3ximo     <\/p>\n","protected":false},"excerpt":{"rendered":"<p>Dois homens s\u00e3o baleados em comunidade de Campos, no RJ Segundo a pol\u00edcia, as pessoas se feriram durante um ataque da fac\u00e7\u00e3o rival da regi\u00e3o, o caso segue em investiga\u00e7\u00e3o. Por Yuri Ramos, g1 &mdash; Campos 02\/01\/2024 11h10 Atualizado 02\/01\/2024 Dois homens foram baleados nesta segunda-feira (1\u00ba) no distrito de Travess\u00e3o, em Campos dos Goytacazes, [&hellip;]<\/p>\n","protected":false},"author":1,"featured_media":0,"comment_status":"closed","ping_status":"closed","sticky":false,"template":"","format":"standard","meta":{"footnotes":""},"categories":[],"tags":[],"class_list":["post-55963","post","type-post","status-publish","format-standard","hentry"],"_links":{"self":[{"href":"https:\/\/blog.corretoraideal.com.br\/index.php\/wp-json\/wp\/v2\/posts\/55963","targetHints":{"allow":["GET"]}}],"collection":[{"href":"https:\/\/blog.corretoraideal.com.br\/index.php\/wp-json\/wp\/v2\/posts"}],"about":[{"href":"https:\/\/blog.corretoraideal.com.br\/index.php\/wp-json\/wp\/v2\/types\/post"}],"author":[{"embeddable":true,"href":"https:\/\/blog.corretoraideal.com.br\/index.php\/wp-json\/wp\/v2\/users\/1"}],"replies":[{"embeddable":true,"href":"https:\/\/blog.corretoraideal.com.br\/index.php\/wp-json\/wp\/v2\/comments?post=55963"}],"version-history":[{"count":1,"href":"https:\/\/blog.corretoraideal.com.br\/index.php\/wp-json\/wp\/v2\/posts\/55963\/revisions"}],"predecessor-version":[{"id":55965,"href":"https:\/\/blog.corretoraideal.com.br\/index.php\/wp-json\/wp\/v2\/posts\/55963\/revisions\/55965"}],"wp:attachment":[{"href":"https:\/\/blog.corretoraideal.com.br\/index.php\/wp-json\/wp\/v2\/media?parent=55963"}],"wp:term":[{"taxonomy":"category","embeddable":true,"href":"https:\/\/blog.corretoraideal.com.br\/index.php\/wp-json\/wp\/v2\/categories?post=55963"},{"taxonomy":"post_tag","embeddable":true,"href":"https:\/\/blog.corretoraideal.com.br\/index.php\/wp-json\/wp\/v2\/tags?post=55963"}],"curies":[{"name":"wp","href":"https:\/\/api.w.org\/{rel}","templated":true}]}}