{"id":55970,"date":"2024-01-03T14:29:45","date_gmt":"2024-01-03T14:29:45","guid":{"rendered":"https:\/\/blog.corretoraideal.com.br\/?p=55970"},"modified":"2024-01-03T14:29:45","modified_gmt":"2024-01-03T14:29:45","slug":"dolar-abre-em-alta-e-chega-a-r-493-esperando-pistas-sobre-juros-na-ata-do-fed-ibovespa-tem-queda-economia-g1","status":"publish","type":"post","link":"https:\/\/blog.corretoraideal.com.br\/index.php\/2024\/01\/03\/dolar-abre-em-alta-e-chega-a-r-493-esperando-pistas-sobre-juros-na-ata-do-fed-ibovespa-tem-queda-economia-g1\/","title":{"rendered":"D\u00f3lar abre em alta e chega a R$ 4,93, esperando pistas sobre juros na ata do Fed; Ibovespa tem queda | Economia | G1"},"content":{"rendered":"<br \/>\n<h1>D\u00f3lar abre em alta e chega a R$ 4,93, esperando pistas sobre juros na ata do Fed; Ibovespa tem queda<\/h1>\n<h2>Na v\u00e9spera, a moeda americana subiu 1,28%, cotada a R$ 4,9148. J\u00e1 o Ibovespa, principal \u00edndice de a\u00e7\u00f5es da bolsa de valores, teve queda de 1,11%, aos 132.697 pontos. <\/h2>\n<p> Por g1 <\/p>\n<p>  03\/01\/2024 09h04    Atualizado  03\/01\/2024    <\/p>\n<p>                      1 de 1&#013;C\u00e9dulas de d\u00f3lar \u2014 Foto: bearfotos\/Freepik    <\/p>\n<p> C\u00e9dulas de d\u00f3lar \u2014 Foto: bearfotos\/Freepik <\/p>\n<p> O d\u00f3lar abriu em alta nesta quarta-feira (3), em mais um dia de mercado global receoso. S\u00e3o altas as expectativas pela ata da reuni\u00e3o do Federal Reserve (<a class href=\"https:\/\/g1.globo.com\/tudo-sobre\/fed\/\">Fed<\/a>, banco central dos EUA), que ser\u00e1 divulgada hoje e pode dar mais pistas do que pensam os dirigentes da pol\u00edtica monet\u00e1ria dos <a class href=\"https:\/\/g1.globo.com\/tudo-sobre\/estados-unidos\/\">Estados Unidos<\/a>. <\/p>\n<p> Com base nos \u00faltimos discursos, analistas est\u00e3o mais pessimistas a respeito do momento em que as taxas ser\u00e3o cortadas, o que favoreceria os ativos de risco. Nessa esteira pessimista, o <a class href=\"https:\/\/g1.globo.com\/tudo-sobre\/ibovespa\/\">Ibovespa<\/a>, principal \u00edndice acion\u00e1rio da bolsa de valores brasileira, a <a class href=\"https:\/\/g1.globo.com\/tudo-sobre\/bmf-bovespa\/\">B3<\/a>, opera em queda. <\/p>\n<p> <strong>Veja abaixo o resumo dos mercados.<\/strong> <\/p>\n<p><h2>D\u00f3lar<\/h2>\n<\/p>\n<p> \u00c0s 10h10, o d\u00f3lar operava em alta de 0,34%, cotado a R$ 4,9315. <a class href=\"https:\/\/valor.globo.com\/valor-data\/\">Veja mais cota\u00e7\u00f5es.<\/a> <\/p>\n<p> Na v\u00e9spera, a moeda americana teve alta de 1,28%, vendida a R$ 4,9148. <\/p>\n<p> <strong>No ano de 2023, por\u00e9m, terminou o ano com recuo de 8,06%.<\/strong> A m\u00e1xima hist\u00f3rica da moeda americana foi em <a class href=\"https:\/\/g1.globo.com\/economia\/noticia\/2020\/05\/13\/dolar.ghtml\">13 de maio de 2020, quando custava R$ 5,9007.<\/a> De l\u00e1 para c\u00e1, j\u00e1 acumula queda de quase 18%. <\/p>\n<p> Veja o balan\u00e7o final de 2023 abaixo. <\/p>\n<ul>\n<li><strong>queda de 0,17% na semana;<\/strong><\/li>\n<li><strong>recuo de 1,28% no m\u00eas;<\/strong><\/li>\n<li><strong>perda de 8,06% no ano.<\/strong><\/li>\n<\/ul>\n<p><h2>Ibovespa<\/h2>\n<\/p>\n<p> No mesmo hor\u00e1rio, o Ibovespa opera em queda de 0,15%, aos 132.503 pontos. <\/p>\n<p> Na v\u00e9spera, o \u00edndice teve queda de 1,11%, aos 132.697 pontos. <\/p>\n<p> <strong>No ano passado, a bolsa fechou com ganho de mais de 22,28%.<\/strong><strong> <\/strong>Em termos anuais, este \u00e9 o melhor resultado desde 2019, quando o \u00edndice <a class href=\"https:\/\/g1.globo.com\/economia\/noticia\/2019\/12\/30\/bovespa.ghtml\">teve alta acumulada de 31,58%.<\/a> <\/p>\n<p> Veja o balan\u00e7o final de 2023 abaixo. <\/p>\n<ul>\n<li><strong>alta de 1,08% na semana;<\/strong><\/li>\n<li><strong>ganho de 5,38% no m\u00eas;<\/strong><\/li>\n<li><strong>alta de 22,28% no ano.<\/strong><\/li>\n<\/ul>\n<p> <strong>LEIA TAMB\u00c9M<\/strong> <\/p>\n<ul>\n<li><strong>DINHEIRO OU CART\u00c3O? <\/strong><a class href=\"https:\/\/g1.globo.com\/economia\/noticia\/2022\/03\/26\/dinheiro-ou-cartao-qual-a-melhor-forma-de-levar-dolares-em-viagens.ghtml\">Qual a melhor forma de levar d\u00f3lares em viagens?<\/a><\/li>\n<li><strong>D\u00d3LAR: <\/strong><a class href=\"https:\/\/g1.globo.com\/economia\/noticia\/2022\/04\/05\/dolar-qual-o-melhor-momento-para-comprar.ghtml\">Qual o melhor momento para comprar a moeda? <\/a><\/li>\n<\/ul>\n<p>                   <img loading=\"lazy\" decoding=\"async\" class=\"aligncenter size-full wp-image-55972\" src=\"https:\/\/blog.corretoraideal.com.br\/wp-content\/uploads\/2024\/01\/entenda-o-que-faz-o-dolar-subir-ou-descer-1.jpeg\" alt=\"Entenda o que faz o d\u00f3lar subir ou descer\" width=\"800\" height=\"400\" \/>       <\/p>\n<p> Entenda o que faz o d\u00f3lar subir ou descer <\/p>\n<p><h2>O que movimentou os mercados?<\/h2>\n<\/p>\n<p> O principal factual desta quarta-feira \u00e9 a divulga\u00e7\u00e3o da ata da reuni\u00e3o do Federal Reserve (Fed, banco central dos EUA). Investidores avaliam as pistas dos rumos dos juros no pa\u00eds, depois de uma onda de pessimismo sobre o momento e velocidade de redu\u00e7\u00e3o das taxas. <\/p>\n<p> Como reporta a ag\u00eancia Reuters, as expectativas de mercado precificavam corte de 1,5 ponto percentual nos juros do Fed este ano, abaixo do 1,6 ponto visto na semana passada. Essa redu\u00e7\u00e3o reflete temores de que, talvez, o banco central norte-americano n\u00e3o poder\u00e1 ser t\u00e3o brando na condu\u00e7\u00e3o da pol\u00edtica monet\u00e1ria quanto o previsto no final do ano passado. <\/p>\n<p> O \u00edndice DXY, que compara o d\u00f3lar a uma cesta de seis moedas de economias desenvolvidas, tinha alta de 0,18% pela manh\u00e3. <\/p>\n<p> Tamb\u00e9m nesta quarta ser\u00e3o divulgados os n\u00fameros do relat\u00f3rio Jolts, que mostra as condi\u00e7\u00f5es de oferta e demanda de m\u00e3o de obra no pa\u00eds. Mas a expectativa maior \u00e9 para o principal indicador da semana, o relat\u00f3rio de emprego dos EUA (&quot;payroll&quot;), que \u00e9 um dos mais analisados pelo Fed e dar\u00e1 mais indicativos da situa\u00e7\u00e3o econ\u00f4mica do pa\u00eds na sexta-feira. <\/p>\n<p> Por aqui, h\u00e1 repercuss\u00e3o da <a class href=\"https:\/\/g1.globo.com\/politica\/noticia\/2024\/01\/02\/lula-sanciona-com-vetos-lei-que-estabelece-regras-para-orcamento-de-2024.ghtml\">san\u00e7\u00e3o com vetos da Lei de Diretrizes Or\u00e7ament\u00e1rias (LDO) de 2024<\/a> pelo presidente <a class href=\"https:\/\/g1.globo.com\/tudo-sobre\/luiz-inacio-lula-da-silva\/\">Luiz In\u00e1cio Lula da Silva<\/a>. O texto estabelece as regras para a execu\u00e7\u00e3o do Or\u00e7amento deste ano. <\/p>\n<p> Entre os trechos vetados, est\u00e1 um &quot;cronograma&quot; definido pelo Congresso para a execu\u00e7\u00e3o das emendas parlamentares \u2013 que tinha o objetivo de aumentar o poder do parlamento sobre os gastos e, com isso, diminuir a barganha para liberar o dinheiro na v\u00e9spera de vota\u00e7\u00f5es importantes. <\/p>\n<p> Lula tamb\u00e9m vetou um trecho inclu\u00eddo pela oposi\u00e7\u00e3o conservadora no Congresso que proibia supostos gastos que afrontassem os &quot;valores tradicionais&quot; \u2013 por exemplo, despesas ligadas a aborto e a cirurgias de redesigna\u00e7\u00e3o sexual. <\/p>\n<p> S\u00e3o temas que podem gerar ru\u00eddo no Parlamento, mas o deputado Danilo Forte, do Uni\u00e3o Brasil, relator da lei, disse que os vetos afetam o grande objetivo da LDO, que segundo ele \u00e9 conferir maior previsibilidade e transpar\u00eancia na execu\u00e7\u00e3o do Or\u00e7amento. <\/p>\n<ul>\n<li> <a href=\"https:\/\/g1.globo.com\/politica\/politico\/alexandre-padilha\/\" class=\"entities__list-itemLink\" data-track-click=\"Alexandre Padilha\"> Alexandre Padilha <\/a> <\/li>\n<li> <a href=\"https:\/\/g1.globo.com\/tudo-sobre\/bmf-bovespa\/\" class=\"entities__list-itemLink\" data-track-click=\"B3\"> B3 <\/a> <\/li>\n<li> <a href=\"https:\/\/g1.globo.com\/tudo-sobre\/banco-central-do-brasil\/\" class=\"entities__list-itemLink\" data-track-click=\"Banco Central do Brasil\"> Banco Central do Brasil <\/a> <\/li>\n<li> <a href=\"https:\/\/g1.globo.com\/tudo-sobre\/cmn\/\" class=\"entities__list-itemLink\" data-track-click=\"CMN\"> CMN <\/a> <\/li>\n<li> <a href=\"https:\/\/g1.globo.com\/tudo-sobre\/congresso-nacional\/\" class=\"entities__list-itemLink\" data-track-click=\"Congresso Nacional\"> Congresso Nacional <\/a> <\/li>\n<li> <a href=\"https:\/\/g1.globo.com\/tudo-sobre\/copom\/\" class=\"entities__list-itemLink\" data-track-click=\"Copom\"> Copom <\/a> <\/li>\n<li> <a href=\"https:\/\/g1.globo.com\/tudo-sobre\/estados-unidos\/\" class=\"entities__list-itemLink\" data-track-click=\"Estados Unidos\"> Estados Unidos <\/a> <\/li>\n<li> <a href=\"https:\/\/g1.globo.com\/tudo-sobre\/fed\/\" class=\"entities__list-itemLink\" data-track-click=\"FED\"> FED <\/a> <\/li>\n<li> <a href=\"https:\/\/g1.globo.com\/tudo-sobre\/fgv\/\" class=\"entities__list-itemLink\" data-track-click=\"FGV\"> FGV <\/a> <\/li>\n<li> <a href=\"https:\/\/g1.globo.com\/politica\/politico\/fernando-haddad\/\" class=\"entities__list-itemLink\" data-track-click=\"Fernando Haddad\"> Fernando Haddad <\/a> <\/li>\n<li> <a href=\"https:\/\/g1.globo.com\/tudo-sobre\/ibge\/\" class=\"entities__list-itemLink\" data-track-click=\"IBGE\"> IBGE <\/a> <\/li>\n<li> <a href=\"https:\/\/g1.globo.com\/tudo-sobre\/ibovespa\/\" class=\"entities__list-itemLink\" data-track-click=\"Ibovespa\"> Ibovespa <\/a> <\/li>\n<li> <a href=\"https:\/\/g1.globo.com\/tudo-sobre\/luiz-inacio-lula-da-silva\/\" class=\"entities__list-itemLink\" data-track-click=\"Luiz In\u00e1cio Lula da Silva\"> Luiz In\u00e1cio Lula da Silva <\/a> <\/li>\n<li> <a href=\"https:\/\/g1.globo.com\/tudo-sobre\/petrobras\/\" class=\"entities__list-itemLink\" data-track-click=\"Petrobras\"> Petrobras <\/a> <\/li>\n<\/ul>\n<h3> <a id=\"js-next-article-desktop-link\" class=\"next-article-desktop-link\"><\/a> <\/h3>\n<h3> <a id=\"js-next-article-smart-link\" class=\"next-article-smart-link\"><\/a> <\/h3>\n<p>Veja tamb\u00e9m<\/p>\n<\/p>\n<\/p>\n<p>       Anterior   Pr\u00f3ximo     <\/p>\n","protected":false},"excerpt":{"rendered":"<p>D\u00f3lar abre em alta e chega a R$ 4,93, esperando pistas sobre juros na ata do Fed; Ibovespa tem queda Na v\u00e9spera, a moeda americana subiu 1,28%, cotada a R$ 4,9148. J\u00e1 o Ibovespa, principal \u00edndice de a\u00e7\u00f5es da bolsa de valores, teve queda de 1,11%, aos 132.697 pontos. Por g1 03\/01\/2024 09h04 Atualizado 03\/01\/2024 [&hellip;]<\/p>\n","protected":false},"author":1,"featured_media":0,"comment_status":"closed","ping_status":"closed","sticky":false,"template":"","format":"standard","meta":{"footnotes":""},"categories":[],"tags":[],"class_list":["post-55970","post","type-post","status-publish","format-standard","hentry"],"_links":{"self":[{"href":"https:\/\/blog.corretoraideal.com.br\/index.php\/wp-json\/wp\/v2\/posts\/55970","targetHints":{"allow":["GET"]}}],"collection":[{"href":"https:\/\/blog.corretoraideal.com.br\/index.php\/wp-json\/wp\/v2\/posts"}],"about":[{"href":"https:\/\/blog.corretoraideal.com.br\/index.php\/wp-json\/wp\/v2\/types\/post"}],"author":[{"embeddable":true,"href":"https:\/\/blog.corretoraideal.com.br\/index.php\/wp-json\/wp\/v2\/users\/1"}],"replies":[{"embeddable":true,"href":"https:\/\/blog.corretoraideal.com.br\/index.php\/wp-json\/wp\/v2\/comments?post=55970"}],"version-history":[{"count":1,"href":"https:\/\/blog.corretoraideal.com.br\/index.php\/wp-json\/wp\/v2\/posts\/55970\/revisions"}],"predecessor-version":[{"id":55973,"href":"https:\/\/blog.corretoraideal.com.br\/index.php\/wp-json\/wp\/v2\/posts\/55970\/revisions\/55973"}],"wp:attachment":[{"href":"https:\/\/blog.corretoraideal.com.br\/index.php\/wp-json\/wp\/v2\/media?parent=55970"}],"wp:term":[{"taxonomy":"category","embeddable":true,"href":"https:\/\/blog.corretoraideal.com.br\/index.php\/wp-json\/wp\/v2\/categories?post=55970"},{"taxonomy":"post_tag","embeddable":true,"href":"https:\/\/blog.corretoraideal.com.br\/index.php\/wp-json\/wp\/v2\/tags?post=55970"}],"curies":[{"name":"wp","href":"https:\/\/api.w.org\/{rel}","templated":true}]}}