{"id":55974,"date":"2024-01-03T19:30:00","date_gmt":"2024-01-03T19:30:00","guid":{"rendered":"https:\/\/blog.corretoraideal.com.br\/?p=55974"},"modified":"2024-01-03T19:30:00","modified_gmt":"2024-01-03T19:30:00","slug":"lupi-diz-que-fila-do-inss-nunca-vai-acabar-e-fala-em-reduzir-espera-para-30-dias-em-2024-politica-g1","status":"publish","type":"post","link":"https:\/\/blog.corretoraideal.com.br\/index.php\/2024\/01\/03\/lupi-diz-que-fila-do-inss-nunca-vai-acabar-e-fala-em-reduzir-espera-para-30-dias-em-2024-politica-g1\/","title":{"rendered":"Lupi diz que fila do INSS &#039;nunca vai acabar&#039; e fala em reduzir espera para 30 dias em 2024 | Pol\u00edtica | G1"},"content":{"rendered":"<br \/>\n<h1>Lupi diz que fila do INSS &#039;nunca vai acabar&#039; e fala em reduzir espera para 30 dias em 2024<\/h1>\n<h2>Ministro da Previd\u00eancia deu a declara\u00e7\u00e3o em evento com aprovados no \u00faltimo concurso do INSS. H\u00e1 um ano, quando tomou posse, Lupi disse que pretendia acabar com as filas em 2023.<\/h2>\n<p> Por <a class=\"multi_signatures\" href=\"https:\/\/g1.globo.com\/autores\/lais-carregosa\/\">Lais Carregosa<\/a>, g1 &mdash; Bras\u00edlia <\/p>\n<p>  03\/01\/2024 15h28    Atualizado  03\/01\/2024    <\/p>\n<ul>\n<li>\n<p> O ministro da Previd\u00eancia Social, Carlos Lupi, afirmou nesta quarta-feira (3) que a fila de espera por an\u00e1lise de pedidos de benef\u00edcios do INSS &#x27;nunca vai acabar&#x27; <\/p>\n<\/li>\n<li>\n<p> Ele afirmou que, em 2024, a meta da pasta \u00e9 reduzir o tempo de espera na fila para 30 dias. Segundo ele, atualmente, o prazo \u00e9 de 49 dias <\/p>\n<\/li>\n<li>\n<p> Ao afirmar que a fila &#x27;nunca vai acabar&#x27;, Lupi vai de encontro ao que prometeu em 2023, quando tomou posse. Na ocasi\u00e3o, ele afirmou que acabaria com a fila <\/p>\n<\/li>\n<li>\n<p> Nesta quarta, o ministro disse que, depois de reduzir o tempo de espera na fila, o desafio ser\u00e1 &quot;humanizar&quot; o atendimento no INSS <\/p>\n<\/li>\n<\/ul>\n<p> O ministro da Previd\u00eancia Social, Carlos Lupi, afirmou nesta quarta-feira (3) que a fila de espera por an\u00e1lise de pedidos de benef\u00edcios do INSS &#x27;nunca vai acabar&#x27; <\/p>\n<p> Ele afirmou que, em 2024, a meta da pasta \u00e9 reduzir o tempo de espera na fila para 30 dias. Segundo ele, atualmente, o prazo \u00e9 de 49 dias <\/p>\n<p> Ao afirmar que a fila &#x27;nunca vai acabar&#x27;, Lupi vai de encontro ao que prometeu em 2023, quando tomou posse. Na ocasi\u00e3o, ele afirmou que acabaria com a fila <\/p>\n<p> Nesta quarta, o ministro disse que, depois de reduzir o tempo de espera na fila, o desafio ser\u00e1 &quot;humanizar&quot; o atendimento no INSS <\/p>\n<p>         1 de 1&#013;O ministro da Previd\u00eancia Social, Carlos Lupi, em imagem de 2023 \u2014 Foto: Bas\u00edlio Magno\/TV Di\u00e1rio    <\/p>\n<p> O ministro da Previd\u00eancia Social, Carlos Lupi, em imagem de 2023 \u2014 Foto: Bas\u00edlio Magno\/TV Di\u00e1rio <\/p>\n<p> O ministro da Previd\u00eancia Social, <a class href=\"https:\/\/g1.globo.com\/politica\/politico\/carlos-lupi\/\">Carlos Lupi<\/a>, afirmou nesta quarta-feira (3) que a fila do Instituto Nacional do Seguro Social (<a class href=\"https:\/\/g1.globo.com\/tudo-sobre\/inss\/\">INSS<\/a>) &quot;nunca vai acabar&quot;. Para 2024, a meta tra\u00e7ada pelo ministro \u00e9 a de que o tempo de espera seja reduzido a 30 dias. <\/p>\n<p> Segundo Lupi, atualmente a fila de espera pela an\u00e1lise de pedido de benef\u00edcio assistencial ou previdenci\u00e1rio \u00e9 de <strong>49 dias<\/strong>. O ministro deu as declara\u00e7\u00f5es em Bras\u00edlia durante cerim\u00f4nia de abertura do curso de forma\u00e7\u00e3o dos aprovados no \u00faltimo concurso do INSS. <\/p>\n<p> &quot;Eu quero, nesse ano de 2024, chegar \u00e0 data de 30 dias de espera para conclus\u00e3o do benef\u00edcio. O que quer dizer? Que no pr\u00f3prio m\u00eas que a pessoa d\u00ea entrada, conclua o processo&quot;, disse o minstro. <\/p>\n<p>&quot;Vencendo a etapa da fila quilom\u00e9trica&#8230; e nunca vai acabar a fila. E prestem aten\u00e7\u00e3o: quem diz que vai acabar a fila \u00e9 mentiroso. Todo m\u00eas entram 900 mil pedidos, 1 milh\u00e3o de pedidos novos, ent\u00e3o todo m\u00eas ter\u00e3o pelo menos 900 mil [a] 1 milh\u00e3o de pessoas pedindo e ningu\u00e9m resolve assim, tem que conferir documento, tem que ser justo&quot;, completou. <\/p>\n<p> Quando assumiu o <a class href=\"https:\/\/g1.globo.com\/tudo-sobre\/ministerio-da-previdencia-social\/\">Minist\u00e9rio da Previd\u00eancia Social<\/a>, no come\u00e7o de 2023, <a class href=\"https:\/\/g1.globo.com\/politica\/noticia\/2023\/01\/03\/carlos-lupi-assume-ministerio-da-previdencia-social.ghtml\">Lupi havia prometido zerar a fila at\u00e9 o final de 2023<\/a>, o que <a class href=\"https:\/\/g1.globo.com\/politica\/noticia\/2023\/12\/27\/voa-brasil-regras-para-trabalho-por-aplicativo-fila-do-inss-zerada-projetos-do-governo-que-nao-sairam-do-papel-em-2023.ghtml\">n\u00e3o ocorreu<\/a>. <\/p>\n<p> &quot;Com automa\u00e7\u00e3o e com esse mutir\u00e3o, eu pretendo rapidamente ainda esse ano acabar com a fila&quot;, afirmou o ministro na ocasi\u00e3o. <\/p>\n<p> A jornalistas, nesta quarta-feira, o ministro afirmou que nunca falou, literalmente, em zerar a fila, mas reduzir o tempo de espera para os 45 dias definidos em lei. <\/p>\n<p> &quot;Nunca falei em zerar, sempre falei em colocar o prazo de 45 dias. Por que digo que nunca vai zerar? Porque todo m\u00eas entram 900 mil, 1 milh\u00e3o de pedidos inicias, ent\u00e3o a cada m\u00eas voc\u00ea vai rodando, entra mais 900 mil, 1 milh\u00e3o de pedidos&quot;, declarou. <\/p>\n<p> De acordo com o ministro, o tempo de espera m\u00e9dio estava em torno de 80 a 100 dias no in\u00edcio do ano. Ao final de 2023, caiu para 49 dias, afirma. &quot;A fila tamb\u00e9m caiu, vamos ter os dados finais de dezembro, e caiu bem.&quot; <\/p>\n<p> Nesta quarta-feira, o ministro disse que, depois de reduzir o tempo de espera na fila, o desafio ser\u00e1 &quot;humanizar&quot; o atendimento do INSS. <\/p>\n<p><h2>&#x27;Fila vergonhosa&#x27;, afirmou <a class href=\"https:\/\/g1.globo.com\/politica\/politico\/lula\/\">Lula<\/a><\/h2>\n<\/p>\n<p> O presidente Luiz In\u00e1cio Lula da Silva (PT) havia prometido, em seu discurso de posse, acabar com o que chamou de &quot;vergonhosa fila do INSS&quot;. <\/p>\n<p> Em abril de 2023, Lupi afirmou que n\u00e3o havia recursos suficientes para zerar a fila. O governo ent\u00e3o editou uma medida provis\u00f3ria criando o Programa de Enfrentamento \u00e0 Fila da Previd\u00eancia Social (PEFPS). A MP virou lei em novembro, depois de aprova\u00e7\u00e3o pelo Congresso. <\/p>\n<p> Em setembro, segundo dados do INSS, <a class href=\"https:\/\/g1.globo.com\/politica\/noticia\/2023\/12\/27\/voa-brasil-regras-para-trabalho-por-aplicativo-fila-do-inss-zerada-projetos-do-governo-que-nao-sairam-do-papel-em-2023.ghtml\">1,5 milh\u00e3o de pessoas aguardavam atendimento para concess\u00e3o de benef\u00edcios<\/a>. <\/p>\n<ul> <\/ul>\n<h3> <a id=\"js-next-article-desktop-link\" class=\"next-article-desktop-link\"><\/a> <\/h3>\n<h3> <a id=\"js-next-article-smart-link\" class=\"next-article-smart-link\"><\/a> <\/h3>\n<p>Veja tamb\u00e9m<\/p>\n<\/p>\n<\/p>\n<p>       Anterior   Pr\u00f3ximo     <\/p>\n","protected":false},"excerpt":{"rendered":"<p>Lupi diz que fila do INSS &#039;nunca vai acabar&#039; e fala em reduzir espera para 30 dias em 2024 Ministro da Previd\u00eancia deu a declara\u00e7\u00e3o em evento com aprovados no \u00faltimo concurso do INSS. H\u00e1 um ano, quando tomou posse, Lupi disse que pretendia acabar com as filas em 2023. Por Lais Carregosa, g1 &mdash; [&hellip;]<\/p>\n","protected":false},"author":1,"featured_media":0,"comment_status":"closed","ping_status":"closed","sticky":false,"template":"","format":"standard","meta":{"footnotes":""},"categories":[],"tags":[],"class_list":["post-55974","post","type-post","status-publish","format-standard","hentry"],"_links":{"self":[{"href":"https:\/\/blog.corretoraideal.com.br\/index.php\/wp-json\/wp\/v2\/posts\/55974","targetHints":{"allow":["GET"]}}],"collection":[{"href":"https:\/\/blog.corretoraideal.com.br\/index.php\/wp-json\/wp\/v2\/posts"}],"about":[{"href":"https:\/\/blog.corretoraideal.com.br\/index.php\/wp-json\/wp\/v2\/types\/post"}],"author":[{"embeddable":true,"href":"https:\/\/blog.corretoraideal.com.br\/index.php\/wp-json\/wp\/v2\/users\/1"}],"replies":[{"embeddable":true,"href":"https:\/\/blog.corretoraideal.com.br\/index.php\/wp-json\/wp\/v2\/comments?post=55974"}],"version-history":[{"count":1,"href":"https:\/\/blog.corretoraideal.com.br\/index.php\/wp-json\/wp\/v2\/posts\/55974\/revisions"}],"predecessor-version":[{"id":55976,"href":"https:\/\/blog.corretoraideal.com.br\/index.php\/wp-json\/wp\/v2\/posts\/55974\/revisions\/55976"}],"wp:attachment":[{"href":"https:\/\/blog.corretoraideal.com.br\/index.php\/wp-json\/wp\/v2\/media?parent=55974"}],"wp:term":[{"taxonomy":"category","embeddable":true,"href":"https:\/\/blog.corretoraideal.com.br\/index.php\/wp-json\/wp\/v2\/categories?post=55974"},{"taxonomy":"post_tag","embeddable":true,"href":"https:\/\/blog.corretoraideal.com.br\/index.php\/wp-json\/wp\/v2\/tags?post=55974"}],"curies":[{"name":"wp","href":"https:\/\/api.w.org\/{rel}","templated":true}]}}