{"id":55984,"date":"2024-01-04T00:29:40","date_gmt":"2024-01-04T00:29:40","guid":{"rendered":"https:\/\/blog.corretoraideal.com.br\/?p=55984"},"modified":"2024-01-04T00:29:40","modified_gmt":"2024-01-04T00:29:40","slug":"ano-novo-escolha-a-melhor-picape-e-esteja-preparado-para-safras-cheias-de-desafios-volkswagen-g1","status":"publish","type":"post","link":"https:\/\/blog.corretoraideal.com.br\/index.php\/2024\/01\/04\/ano-novo-escolha-a-melhor-picape-e-esteja-preparado-para-safras-cheias-de-desafios-volkswagen-g1\/","title":{"rendered":"Ano novo: escolha a melhor picape e esteja preparado para safras cheias de desafios | Volkswagen | G1"},"content":{"rendered":"<br \/>\n<h1>Ano novo: escolha a melhor picape e esteja preparado para safras cheias de desafios<\/h1>\n<h2>Capacidade de carga e de reboque est\u00e3o entre as caracter\u00edsticas que fazem da Amarok a caminhonete ideal para o trabalho no campo.<\/h2>\n<p>       <a href=\"https:\/\/www.vw.com.br\/pt.html\" target=\"_blank\" rel=\"noopener noreferrer\">    <\/a>   <\/p>\n<p> Por Volkswagen <\/p>\n<p>  03\/01\/2024 18h32    Atualizado  03\/01\/2024    <\/p>\n<p>                         1 de 3&#013;Volkswagen \u2014 Foto: Divulga\u00e7\u00e3o    <\/p>\n<p> Volkswagen \u2014 Foto: Divulga\u00e7\u00e3o <\/p>\n<p> O que voc\u00ea v\u00ea ao abrir o calend\u00e1rio do rec\u00e9m-chegado 2024? Se for do agro e estiver com o planejamento em dia, sabe o tanto de coisa que h\u00e1 por tr\u00e1s de dias, semanas e meses. \u00c9 hora de conferir o calend\u00e1rio agr\u00edcola, repassar o que vem pela frente e se preparar para todos os desafios que acompanham cada safra. <\/p>\n<p> Seja qual for a regi\u00e3o do Brasil, o produtor come\u00e7a o ano sabendo o que plantar em cada \u00e9poca, quando colher e at\u00e9 os tipos de adversidades que podem surgir no caminho, levando em conta fatores como umidade do ar, n\u00edveis de precipita\u00e7\u00e3o, velocidade do vento e varia\u00e7\u00f5es de temperatura. <\/p>\n<p> Com tanta varia\u00e7\u00e3o de tempo e estrada, independentemente de onde estiver, vai precisar de uma picape preparada para diferentes circunst\u00e2ncias e terrenos. Mais do que isso, um ve\u00edculo espa\u00e7oso, com capacidade de carga e de reboque capaz de servir para o transporte de insumos ou at\u00e9 mesmo rebocar alguma m\u00e1quina agr\u00edcola. <\/p>\n<p> E qual \u00e9 a melhor picape para trabalho no campo? A Volkswagen Amarok re\u00fane for\u00e7a e pot\u00eancia, sem abrir m\u00e3o do conforto e seguran\u00e7a, o que explica sua superioridade entre as picapes m\u00e9dias dispon\u00edveis no mercado brasileiro. Para quem tem a caminhonete como ferramenta de trabalho, ela est\u00e1 pronta para todas as fases das safras. <\/p>\n<p>         2 de 3&#013;Volkswagen \u2014 Foto: Divulga\u00e7\u00e3o    <\/p>\n<p> Volkswagen \u2014 Foto: Divulga\u00e7\u00e3o <\/p>\n<p> <strong>Parceira em todo ciclo agr\u00edcola<\/strong> <\/p>\n<p> Basta pensar em uma ou duas situa\u00e7\u00f5es comuns no agro para n\u00e3o ter d\u00favidas. Se voc\u00ea precisa transportar funcion\u00e1rio, carregar materiais\/insumos ou produtos em \u00e9pocas de plantio, j\u00e1 deve ter se perguntado: qual picape tem maior capacidade de carga? Com amplo espa\u00e7o interno para passageiros, a Amarok tem a maior capacidade de carga da categoria com ca\u00e7amba (1.156kg\/1.280L) e \u00f3tima capacidade de reboque, o que \u00e9 fundamental em todos esses momentos. <\/p>\n<p> Choveu acima do esperado e voc\u00ea precisa conferir a planta\u00e7\u00e3o, mesmo tendo que passar por terrenos n\u00e3o pavimentados ou de dif\u00edcil acesso? O 4&#215;4 permanente com exclusiva tecnologia de tra\u00e7\u00e3o 4Motion melhora o desempenho e garante seguran\u00e7a m\u00e1xima, principalmente em situa\u00e7\u00f5es fora de estrada. <\/p>\n<p> O motor v6 3.0 de 258 cv, o mais potente da categoria, tem fun\u00e7\u00e3o overboost que alcan\u00e7a 272cv. Com torque de 59,1 kgfm, chega de 0 a 100 km\/h em 7,4 segundos. Com tanta for\u00e7a e pot\u00eancia, \u00e9 uma parceira e tanto para o dia a dia no campo e tamb\u00e9m para as horas de lazer. <\/p>\n<p> Em qualquer estrada, no asfalto ou ch\u00e3o batido, o produtor vai ter conforto e prazer em dirigir. A Amarok \u00e9 a \u00fanica com transmiss\u00e3o autom\u00e1tica de 8 velocidades, sistema que d\u00e1 maior suavidade durante a acelera\u00e7\u00e3o. <\/p>\n<p>         3 de 3&#013;Volkswagen \u2014 Foto: Divulga\u00e7\u00e3o    <\/p>\n<p> Volkswagen \u2014 Foto: Divulga\u00e7\u00e3o <\/p>\n<p> Clique <a class href=\"https:\/\/ofertas.vw.com.br\/modelos\/amarok\" target=\"_blank\" rel=\"noopener noreferrer\">aqui<\/a> para conhecer as ofertas e inclua Amarok nos planos! Toda a confian\u00e7a, robustez e conforto da Volkswagen com condi\u00e7\u00f5es especiais para o produtor rural e empresas. <\/p>\n<p>   <a href=\"https:\/\/www.vw.com.br\/pt.html\" target=\"_blank\" rel=\"noopener noreferrer\"> <img loading=\"lazy\" decoding=\"async\" class=\"aligncenter size-full wp-image-55986\" src=\"https:\/\/blog.corretoraideal.com.br\/wp-content\/uploads\/2024\/01\/volkswagen.png\" alt=\"Volkswagen\" width=\"800\" height=\"400\" \/> <\/a>  conte\u00fado de responsabilidade do anunciante    <\/p>\n<ul> <\/ul>\n<h3> <a id=\"js-next-article-desktop-link\" class=\"next-article-desktop-link\"><\/a> <\/h3>\n<h3> <a id=\"js-next-article-smart-link\" class=\"next-article-smart-link\"><\/a> <\/h3>\n","protected":false},"excerpt":{"rendered":"<p>Ano novo: escolha a melhor picape e esteja preparado para safras cheias de desafios Capacidade de carga e de reboque est\u00e3o entre as caracter\u00edsticas que fazem da Amarok a caminhonete ideal para o trabalho no campo. Por Volkswagen 03\/01\/2024 18h32 Atualizado 03\/01\/2024 1 de 3&#013;Volkswagen \u2014 Foto: Divulga\u00e7\u00e3o Volkswagen \u2014 Foto: Divulga\u00e7\u00e3o O que voc\u00ea [&hellip;]<\/p>\n","protected":false},"author":1,"featured_media":0,"comment_status":"closed","ping_status":"closed","sticky":false,"template":"","format":"standard","meta":{"footnotes":""},"categories":[],"tags":[],"class_list":["post-55984","post","type-post","status-publish","format-standard","hentry"],"_links":{"self":[{"href":"https:\/\/blog.corretoraideal.com.br\/index.php\/wp-json\/wp\/v2\/posts\/55984","targetHints":{"allow":["GET"]}}],"collection":[{"href":"https:\/\/blog.corretoraideal.com.br\/index.php\/wp-json\/wp\/v2\/posts"}],"about":[{"href":"https:\/\/blog.corretoraideal.com.br\/index.php\/wp-json\/wp\/v2\/types\/post"}],"author":[{"embeddable":true,"href":"https:\/\/blog.corretoraideal.com.br\/index.php\/wp-json\/wp\/v2\/users\/1"}],"replies":[{"embeddable":true,"href":"https:\/\/blog.corretoraideal.com.br\/index.php\/wp-json\/wp\/v2\/comments?post=55984"}],"version-history":[{"count":1,"href":"https:\/\/blog.corretoraideal.com.br\/index.php\/wp-json\/wp\/v2\/posts\/55984\/revisions"}],"predecessor-version":[{"id":55987,"href":"https:\/\/blog.corretoraideal.com.br\/index.php\/wp-json\/wp\/v2\/posts\/55984\/revisions\/55987"}],"wp:attachment":[{"href":"https:\/\/blog.corretoraideal.com.br\/index.php\/wp-json\/wp\/v2\/media?parent=55984"}],"wp:term":[{"taxonomy":"category","embeddable":true,"href":"https:\/\/blog.corretoraideal.com.br\/index.php\/wp-json\/wp\/v2\/categories?post=55984"},{"taxonomy":"post_tag","embeddable":true,"href":"https:\/\/blog.corretoraideal.com.br\/index.php\/wp-json\/wp\/v2\/tags?post=55984"}],"curies":[{"name":"wp","href":"https:\/\/api.w.org\/{rel}","templated":true}]}}