{"id":55988,"date":"2024-01-04T01:29:57","date_gmt":"2024-01-04T01:29:57","guid":{"rendered":"https:\/\/blog.corretoraideal.com.br\/?p=55988"},"modified":"2024-01-04T01:29:57","modified_gmt":"2024-01-04T01:29:57","slug":"spacex-e-acusada-de-violar-lei-dos-eua-ao-demitir-funcionarios-que-criticaram-elon-musk-tecnologia-g1","status":"publish","type":"post","link":"https:\/\/blog.corretoraideal.com.br\/index.php\/2024\/01\/04\/spacex-e-acusada-de-violar-lei-dos-eua-ao-demitir-funcionarios-que-criticaram-elon-musk-tecnologia-g1\/","title":{"rendered":"SpaceX \u00e9 acusada de violar lei dos EUA ao demitir funcion\u00e1rios que criticaram Elon Musk | Tecnologia | G1"},"content":{"rendered":"<br \/>\n<h1>SpaceX \u00e9 acusada de violar lei dos EUA ao demitir funcion\u00e1rios que criticaram Elon Musk <\/h1>\n<h2>Oito funcion\u00e1rios foram demitidos ap\u00f3s promoverem carta em que classificam Musk como &#039;distra\u00e7\u00e3o e constrangimento&#039; para a empresa. Den\u00fancia diz que a companhia descumpriu direito de trabalhadores se unirem e defenderem melhores condi\u00e7\u00f5es de trabalho. <\/h2>\n<p> Por g1 <\/p>\n<p>  03\/01\/2024 17h26    Atualizado  03\/01\/2024    <\/p>\n<p>                      1 de 1&#013;Elon Musk, dono do X (ex-Twitter), da SpaceX e da Tesla \u2014 Foto: Reuters\/Tingshu Wang    <\/p>\n<p> Elon Musk, dono do X (ex-Twitter), da SpaceX e da Tesla \u2014 Foto: Reuters\/Tingshu Wang <\/p>\n<p> A fabricante de foguetes <a class href=\"https:\/\/g1.globo.com\/tudo-sobre\/spacex\/\">SpaceX<\/a> foi acusada de ter demitido ilegalmente oito funcion\u00e1rios cr\u00edticos de <a class href=\"https:\/\/g1.globo.com\/tudo-sobre\/elon-musk\/\">Elon Musk<\/a>, dono da empresa. A den\u00fancia foi feita pelo Conselho Nacional de Rela\u00e7\u00f5es Trabalhistas (NLRB), ag\u00eancia independente do governo dos Estados Unidos. <\/p>\n<p> Os funcion\u00e1rios foram demitidos depois de promoverem entre executivos da SpaceX uma carta que classifica Musk como &quot;distra\u00e7\u00e3o e constrangimento&quot; para a empresa. <\/p>\n<p> O documento foi enviado em junho de 2022 e se concentra em uma s\u00e9rie de tu\u00edtes que o bilion\u00e1rio havia publicado desde 2020. Os funcion\u00e1rios alegaram que as declara\u00e7\u00f5es n\u00e3o estavam de acordo com as pol\u00edticas da empresa sobre diversidade e m\u00e1 conduta. <\/p>\n<p> A ag\u00eancia dos EUA sobre rela\u00e7\u00f5es trabalhistas alegou que a SpaceX violou direitos dos funcion\u00e1rios de se unirem e defenderem melhores condi\u00e7\u00f5es de trabalho. <\/p>\n<p> A den\u00fancia diz ainda que a empresa de Musk interrogou funcion\u00e1rios sobre a carta e menosprezou funcion\u00e1rios envolvidos com a iniciativa. A companhia tamb\u00e9m foi acusada de amea\u00e7ar demitir outros funcion\u00e1rios que se dedicassem a atividades parecidas. <\/p>\n<p><h2>O que acontece agora <\/h2>\n<\/p>\n<p> A SpaceX pode buscar um acordo, mas, caso isso n\u00e3o aconte\u00e7a, a den\u00fancia da NLRB ser\u00e1 levada para um juiz administrativo. A primeira audi\u00eancia est\u00e1 marcada para 5 de mar\u00e7o, segundo a ag\u00eancia. <\/p>\n<p> A decis\u00e3o deste julgamento pode ser alvo de um recurso e ser encaminhada para um grupo de cinco conselheiros. Eles fazem parte de um comit\u00ea permanente da NLRB indicado pelo presidente dos EUA. <\/p>\n<p> Se for condenada, a SpaceX poder\u00e1 ser obrigada a reintegrar os oito funcion\u00e1rios e receber puni\u00e7\u00f5es maiores em futuros casos na ag\u00eancia. <\/p>\n<p> <strong>LEIA TAMB\u00c9M:<\/strong> <\/p>\n<ul>\n<li><a class href=\"https:\/\/g1.globo.com\/tecnologia\/noticia\/2023\/12\/27\/celular-seguro-bloqueou-mais-de-43-mil-aparelhos-em-uma-semana.ghtml\">Celular Seguro bloqueou mais de 4,3 mil aparelhos em uma semana; veja como usar<\/a><\/li>\n<li><a class href=\"https:\/\/g1.globo.com\/inovacao\/noticia\/2023\/11\/16\/video-como-foram-os-primeiros-testes-de-carros-voadores-em-nova-york.ghtml\">Como foram os primeiros testes de &#x27;carros voadores&#x27; em Nova York<\/a><\/li>\n<li><a class href=\"https:\/\/g1.globo.com\/tecnologia\/noticia\/2023\/12\/15\/so-transo-com-mulheres-e-meu-marido-so-com-homens-casal-ganha-a-vida-com-videos-eroticos-no-onlyfans-e-privacy.ghtml\">&#x27;S\u00f3 transo com mulheres, e meu marido, s\u00f3 com homens&#x27;: o acordo de casal que ganha a vida com v\u00eddeos er\u00f3ticos na internet<\/a><\/li>\n<\/ul>\n<p><h2>Como \u00e9 o golpe que desvia PIX de compras pela internet<\/h2>\n<\/p>\n<p>                   <img loading=\"lazy\" decoding=\"async\" class=\"aligncenter size-full wp-image-55990\" src=\"https:\/\/blog.corretoraideal.com.br\/wp-content\/uploads\/2024\/01\/como-e-o-novo-golpe-que-desvia-pix-de-compras-online-e-o-como-evita-lo.jpeg\" alt=\"Como \u00e9 o novo golpe que desvia PIX de compras online e o como evit\u00e1 lo\" width=\"800\" height=\"400\" \/>       <\/p>\n<p> Como \u00e9 o novo golpe que desvia PIX de compras online e o como evit\u00e1-lo <\/p>\n<p><h2>A rotina de quem fatura com v\u00eddeos de sexo na internet<\/h2>\n<\/p>\n<p>                   <img loading=\"lazy\" decoding=\"async\" class=\"aligncenter size-full wp-image-55991\" src=\"https:\/\/blog.corretoraideal.com.br\/wp-content\/uploads\/2024\/01\/os-bastidores-as-estrategias-e-a-rotina-de-quem-ganha-a-vida-vendendo-videos-de-sexo.jpeg\" alt=\"Os bastidores, as estrat\u00e9gias e a rotina de quem ganha a vida vendendo v\u00eddeos de sexo\" width=\"800\" height=\"400\" \/>       <\/p>\n<p> Os bastidores, as estrat\u00e9gias e a rotina de quem ganha a vida vendendo v\u00eddeos de sexo <\/p>\n<ul>\n<li> <a href=\"https:\/\/g1.globo.com\/tudo-sobre\/elon-musk\/\" class=\"entities__list-itemLink\" data-track-click=\"Elon Musk\"> Elon Musk <\/a> <\/li>\n<li> <a href=\"https:\/\/g1.globo.com\/tudo-sobre\/spacex\/\" class=\"entities__list-itemLink\" data-track-click=\"SpaceX\"> SpaceX <\/a> <\/li>\n<\/ul>\n<h3> <a id=\"js-next-article-desktop-link\" class=\"next-article-desktop-link\"><\/a> <\/h3>\n<h3> <a id=\"js-next-article-smart-link\" class=\"next-article-smart-link\"><\/a> <\/h3>\n<p>Veja tamb\u00e9m<\/p>\n<\/p>\n<\/p>\n<p>       Anterior   Pr\u00f3ximo     <\/p>\n","protected":false},"excerpt":{"rendered":"<p>SpaceX \u00e9 acusada de violar lei dos EUA ao demitir funcion\u00e1rios que criticaram Elon Musk Oito funcion\u00e1rios foram demitidos ap\u00f3s promoverem carta em que classificam Musk como &#039;distra\u00e7\u00e3o e constrangimento&#039; para a empresa. Den\u00fancia diz que a companhia descumpriu direito de trabalhadores se unirem e defenderem melhores condi\u00e7\u00f5es de trabalho. Por g1 03\/01\/2024 17h26 Atualizado [&hellip;]<\/p>\n","protected":false},"author":1,"featured_media":0,"comment_status":"closed","ping_status":"closed","sticky":false,"template":"","format":"standard","meta":{"footnotes":""},"categories":[],"tags":[],"class_list":["post-55988","post","type-post","status-publish","format-standard","hentry"],"_links":{"self":[{"href":"https:\/\/blog.corretoraideal.com.br\/index.php\/wp-json\/wp\/v2\/posts\/55988","targetHints":{"allow":["GET"]}}],"collection":[{"href":"https:\/\/blog.corretoraideal.com.br\/index.php\/wp-json\/wp\/v2\/posts"}],"about":[{"href":"https:\/\/blog.corretoraideal.com.br\/index.php\/wp-json\/wp\/v2\/types\/post"}],"author":[{"embeddable":true,"href":"https:\/\/blog.corretoraideal.com.br\/index.php\/wp-json\/wp\/v2\/users\/1"}],"replies":[{"embeddable":true,"href":"https:\/\/blog.corretoraideal.com.br\/index.php\/wp-json\/wp\/v2\/comments?post=55988"}],"version-history":[{"count":1,"href":"https:\/\/blog.corretoraideal.com.br\/index.php\/wp-json\/wp\/v2\/posts\/55988\/revisions"}],"predecessor-version":[{"id":55992,"href":"https:\/\/blog.corretoraideal.com.br\/index.php\/wp-json\/wp\/v2\/posts\/55988\/revisions\/55992"}],"wp:attachment":[{"href":"https:\/\/blog.corretoraideal.com.br\/index.php\/wp-json\/wp\/v2\/media?parent=55988"}],"wp:term":[{"taxonomy":"category","embeddable":true,"href":"https:\/\/blog.corretoraideal.com.br\/index.php\/wp-json\/wp\/v2\/categories?post=55988"},{"taxonomy":"post_tag","embeddable":true,"href":"https:\/\/blog.corretoraideal.com.br\/index.php\/wp-json\/wp\/v2\/tags?post=55988"}],"curies":[{"name":"wp","href":"https:\/\/api.w.org\/{rel}","templated":true}]}}