{"id":55996,"date":"2024-01-04T05:29:38","date_gmt":"2024-01-04T05:29:38","guid":{"rendered":"https:\/\/blog.corretoraideal.com.br\/?p=55996"},"modified":"2024-01-04T05:29:38","modified_gmt":"2024-01-04T05:29:38","slug":"com-producao-limitada-preco-do-leite-ao-produtor-sobe-13-apos-seis-quedas-seguidas-aponta-usp-piracicaba-e-regiao-g1","status":"publish","type":"post","link":"https:\/\/blog.corretoraideal.com.br\/index.php\/2024\/01\/04\/com-producao-limitada-preco-do-leite-ao-produtor-sobe-13-apos-seis-quedas-seguidas-aponta-usp-piracicaba-e-regiao-g1\/","title":{"rendered":"Com produ\u00e7\u00e3o limitada, pre\u00e7o do leite ao produtor sobe 1,3% ap\u00f3s seis quedas seguidas, aponta USP | Piracicaba e Regi\u00e3o | G1"},"content":{"rendered":"<br \/>\n<h1>Com produ\u00e7\u00e3o limitada, pre\u00e7o do leite ao produtor sobe 1,3% ap\u00f3s seis quedas seguidas, aponta USP<\/h1>\n<h2>Centro de Estudos Avan\u00e7ados em Economia Aplicada da Esalq, em Piracicaba, indica alta no valor do produto. Agentes de mercado estimam estabilidade.<\/h2>\n<p> Por g1 Piracicaba e Regi\u00e3o <\/p>\n<p>  03\/01\/2024 18h01    Atualizado  03\/01\/2024    <\/p>\n<p>                      1 de 3&#013;Produ\u00e7\u00e3o de leite no ES \u2014 Foto: Reprodu\u00e7\u00e3o\/TV Gazeta    <\/p>\n<p> Produ\u00e7\u00e3o de leite no ES \u2014 Foto: Reprodu\u00e7\u00e3o\/TV Gazeta <\/p>\n<p> Ap\u00f3s <a class href=\"https:\/\/g1.globo.com\/sp\/piracicaba-regiao\/noticia\/2023\/11\/30\/entenda-por-que-preco-do-leite-registra-6a-queda-consecutiva-valor-pago-ao-produtor-cai-304percent-no-ano.ghtml\"><strong>registrar seis quedas consecutivas<\/strong><\/a>, entre maio e outubro de 2023, o <strong>pre\u00e7o do leite pago aos produtores subiu 1,3% em novembro,<\/strong> conforme aponta pesquisa mais atualizada do Centro de Estudos Avan\u00e7ados em Economia Aplicada (Cepea), da Esalq, o campus da Universidade de S\u00e3o Paulo (USP) em <a class href=\"https:\/\/g1.globo.com\/sp\/piracicaba-regiao\/cidade\/piracicaba\/\">Piracicaba (SP)<\/a>. <\/p>\n<p> A expectativa dos agentes de mercado, aponta o Cepea, \u00e9 que os pre\u00e7os entrem em estabilidade e alta em dezembro, <strong>ainda influenciados pela produ\u00e7\u00e3o limitada no campo<\/strong>. <\/p>\n<ul>\n<li><a class href=\"https:\/\/chat.whatsapp.com\/GRzCsowTlIq5O2v8n2lr7f\" target=\"_blank\" rel=\"noopener noreferrer\">?<strong> Receba no WhatsApp not\u00edcias da regi\u00e3o de Piracicaba<\/strong><\/a><\/li>\n<\/ul>\n<p> O clima adverso, com registros de seca em algumas regi\u00f5es do pa\u00eds e excesso de chuvas em outras, impactaram no volume de leite produzido. <\/p>\n<p> O pre\u00e7o do litro do leite fechou em R$ 1,99 no valor da \u201cM\u00e9dia Brasil\u201d l\u00edquida, que n\u00e3o consideram fretes e impostos. <\/p>\n<p>\u201cA continuidade desse movimento nos pr\u00f3ximos meses vai depender da rea\u00e7\u00e3o do consumo e dos volumes de l\u00e1cteos importados\u201d, explica a pesquisadora do Cepea para o setor, Nat\u00e1lia Grigol.<\/p>\n<p> Os estados que comp\u00f5em a \u201cM\u00e9dia Brasil\u201d s\u00e3o Minas Gerais, Goi\u00e1s, Bahia, S\u00e3o Paulo, Paran\u00e1, Santa Catarina, Rio Grande do Sul. <\/p>\n<p><h2>LEIA MAIS<\/h2>\n<\/p>\n<ul>\n<li><a class href=\"https:\/\/g1.globo.com\/sp\/piracicaba-regiao\/noticia\/2023\/11\/30\/entenda-por-que-preco-do-leite-registra-6a-queda-consecutiva-valor-pago-ao-produtor-cai-304percent-no-ano.ghtml\"><strong>Entenda por que pre\u00e7o do leite registra 6\u00aa queda consecutiva<\/strong><\/a><\/li>\n<li><a class href=\"https:\/\/g1.globo.com\/sp\/piracicaba-regiao\/noticia\/2023\/10\/30\/preco-do-litro-de-leite-ao-produtor-tem-5a-queda-consecutiva-e-chega-a-r-2-aponta-usp-de-piracicaba.ghtml\"><strong>Pre\u00e7o do litro de leite ao produtor tem 5\u00aa queda consecutiva e chega a R$ 2, aponta USP <\/strong><\/a><\/li>\n<\/ul>\n<p><h2>Varia\u00e7\u00e3o de pre\u00e7o entre bacias leiteiras<\/h2>\n<\/p>\n<p> O movimento dos pre\u00e7os variou entre as bacias leiteiras acompanhadas pelo instituto ao longo do m\u00eas de novembro. <\/p>\n<p>\u201cEm Minas Gerais e em Goi\u00e1s, os valores ficaram est\u00e1veis. No Paran\u00e1, o avan\u00e7o esteve abaixo de 2%, enquanto em Santa Catarina e no Rio Grande do Sul, os aumentos superaram os 5%. J\u00e1 em S\u00e3o Paulo e na Bahia, as m\u00e9dias seguiram em movimento de queda\u201d, especifica a pesquisadora.<\/p>\n<p> No acumulado de 2023, entre janeiro e novembro, a desvaloriza\u00e7\u00e3o do pre\u00e7o do leite ainda \u00e9 de 23,8%, em termos reais; e, em rela\u00e7\u00e3o a novembro\/22, a baixa \u00e9 de expressivos 24,5% (valores deflacionados pelo IPCA de novembro\/23). <\/p>\n<p>         2 de 3&#013;S\u00e9rie de pre\u00e7os m\u00e9dios recebidos pelo produtor (l\u00edquido), em valores reais (deflacionados pelo IPCA de novembro\/2023). \u2014 Foto: Cepea\/Esalq_USP    <\/p>\n<p> S\u00e9rie de pre\u00e7os m\u00e9dios recebidos pelo produtor (l\u00edquido), em valores reais (deflacionados pelo IPCA de novembro\/2023). \u2014 Foto: Cepea\/Esalq_USP <\/p>\n<p><h2>Pre\u00e7o: raz\u00f5es para queda<\/h2>\n<\/p>\n<p> Esse movimento de queda ininterrupta do pre\u00e7o do leite come\u00e7ou em maio deste ano e, conforme aponta o Cepea, \u00e9 explicado pelos mesmos motivos em todo o per\u00edodo de baixa. <\/p>\n<p> O recuo do pre\u00e7o <strong>captado por lactic\u00ednios se explica pela maior disponibilidade interna de l\u00e1cteos \u2013 tanto pelo aumento da produ\u00e7\u00e3o dom\u00e9stica quanto pelo crescimento das importa\u00e7\u00f5es<\/strong>. <\/p>\n<p>\u201cAt\u00e9 outubro, a desvaloriza\u00e7\u00e3o do leite esteve atrelada ao excesso de oferta, em decorr\u00eancia do aumento da produ\u00e7\u00e3o dom\u00e9stica e das importa\u00e7\u00f5es crescentes. Por\u00e9m, a capta\u00e7\u00e3o dos latic\u00ednios tem se desacelerado desde setembro, o que explica a mudan\u00e7a no comportamento dos pre\u00e7os em novembro\u201d, salientou.<\/p>\n<p>         3 de 3&#013;Leite \u00e9 extra\u00eddo por meio de m\u00e1quina automatizada, chamada de &#034;ordenhadeira&#034; \u2014 Foto: F\u00e1bio Tito\/g1    <\/p>\n<p> Leite \u00e9 extra\u00eddo por meio de m\u00e1quina automatizada, chamada de &#034;ordenhadeira&#034; \u2014 Foto: F\u00e1bio Tito\/g1 <\/p>\n<p><h2>?\u00cdndice de Capta\u00e7\u00e3o Leiteira<\/h2>\n<\/p>\n<p> O \u00cdndice de Capta\u00e7\u00e3o Leiteira (ICAP-L) do Cepea caiu 0,7% de outubro para novembro, pressionado por recuos mais intensos nos estados do Sul do Pa\u00eds, segundo o Cepea. <\/p>\n<p><h2>?\ufe0fClima limita produ\u00e7\u00e3o <\/h2>\n<\/p>\n<p> De acordo com a pesquisadora, a limita\u00e7\u00e3o da produ\u00e7\u00e3o de leite, por sua vez, se deve \u00e0 combina\u00e7\u00e3o de clima adverso \u00e0 atividade, devido \u00e0 seca e calor no Sudeste e Centro-Oeste e excesso de chuvas no Sul, com margens espremidas dos pecuaristas. <\/p>\n<p><h2>?Custo Operacional<\/h2>\n<\/p>\n<p> A pesquisa do Cepea mostra que o Custo Operacional Efetivo (COE) da pecu\u00e1ria leiteira na \u201cM\u00e9dia Brasil\u201d registrou alta de 0,6% em novembro, influenciado pelas valoriza\u00e7\u00f5es dos concentrados, adubos, corretivos e alguns medicamentos. <\/p>\n<p> Ainda que, no acumulado do ano, o COE apresente retra\u00e7\u00e3o, a diminui\u00e7\u00e3o do pre\u00e7o do leite supera a desvaloriza\u00e7\u00e3o dos insumos no mesmo per\u00edodo e, com isso, estima-se que a margem bruta dos pecuaristas tenha recuado expressivos 69% em 2023. <\/p>\n<p> Nesse contexto, os investimentos na atividade tendem a diminuir, o que contribui para enxugar a oferta. <\/p>\n<p><h2>?Importa\u00e7\u00f5es<\/h2>\n<\/p>\n<p> Com a queda no pre\u00e7o do leite, as importa\u00e7\u00f5es chegaram a perder for\u00e7a em setembro, por\u00e9m, voltaram a crescer em outubro e novembro. <\/p>\n<p> Dados da Secex mostram que as compras externas de queijos puxaram a alta de 5% nas importa\u00e7\u00f5es de novembro e que, no acumulado de 2023, o volume adquirido supera em mais de 70% o registrado no ano anterior. <\/p>\n<p>\u201cOs estoques de l\u00e1cteos estiveram, ainda assim, no geral, mais limitados em novembro \u2013 o que ajudou a frear a queda no pre\u00e7o de alguns l\u00e1cteos e a elevar, ainda que levemente, as cota\u00e7\u00f5es do UHT e da mu\u00e7arela em S\u00e3o Paulo\u201d, comenta Nat\u00e1lia.<\/p>\n<p> Essa valoriza\u00e7\u00e3o foi insuficiente para garantir rentabilidade aos latic\u00ednios, e o movimento de alta n\u00e3o deve se persistir em dezembro, prejudicado pela diminui\u00e7\u00e3o do consumo e pelo acirramento da concorr\u00eancia entre latic\u00ednios dom\u00e9sticos e entre os produtos brasileiros e importados. <\/p>\n<p><h2>V\u00cdDEOS: Tudo sobre Piracicaba e regi\u00e3o<\/h2>\n<\/p>\n<p>   <a href=\"https:\/\/g1.globo.com\/sp\/piracicaba-regiao\/edicao\/2021\/02\/08\/videos-tudo-sobre-piracicaba-e-regiao.ghtml\">    50 v\u00eddeos      <\/a>   <\/p>\n<p> <a class href=\"https:\/\/g1.globo.com\/sp\/piracicaba-regiao\/\">Veja mais not\u00edcias da regi\u00e3o no g1 Piracicaba<\/a> <\/p>\n<ul>\n<li> <a href=\"https:\/\/g1.globo.com\/sp\/piracicaba-regiao\/cidade\/piracicaba\/\" class=\"entities__list-itemLink\" data-track-click=\"Piracicaba\"> Piracicaba <\/a> <\/li>\n<\/ul>\n<h3> <a id=\"js-next-article-desktop-link\" class=\"next-article-desktop-link\"><\/a> <\/h3>\n<h3> <a id=\"js-next-article-smart-link\" class=\"next-article-smart-link\"><\/a> <\/h3>\n<p>Veja tamb\u00e9m<\/p>\n<\/p>\n<\/p>\n<p>       Anterior   Pr\u00f3ximo     <\/p>\n","protected":false},"excerpt":{"rendered":"<p>Com produ\u00e7\u00e3o limitada, pre\u00e7o do leite ao produtor sobe 1,3% ap\u00f3s seis quedas seguidas, aponta USP Centro de Estudos Avan\u00e7ados em Economia Aplicada da Esalq, em Piracicaba, indica alta no valor do produto. Agentes de mercado estimam estabilidade. Por g1 Piracicaba e Regi\u00e3o 03\/01\/2024 18h01 Atualizado 03\/01\/2024 1 de 3&#013;Produ\u00e7\u00e3o de leite no ES \u2014 [&hellip;]<\/p>\n","protected":false},"author":1,"featured_media":0,"comment_status":"closed","ping_status":"closed","sticky":false,"template":"","format":"standard","meta":{"footnotes":""},"categories":[],"tags":[],"class_list":["post-55996","post","type-post","status-publish","format-standard","hentry"],"_links":{"self":[{"href":"https:\/\/blog.corretoraideal.com.br\/index.php\/wp-json\/wp\/v2\/posts\/55996","targetHints":{"allow":["GET"]}}],"collection":[{"href":"https:\/\/blog.corretoraideal.com.br\/index.php\/wp-json\/wp\/v2\/posts"}],"about":[{"href":"https:\/\/blog.corretoraideal.com.br\/index.php\/wp-json\/wp\/v2\/types\/post"}],"author":[{"embeddable":true,"href":"https:\/\/blog.corretoraideal.com.br\/index.php\/wp-json\/wp\/v2\/users\/1"}],"replies":[{"embeddable":true,"href":"https:\/\/blog.corretoraideal.com.br\/index.php\/wp-json\/wp\/v2\/comments?post=55996"}],"version-history":[{"count":1,"href":"https:\/\/blog.corretoraideal.com.br\/index.php\/wp-json\/wp\/v2\/posts\/55996\/revisions"}],"predecessor-version":[{"id":55998,"href":"https:\/\/blog.corretoraideal.com.br\/index.php\/wp-json\/wp\/v2\/posts\/55996\/revisions\/55998"}],"wp:attachment":[{"href":"https:\/\/blog.corretoraideal.com.br\/index.php\/wp-json\/wp\/v2\/media?parent=55996"}],"wp:term":[{"taxonomy":"category","embeddable":true,"href":"https:\/\/blog.corretoraideal.com.br\/index.php\/wp-json\/wp\/v2\/categories?post=55996"},{"taxonomy":"post_tag","embeddable":true,"href":"https:\/\/blog.corretoraideal.com.br\/index.php\/wp-json\/wp\/v2\/tags?post=55996"}],"curies":[{"name":"wp","href":"https:\/\/api.w.org\/{rel}","templated":true}]}}