{"id":56011,"date":"2024-01-04T18:29:43","date_gmt":"2024-01-04T18:29:43","guid":{"rendered":"https:\/\/blog.corretoraideal.com.br\/?p=56011"},"modified":"2024-01-04T18:29:43","modified_gmt":"2024-01-04T18:29:43","slug":"projeto-botinho-preenche-vagas-em-2-horas-em-meio-a-instabilidade-no-site-ha-inscricao-para-cadastro-de-reserva-regiao-dos-lagos-g1","status":"publish","type":"post","link":"https:\/\/blog.corretoraideal.com.br\/index.php\/2024\/01\/04\/projeto-botinho-preenche-vagas-em-2-horas-em-meio-a-instabilidade-no-site-ha-inscricao-para-cadastro-de-reserva-regiao-dos-lagos-g1\/","title":{"rendered":"Projeto Botinho preenche vagas em 2 horas em meio \u00e0 instabilidade no site; h\u00e1 inscri\u00e7\u00e3o para cadastro de reserva | Regi\u00e3o dos Lagos | G1"},"content":{"rendered":"<br \/>\n<h1>Projeto Botinho preenche vagas em 2 horas em meio \u00e0 instabilidade no site; h\u00e1 inscri\u00e7\u00e3o para cadastro de reserva<\/h1>\n<h2>Muitos dizem que n\u00e3o conseguiram entrar no link de inscri\u00e7\u00e3o na manh\u00e3 desta quinta-feira (4). Desde 1963, projeto estimula a preven\u00e7\u00e3o a acidentes mar\u00edtimos, por meio de atividades l\u00fadicas orientadas.<\/h2>\n<p> Por g1 &mdash; Cabo Frio <\/p>\n<p>  04\/01\/2024 14h08    Atualizado  04\/01\/2024    <\/p>\n<p>                      1 de 2&#013;Projeto Botinho ocorre desde 1963, estimulando a preven\u00e7\u00e3o a acidentes mar\u00edtimos, por meio de atividades l\u00fadicas orientadas \u2014 Foto: CBMERJ    <\/p>\n<p> Projeto Botinho ocorre desde 1963, estimulando a preven\u00e7\u00e3o a acidentes mar\u00edtimos, por meio de atividades l\u00fadicas orientadas \u2014 Foto: CBMERJ <\/p>\n<p> Refer\u00eancia nacional e internacional de intera\u00e7\u00e3o social, educa\u00e7\u00e3o ambiental e preven\u00e7\u00e3o a afogamentos, o Projeto Botinho, do Corpo de Bombeiros do Rio de Janeiro, abriu as inscri\u00e7\u00f5es para a temporada 2024 nesta quinta-feira (4) e a procura foi t\u00e3o grande que, em duas horas, as cinco mil vagas j\u00e1 tinham sido preenchidas. <\/p>\n<p> Por conta do grande n\u00famero de acessos simult\u00e2neos, muitos usu\u00e1rios sequer conseguiram entrar no link de inscri\u00e7\u00e3o. <\/p>\n<p> &quot;Eu estou desde as 8 horas tentando fazer a inscri\u00e7\u00e3o e s\u00f3 d\u00e1 erro. Mesmo assim, continuei insistindo. Quando eu consegui entrar, para minha surpresa, as vagas j\u00e1 tinham se encerrado&quot;, afirmou Edson Luiz, morador de S\u00e3o Pedro D&#x27;Aldeia, em v\u00eddeo enviado \u00e0 Inter TV. <\/p>\n<p><h2>Inscri\u00e7\u00f5es para cadastro de reserva<\/h2>\n<\/p>\n<p>         2 de 2&#013;Projeto Botinho \u00e9 uma tradicional col\u00f4nia de f\u00e9rias realizada pelo Corpo de Bombeiros anualmente \u2014 Foto: CBMERJ\/Divulga\u00e7\u00e3o    <\/p>\n<p> Projeto Botinho \u00e9 uma tradicional col\u00f4nia de f\u00e9rias realizada pelo Corpo de Bombeiros anualmente \u2014 Foto: CBMERJ\/Divulga\u00e7\u00e3o <\/p>\n<p> Segundo o Corpo de Bombeiros, quem conseguiu se inscrever vai receber um e-mail de confirma\u00e7\u00e3o com instru\u00e7\u00f5es para a impress\u00e3o, preenchimento e entrega presencial de outros documentos, como atestado m\u00e9dico, nos dias 8 e 9 de janeiro. <\/p>\n<p> Caso n\u00e3o haja cumprimento dessa etapa, a vaga ficar\u00e1 dispon\u00edvel e ser\u00e1 preenchida por meio de um cadastro de reserva, <a class href=\"https:\/\/botinho.cbmerj.rj.gov.br\/inscricao\" target=\"_blank\" rel=\"noopener noreferrer\">cuja inscri\u00e7\u00e3o segue dispon\u00edvel no site do projeto Botinho.<\/a> <\/p>\n<p> As atividades v\u00e3o ocorrer de 15 a 26 de janeiro, das 8h \u00e0s 11h, em diversas praias em diferentes cidades (Veja abaixo). <\/p>\n<p> Desde 1963, projeto estimula a preven\u00e7\u00e3o a acidentes mar\u00edtimos, por meio de atividades l\u00fadicas orientadas. <\/p>\n<p><h2>Polos do Projeto Botinho 2024 nas regi\u00f5es:<\/h2>\n<\/p>\n<p><h2><a class href=\"https:\/\/g1.globo.com\/rj\/regiao-dos-lagos\/cidade\/marica\/\"><strong>Maric\u00e1<\/strong><\/a><\/h2>\n<\/p>\n<ul>\n<li>Praia de Itaipua\u00e7u &#8211; (Av. Beira Mar, s\/n\u00ba, pr\u00f3ximo \u00e0 Rua 1)<\/li>\n<li>Praia de Ponta Negra &#8211; (Av. Litor\u00e2nea, s\/ n\u00ba, Canto)<\/li>\n<\/ul>\n<p><h2><a class href=\"https:\/\/g1.globo.com\/rj\/norte-fluminense\/cidade\/campos-dos-goytacazes\/\"><strong>Campos dos Goytacazes<\/strong><\/a><\/h2>\n<\/p>\n<ul>\n<li>Praia de Farol de S\u00e3o Tom\u00e9<\/li>\n<\/ul>\n<p><h2><a class href=\"https:\/\/g1.globo.com\/rj\/norte-fluminense\/cidade\/sao-joao-da-barra\/\">S\u00e3o Jo\u00e3o da Barra<\/a><\/h2>\n<\/p>\n<ul>\n<li>Praia de Atafona<\/li>\n<\/ul>\n<p><h2><a class href=\"https:\/\/g1.globo.com\/rj\/regiao-dos-lagos\/cidade\/macae\/\">Maca\u00e9<\/a><\/h2>\n<\/p>\n<ul>\n<li>Praia de Cavaleiros (Av. Atl\u00e2ntica, s\/n &#8211; em frente ao Posto 2 Cavalheiro)<\/li>\n<\/ul>\n<p><h2><a class href=\"https:\/\/g1.globo.com\/rj\/regiao-dos-lagos\/cidade\/rio-das-ostras\/\">Rio das Ostras<\/a><\/h2>\n<\/p>\n<ul>\n<li>Costa Azul (Av. Costa Azul s\/n &#8211; em frente ao posto Base Costa Azul)<\/li>\n<\/ul>\n<p><h2><a class href=\"https:\/\/g1.globo.com\/rj\/regiao-dos-lagos\/cidade\/cabo-frio\/\">Cabo Frio<\/a><\/h2>\n<\/p>\n<ul>\n<li>Praia do Forte (Av. do Contorno &#8211; em frente \u00e0 Pra\u00e7a das \u00c1guas)<\/li>\n<li>Praia de Santo Ant\u00f4nio (Av. Beira Mar &#8211; em frente ao posto GV)<\/li>\n<\/ul>\n<p><h2><a class href=\"https:\/\/g1.globo.com\/rj\/regiao-dos-lagos\/cidade\/sao-pedro-da-aldeia\/\">S\u00e3o Pedro da Aldeia<\/a><\/h2>\n<\/p>\n<ul>\n<li>Praia do Centro (RJ 140, em frente \u00e0 rodovi\u00e1ria)<\/li>\n<\/ul>\n<p><h2><a class href=\"https:\/\/g1.globo.com\/rj\/regiao-dos-lagos\/cidade\/armacao-de-buzios\/\">Arma\u00e7\u00e3o dos B\u00fazios<\/a><\/h2>\n<\/p>\n<ul>\n<li>Praia de Gerib\u00e1 (canto direito)<\/li>\n<\/ul>\n<p><h2><a class href=\"https:\/\/g1.globo.com\/rj\/regiao-dos-lagos\/cidade\/araruama\/\">Araruama<\/a><\/h2>\n<\/p>\n<ul>\n<li>Praia Seca (Av. Colombo, 1798 &#8211; Praia do Dentinho, Praia Seca)<\/li>\n<\/ul>\n<p><h2><a class href=\"https:\/\/g1.globo.com\/rj\/regiao-dos-lagos\/cidade\/saquarema\/\">Saquarema<\/a><\/h2>\n<\/p>\n<ul>\n<li>Praia da Vila (Av. Ministro Salgado Filho, 148 &#8211; Praia da Vila, Saquarema)<\/li>\n<\/ul>\n<ul>\n<li> <a href=\"https:\/\/g1.globo.com\/rj\/regiao-dos-lagos\/cidade\/araruama\/\" class=\"entities__list-itemLink\" data-track-click=\"Araruama\"> Araruama <\/a> <\/li>\n<li> <a href=\"https:\/\/g1.globo.com\/rj\/regiao-dos-lagos\/cidade\/armacao-de-buzios\/\" class=\"entities__list-itemLink\" data-track-click=\"Arma\u00e7\u00e3o dos B\u00fazios\"> Arma\u00e7\u00e3o dos B\u00fazios <\/a> <\/li>\n<li> <a href=\"https:\/\/g1.globo.com\/rj\/regiao-dos-lagos\/cidade\/cabo-frio\/\" class=\"entities__list-itemLink\" data-track-click=\"Cabo Frio\"> Cabo Frio <\/a> <\/li>\n<li> <a href=\"https:\/\/g1.globo.com\/rj\/norte-fluminense\/cidade\/campos-dos-goytacazes\/\" class=\"entities__list-itemLink\" data-track-click=\"Campos dos Goytacazes\"> Campos dos Goytacazes <\/a> <\/li>\n<li> <a href=\"https:\/\/g1.globo.com\/rj\/regiao-dos-lagos\/cidade\/macae\/\" class=\"entities__list-itemLink\" data-track-click=\"Maca\u00e9\"> Maca\u00e9 <\/a> <\/li>\n<li> <a href=\"https:\/\/g1.globo.com\/rj\/regiao-dos-lagos\/cidade\/marica\/\" class=\"entities__list-itemLink\" data-track-click=\"Maric\u00e1\"> Maric\u00e1 <\/a> <\/li>\n<li> <a href=\"https:\/\/g1.globo.com\/rj\/regiao-dos-lagos\/cidade\/rio-das-ostras\/\" class=\"entities__list-itemLink\" data-track-click=\"Rio das Ostras\"> Rio das Ostras <\/a> <\/li>\n<li> <a href=\"https:\/\/g1.globo.com\/rj\/regiao-dos-lagos\/cidade\/saquarema\/\" class=\"entities__list-itemLink\" data-track-click=\"Saquarema\"> Saquarema <\/a> <\/li>\n<li> <a href=\"https:\/\/g1.globo.com\/rj\/norte-fluminense\/cidade\/sao-joao-da-barra\/\" class=\"entities__list-itemLink\" data-track-click=\"S\u00e3o Jo\u00e3o da Barra\"> S\u00e3o Jo\u00e3o da Barra <\/a> <\/li>\n<li> <a href=\"https:\/\/g1.globo.com\/rj\/regiao-dos-lagos\/cidade\/sao-pedro-da-aldeia\/\" class=\"entities__list-itemLink\" data-track-click=\"S\u00e3o Pedro da Aldeia\"> S\u00e3o Pedro da Aldeia <\/a> <\/li>\n<\/ul>\n<h3> <a id=\"js-next-article-desktop-link\" class=\"next-article-desktop-link\"><\/a> <\/h3>\n<h3> <a id=\"js-next-article-smart-link\" class=\"next-article-smart-link\"><\/a> <\/h3>\n<p>Veja tamb\u00e9m<\/p>\n<\/p>\n<\/p>\n<p>       Anterior   Pr\u00f3ximo     <\/p>\n","protected":false},"excerpt":{"rendered":"<p>Projeto Botinho preenche vagas em 2 horas em meio \u00e0 instabilidade no site; h\u00e1 inscri\u00e7\u00e3o para cadastro de reserva Muitos dizem que n\u00e3o conseguiram entrar no link de inscri\u00e7\u00e3o na manh\u00e3 desta quinta-feira (4). Desde 1963, projeto estimula a preven\u00e7\u00e3o a acidentes mar\u00edtimos, por meio de atividades l\u00fadicas orientadas. Por g1 &mdash; Cabo Frio 04\/01\/2024 [&hellip;]<\/p>\n","protected":false},"author":1,"featured_media":0,"comment_status":"closed","ping_status":"closed","sticky":false,"template":"","format":"standard","meta":{"footnotes":""},"categories":[],"tags":[],"class_list":["post-56011","post","type-post","status-publish","format-standard","hentry"],"_links":{"self":[{"href":"https:\/\/blog.corretoraideal.com.br\/index.php\/wp-json\/wp\/v2\/posts\/56011","targetHints":{"allow":["GET"]}}],"collection":[{"href":"https:\/\/blog.corretoraideal.com.br\/index.php\/wp-json\/wp\/v2\/posts"}],"about":[{"href":"https:\/\/blog.corretoraideal.com.br\/index.php\/wp-json\/wp\/v2\/types\/post"}],"author":[{"embeddable":true,"href":"https:\/\/blog.corretoraideal.com.br\/index.php\/wp-json\/wp\/v2\/users\/1"}],"replies":[{"embeddable":true,"href":"https:\/\/blog.corretoraideal.com.br\/index.php\/wp-json\/wp\/v2\/comments?post=56011"}],"version-history":[{"count":1,"href":"https:\/\/blog.corretoraideal.com.br\/index.php\/wp-json\/wp\/v2\/posts\/56011\/revisions"}],"predecessor-version":[{"id":56013,"href":"https:\/\/blog.corretoraideal.com.br\/index.php\/wp-json\/wp\/v2\/posts\/56011\/revisions\/56013"}],"wp:attachment":[{"href":"https:\/\/blog.corretoraideal.com.br\/index.php\/wp-json\/wp\/v2\/media?parent=56011"}],"wp:term":[{"taxonomy":"category","embeddable":true,"href":"https:\/\/blog.corretoraideal.com.br\/index.php\/wp-json\/wp\/v2\/categories?post=56011"},{"taxonomy":"post_tag","embeddable":true,"href":"https:\/\/blog.corretoraideal.com.br\/index.php\/wp-json\/wp\/v2\/tags?post=56011"}],"curies":[{"name":"wp","href":"https:\/\/api.w.org\/{rel}","templated":true}]}}