{"id":56014,"date":"2024-01-04T20:29:39","date_gmt":"2024-01-04T20:29:39","guid":{"rendered":"https:\/\/blog.corretoraideal.com.br\/?p=56014"},"modified":"2024-01-04T20:29:39","modified_gmt":"2024-01-04T20:29:39","slug":"justica-da-argentina-toma-2a-decisao-para-suspender-reforma-trabalhista-de-milei-mundo-g1","status":"publish","type":"post","link":"https:\/\/blog.corretoraideal.com.br\/index.php\/2024\/01\/04\/justica-da-argentina-toma-2a-decisao-para-suspender-reforma-trabalhista-de-milei-mundo-g1\/","title":{"rendered":"Justi\u00e7a da Argentina toma 2\u00aa decis\u00e3o para suspender reforma trabalhista de Milei | Mundo | G1"},"content":{"rendered":"<br \/>\n<h1>Justi\u00e7a da Argentina toma 2\u00aa decis\u00e3o para suspender reforma trabalhista de Milei<\/h1>\n<h2>Os mesmos ju\u00edzes tomaram duas decis\u00f5es para suspender a reforma trabalhista do novo presidente. Cada decis\u00e3o foi tomada em uma a\u00e7\u00e3o diferente, mas na pr\u00e1tica o efeito das duas \u00e9 o mesmo: por enquanto, as mudan\u00e7as que Milei queria implementar est\u00e3o suspensas.<\/h2>\n<p> Por g1 <\/p>\n<p>  04\/01\/2024 15h02    Atualizado  04\/01\/2024    <\/p>\n<p>                                <img loading=\"lazy\" decoding=\"async\" class=\"aligncenter size-full wp-image-56016\" src=\"https:\/\/blog.corretoraideal.com.br\/wp-content\/uploads\/2024\/01\/milei-manda-pacote-pro-congresso-decretando-emergencia-ate-2025.jpeg\" alt=\"Milei manda pacote pro Congresso decretando emerg\u00eancia at\u00e9 2025\" width=\"800\" height=\"400\" \/>       <\/p>\n<p> Milei manda pacote pro Congresso decretando emerg\u00eancia at\u00e9 2025 <\/p>\n<p> A Justi\u00e7a do Trabalho da <a class href=\"https:\/\/g1.globo.com\/tudo-sobre\/argentina\/\">Argentina<\/a> deu nesta quinta-feira (4) uma nova medida cautelar para suspender a reforma trabalhista do presidente Javier Milei. <\/p>\n<p> <a class href=\"https:\/\/www.whatsapp.com\/channel\/0029VaAxqZz0G0XbwyLjdi1L\" target=\"_blank\" rel=\"noopener noreferrer\"><strong>\u2705 Clique aqui para seguir o canal de not\u00edcias internacionais do g1 no WhatsApp<\/strong><\/a> <\/p>\n<p> Na quarta-feira a Justi\u00e7a do Trabalho j\u00e1 tinha suspendido a reforma com uma primeira medida cautelar. <\/p>\n<p> As duas decis\u00f5es foram tomadas pelos mesmos ju\u00edzes, mas elas se originaram de a\u00e7\u00f5es distintas, cada uma protocolada por uma central sindical diferente. <\/p>\n<p> A decis\u00e3o mais recente determina que \u00e9 preciso dar uma ordem liminar at\u00e9 que haja uma decis\u00e3o definitiva do caso porque h\u00e1 um grande risco de conflito social e a possibilidade de viol\u00eancia. <\/p>\n<p> Na pr\u00e1tica, as duas decis\u00f5es t\u00eam o mesmo impacto: suspendem provisoriamente a reforma trabalhista. <\/p>\n<p> As altera\u00e7\u00f5es nas regras trabalhistas que Milei quer implementar foram consideradas pol\u00eamicas no pa\u00eds. Entre as mudan\u00e7as que mais desagradaram as centrais sindicais est\u00e3o o aumento do per\u00edodo de experi\u00eancia para 8 meses, a participa\u00e7\u00e3o em manifesta\u00e7\u00f5es como motivo legal para demiss\u00f5es e mudan\u00e7as no sistema de indeniza\u00e7\u00f5es dos profissionais que saem de uma empresa. <\/p>\n<p><h2>Reforma trabalhista<\/h2>\n<\/p>\n<p> Milei afirma que as mudan\u00e7as que ele prop\u00f5e para as regras trabalhistas s\u00e3o uma moderniza\u00e7\u00e3o. <\/p>\n<p> Pela reforma, os empres\u00e1rios ter\u00e3o mais facilidade e menos custos para demitir empregados. Hoje, os empregados n\u00e3o podem ser demitidos por qualquer motivo e recebem indeniza\u00e7\u00f5es quando saem da empresa. <\/p>\n<p> Assim como no Brasil, tamb\u00e9m h\u00e1 previs\u00e3o de um per\u00edodo de experi\u00eancia de tr\u00eas meses. Se a empresa decidir demitir o funcion\u00e1rio antes dessa fase de experi\u00eancia, n\u00e3o precisa pagar algumas indeniza\u00e7\u00f5es. Pela proposta de Milei, esse tempo ser\u00e1 expandido para oito meses. <\/p>\n<p> Outra regra que pode ser alterada \u00e9 uma multa que a empresa precisa pagar caso n\u00e3o cadastre corretamente o empregado. Milei quer acabar com essa multa. <\/p>\n<p><h2>&quot;Decreta\u00e7o&quot;<\/h2>\n<\/p>\n<p> Anunciado em 20 de dezembro, o Decreto de Necessidade e Urg\u00eancia (DNU), visa reformar ou revogar mais de 350 normas. <\/p>\n<p> Entre outros pontos, o decreto desregulamenta o servi\u00e7o de internet via sat\u00e9lite e a medicina privada, flexibiliza o mercado de trabalho e revoga uma s\u00e9rie de leis nacionais. As medidas incluem tamb\u00e9m a convers\u00e3o de diversas empresas estatais em sociedades an\u00f4nimas, facilitando o processo de privatiza\u00e7\u00e3o dessas institui\u00e7\u00f5es. <\/p>\n<p> <strong>Entre as medidas anunciadas por Milei, est\u00e3o:<\/strong> <\/p>\n<ul>\n<li>Revoga\u00e7\u00e3o da Lei do Aluguel.<\/li>\n<li>Revoga\u00e7\u00e3o da Lei de Abastecimento.<\/li>\n<li>Revoga\u00e7\u00e3o da Lei das G\u00f4ndolas.<\/li>\n<li>Revoga\u00e7\u00e3o da Lei Nacional de Compras.<\/li>\n<li>Revoga\u00e7\u00e3o do Observat\u00f3rio de Pre\u00e7os do Minist\u00e9rio da Economia.<\/li>\n<li>Revoga\u00e7\u00e3o da Lei de Promo\u00e7\u00e3o Industrial.<\/li>\n<li>Revoga\u00e7\u00e3o da Lei de Promo\u00e7\u00e3o Comercial.<\/li>\n<li>Revoga\u00e7\u00e3o da regulamenta\u00e7\u00e3o que impede a privatiza\u00e7\u00e3o de empresas p\u00fablicas.<\/li>\n<li>Revoga\u00e7\u00e3o do regime das empresas estatais.<\/li>\n<li>Transforma\u00e7\u00e3o de todas as empresas do Estado em sociedades an\u00f4nimas para sua subsequente privatiza\u00e7\u00e3o.<\/li>\n<li>Moderniza\u00e7\u00e3o do regime de trabalho para facilitar o processo de gera\u00e7\u00e3o de emprego.<\/li>\n<li>Reforma do C\u00f3digo Aduaneiro para facilitar o com\u00e9rcio internacional.<\/li>\n<li>Revoga\u00e7\u00e3o da Lei de Terras.<\/li>\n<li>Modifica\u00e7\u00e3o da Lei de Combate ao Fogo.<\/li>\n<li>Revoga\u00e7\u00e3o das obriga\u00e7\u00f5es das usinas de a\u00e7\u00facar quanto \u00e0 produ\u00e7\u00e3o.<\/li>\n<li>Libera\u00e7\u00e3o do regime jur\u00eddico aplic\u00e1vel ao setor vitivin\u00edcola.<\/li>\n<li>Revoga\u00e7\u00e3o do sistema nacional de com\u00e9rcio mineiro e do Banco de Informa\u00e7\u00e3o Mineiro.<\/li>\n<li>Autoriza\u00e7\u00e3o para transfer\u00eancia do pacote total ou parcial de a\u00e7\u00f5es da companhias a\u00e9reas argentinas.<\/li>\n<li>Implementa\u00e7\u00e3o da pol\u00edtica de c\u00e9u aberto.<\/li>\n<li>Modifica\u00e7\u00e3o do C\u00f3digo Civil e Comercial para refor\u00e7ar o princ\u00edpio da liberdade contratual entre as partes.<\/li>\n<li>Modifica\u00e7\u00e3o do C\u00f3digo Civil e Comercial para garantir que as obriga\u00e7\u00f5es contratuais em moeda estrangeira sejam pagas na moeda acordada.<\/li>\n<li>Modifica\u00e7\u00e3o do marco regulat\u00f3rio de medicamentos pr\u00e9-pagos e obras sociais.<\/li>\n<li>Elimina\u00e7\u00e3o de restri\u00e7\u00f5es de pre\u00e7os na ind\u00fastria pr\u00e9-paga.<\/li>\n<li>Incorpora\u00e7\u00e3o de empresas de medicamentos pr\u00e9-pagos ao regime de obras sociais.<\/li>\n<li>Estabelecimento das prescri\u00e7\u00f5es m\u00e9dicas eletr\u00f4nicas.<\/li>\n<li>Modifica\u00e7\u00f5es ao regime das empresas farmac\u00eauticas para promover concorr\u00eancia e reduzir custos.<\/li>\n<li>Modifica\u00e7\u00e3o da Lei das Sociedades por A\u00e7\u00f5es para que os clubes de futebol possam se tornar corpora\u00e7\u00f5es.<\/li>\n<li>Desregulamenta\u00e7\u00e3o dos servi\u00e7os de Internet via sat\u00e9lite.<\/li>\n<li>Desregulamenta\u00e7\u00e3o do setor de turismo.<\/li>\n<li>Incorpora\u00e7\u00e3o de ferramentas digitais para procedimentos de registro automotivo.<\/li>\n<\/ul>\n<ul>\n<li> <a href=\"https:\/\/g1.globo.com\/tudo-sobre\/argentina\/\" class=\"entities__list-itemLink\" data-track-click=\"Argentina\"> Argentina <\/a> <\/li>\n<\/ul>\n<h3> <a id=\"js-next-article-desktop-link\" class=\"next-article-desktop-link\"><\/a> <\/h3>\n<h3> <a id=\"js-next-article-smart-link\" class=\"next-article-smart-link\"><\/a> <\/h3>\n<p>Veja tamb\u00e9m<\/p>\n<\/p>\n<\/p>\n<p>       Anterior   Pr\u00f3ximo     <\/p>\n","protected":false},"excerpt":{"rendered":"<p>Justi\u00e7a da Argentina toma 2\u00aa decis\u00e3o para suspender reforma trabalhista de Milei Os mesmos ju\u00edzes tomaram duas decis\u00f5es para suspender a reforma trabalhista do novo presidente. Cada decis\u00e3o foi tomada em uma a\u00e7\u00e3o diferente, mas na pr\u00e1tica o efeito das duas \u00e9 o mesmo: por enquanto, as mudan\u00e7as que Milei queria implementar est\u00e3o suspensas. Por [&hellip;]<\/p>\n","protected":false},"author":1,"featured_media":0,"comment_status":"closed","ping_status":"closed","sticky":false,"template":"","format":"standard","meta":{"footnotes":""},"categories":[],"tags":[],"class_list":["post-56014","post","type-post","status-publish","format-standard","hentry"],"_links":{"self":[{"href":"https:\/\/blog.corretoraideal.com.br\/index.php\/wp-json\/wp\/v2\/posts\/56014","targetHints":{"allow":["GET"]}}],"collection":[{"href":"https:\/\/blog.corretoraideal.com.br\/index.php\/wp-json\/wp\/v2\/posts"}],"about":[{"href":"https:\/\/blog.corretoraideal.com.br\/index.php\/wp-json\/wp\/v2\/types\/post"}],"author":[{"embeddable":true,"href":"https:\/\/blog.corretoraideal.com.br\/index.php\/wp-json\/wp\/v2\/users\/1"}],"replies":[{"embeddable":true,"href":"https:\/\/blog.corretoraideal.com.br\/index.php\/wp-json\/wp\/v2\/comments?post=56014"}],"version-history":[{"count":1,"href":"https:\/\/blog.corretoraideal.com.br\/index.php\/wp-json\/wp\/v2\/posts\/56014\/revisions"}],"predecessor-version":[{"id":56017,"href":"https:\/\/blog.corretoraideal.com.br\/index.php\/wp-json\/wp\/v2\/posts\/56014\/revisions\/56017"}],"wp:attachment":[{"href":"https:\/\/blog.corretoraideal.com.br\/index.php\/wp-json\/wp\/v2\/media?parent=56014"}],"wp:term":[{"taxonomy":"category","embeddable":true,"href":"https:\/\/blog.corretoraideal.com.br\/index.php\/wp-json\/wp\/v2\/categories?post=56014"},{"taxonomy":"post_tag","embeddable":true,"href":"https:\/\/blog.corretoraideal.com.br\/index.php\/wp-json\/wp\/v2\/tags?post=56014"}],"curies":[{"name":"wp","href":"https:\/\/api.w.org\/{rel}","templated":true}]}}