{"id":56018,"date":"2024-01-04T23:29:48","date_gmt":"2024-01-04T23:29:48","guid":{"rendered":"https:\/\/blog.corretoraideal.com.br\/?p=56018"},"modified":"2024-01-04T23:29:48","modified_gmt":"2024-01-04T23:29:48","slug":"bom-jesus-do-itabapoana-abre-cadastramento-para-o-mapeamento-cultural-2024-norte-fluminense-g1","status":"publish","type":"post","link":"https:\/\/blog.corretoraideal.com.br\/index.php\/2024\/01\/04\/bom-jesus-do-itabapoana-abre-cadastramento-para-o-mapeamento-cultural-2024-norte-fluminense-g1\/","title":{"rendered":"Bom Jesus do Itabapoana abre cadastramento para o Mapeamento Cultural 2024 | Norte Fluminense | G1"},"content":{"rendered":"<br \/>\n<h1>Bom Jesus do Itabapoana abre cadastramento para o Mapeamento Cultural 2024<\/h1>\n<h2>Etapa \u00e9 essencial para trabalhadores da \u00e1rea da cultura participarem de futuros editais das leis Paulo Gustavo e Aldir Blanc, que disponibilizam recursos federais.<\/h2>\n<p> Por g1 &mdash; Norte Fluminense <\/p>\n<p>  04\/01\/2024 15h33    Atualizado  04\/01\/2024    <\/p>\n<p> A Secretaria de Cultura de <a class href=\"https:\/\/g1.globo.com\/rj\/norte-fluminense\/cidade\/bom-jesus-do-itabapoana\/\">Bom Jesus do Itabapoana<\/a>, no Noroeste Fluminense, est\u00e1 realizando o Mapeamento Cultural dando in\u00edcio, nesta quinta-feira (4), ao cadastramento dos trabalhadores de cultura da cidade. <\/p>\n<p> O cadastro pode ser feito at\u00e9 o dia 18 de janeiro. A Prefeitura explica que os fazedores de cultura j\u00e1 cadastrando n\u00e3o precisam realizar esse processo. <\/p>\n<p> A inscri\u00e7\u00e3o ocorre na Secretaria de Cultura, Turismo e Urbanismo, localizada na Avenida Padre Mello, 13, Centro (sobre a Sala do Empreendedor). <\/p>\n<p><h2>Documentos necess\u00e1rios<\/h2>\n<\/p>\n<p> <strong>Para o cadastro \u00e9 preciso apresentar: <\/strong> <\/p>\n<ul>\n<li>C\u00f3pia do CPF e RG;<\/li>\n<li>Comprovante de resid\u00eancia dos \u00faltimos tr\u00eas meses;<\/li>\n<li>e um portf\u00f3lio cultural que comprove atua\u00e7\u00e3o na \u00e1rea cultural por pelo menos 2 anos.<\/li>\n<\/ul>\n<p> A Prefeitura lembra que o cadastramento \u00e9 essencial para quem deseja participar de futuros editais das leis Paulo Gustavo e Aldir Blanc, que disponibilizam recursos federais. <\/p>\n<ul>\n<li> <a href=\"https:\/\/g1.globo.com\/rj\/norte-fluminense\/cidade\/bom-jesus-do-itabapoana\/\" class=\"entities__list-itemLink\" data-track-click=\"Bom Jesus do Itabapoana\"> Bom Jesus do Itabapoana <\/a> <\/li>\n<\/ul>\n<h3> <a id=\"js-next-article-desktop-link\" class=\"next-article-desktop-link\"><\/a> <\/h3>\n<h3> <a id=\"js-next-article-smart-link\" class=\"next-article-smart-link\"><\/a> <\/h3>\n<p>Veja tamb\u00e9m<\/p>\n<\/p>\n<\/p>\n<p>       Anterior   Pr\u00f3ximo     <\/p>\n","protected":false},"excerpt":{"rendered":"<p>Bom Jesus do Itabapoana abre cadastramento para o Mapeamento Cultural 2024 Etapa \u00e9 essencial para trabalhadores da \u00e1rea da cultura participarem de futuros editais das leis Paulo Gustavo e Aldir Blanc, que disponibilizam recursos federais. Por g1 &mdash; Norte Fluminense 04\/01\/2024 15h33 Atualizado 04\/01\/2024 A Secretaria de Cultura de Bom Jesus do Itabapoana, no Noroeste [&hellip;]<\/p>\n","protected":false},"author":1,"featured_media":0,"comment_status":"closed","ping_status":"closed","sticky":false,"template":"","format":"standard","meta":{"footnotes":""},"categories":[],"tags":[],"class_list":["post-56018","post","type-post","status-publish","format-standard","hentry"],"_links":{"self":[{"href":"https:\/\/blog.corretoraideal.com.br\/index.php\/wp-json\/wp\/v2\/posts\/56018","targetHints":{"allow":["GET"]}}],"collection":[{"href":"https:\/\/blog.corretoraideal.com.br\/index.php\/wp-json\/wp\/v2\/posts"}],"about":[{"href":"https:\/\/blog.corretoraideal.com.br\/index.php\/wp-json\/wp\/v2\/types\/post"}],"author":[{"embeddable":true,"href":"https:\/\/blog.corretoraideal.com.br\/index.php\/wp-json\/wp\/v2\/users\/1"}],"replies":[{"embeddable":true,"href":"https:\/\/blog.corretoraideal.com.br\/index.php\/wp-json\/wp\/v2\/comments?post=56018"}],"version-history":[{"count":1,"href":"https:\/\/blog.corretoraideal.com.br\/index.php\/wp-json\/wp\/v2\/posts\/56018\/revisions"}],"predecessor-version":[{"id":56020,"href":"https:\/\/blog.corretoraideal.com.br\/index.php\/wp-json\/wp\/v2\/posts\/56018\/revisions\/56020"}],"wp:attachment":[{"href":"https:\/\/blog.corretoraideal.com.br\/index.php\/wp-json\/wp\/v2\/media?parent=56018"}],"wp:term":[{"taxonomy":"category","embeddable":true,"href":"https:\/\/blog.corretoraideal.com.br\/index.php\/wp-json\/wp\/v2\/categories?post=56018"},{"taxonomy":"post_tag","embeddable":true,"href":"https:\/\/blog.corretoraideal.com.br\/index.php\/wp-json\/wp\/v2\/tags?post=56018"}],"curies":[{"name":"wp","href":"https:\/\/api.w.org\/{rel}","templated":true}]}}