{"id":56024,"date":"2024-01-05T01:29:45","date_gmt":"2024-01-05T01:29:45","guid":{"rendered":"https:\/\/blog.corretoraideal.com.br\/?p=56024"},"modified":"2024-01-05T01:29:45","modified_gmt":"2024-01-05T01:29:45","slug":"brasil-quita-r-46-bilhoes-em-dividas-com-organismos-internacionais-diz-governo-economia-g1","status":"publish","type":"post","link":"https:\/\/blog.corretoraideal.com.br\/index.php\/2024\/01\/05\/brasil-quita-r-46-bilhoes-em-dividas-com-organismos-internacionais-diz-governo-economia-g1\/","title":{"rendered":"Brasil quita R$ 4,6 bilh\u00f5es em d\u00edvidas com organismos internacionais, diz governo | Economia | G1"},"content":{"rendered":"<br \/>\n<h1>Brasil quita R$ 4,6 bilh\u00f5es em d\u00edvidas com organismos internacionais, diz governo<\/h1>\n<h2>Do total, R$ 2,73 bilh\u00f5es s\u00e3o de passivos consolidados no fim de 2022 \u2013 ou seja, d\u00edvidas que n\u00e3o foram pagas nos exerc\u00edcios anteriores. <\/h2>\n<p> Por <a class=\"multi_signatures\" href=\"https:\/\/g1.globo.com\/autores\/lais-carregosa\/\">Lais Carregosa<\/a>, g1 &mdash; Bras\u00edlia <\/p>\n<p>  04\/01\/2024 18h37    Atualizado  04\/01\/2024    <\/p>\n<ul>\n<li>\n<p> Brasil quita d\u00edvida R$ 4,6 bilh\u00f5es com organismos internacionais como a Organiza\u00e7\u00e3o das Na\u00e7\u00f5es Unidas (ONU). <\/p>\n<\/li>\n<li>\n<p> Informa\u00e7\u00e3o \u00e9 do Minist\u00e9rio do Planejamento, que informou que R$ 2,73 bilh\u00f5es do total s\u00e3o de passivos consolidados em 31 de dezembro de 2022. <\/p>\n<\/li>\n<li>\n<p> Referente ao ano de 2023 s\u00e3o R$ 1,89 bilh\u00e3o em d\u00edvidas. <\/p>\n<\/li>\n<li>\n<p> Quita\u00e7\u00e3o dos d\u00e9bitos com a ONU assegura o direito de voto do Brasil na Assembleia Geral das Na\u00e7\u00f5es Unidas em 2024. <\/p>\n<\/li>\n<\/ul>\n<p> Brasil quita d\u00edvida R$ 4,6 bilh\u00f5es com organismos internacionais como a Organiza\u00e7\u00e3o das Na\u00e7\u00f5es Unidas (ONU). <\/p>\n<p> Informa\u00e7\u00e3o \u00e9 do Minist\u00e9rio do Planejamento, que informou que R$ 2,73 bilh\u00f5es do total s\u00e3o de passivos consolidados em 31 de dezembro de 2022. <\/p>\n<p> Referente ao ano de 2023 s\u00e3o R$ 1,89 bilh\u00e3o em d\u00edvidas. <\/p>\n<p> Quita\u00e7\u00e3o dos d\u00e9bitos com a ONU assegura o direito de voto do Brasil na Assembleia Geral das Na\u00e7\u00f5es Unidas em 2024. <\/p>\n<p>                   <img loading=\"lazy\" decoding=\"async\" class=\"aligncenter size-full wp-image-56026\" src=\"https:\/\/blog.corretoraideal.com.br\/wp-content\/uploads\/2024\/01\/brasil-paga-dividas-com-organismos-internacionais.jpeg\" alt=\"Brasil paga d\u00edvidas com organismos internacionais\" width=\"800\" height=\"400\" \/>       <\/p>\n<p> Brasil paga d\u00edvidas com organismos internacionais <\/p>\n<p> O Brasil quitou R$ 4,6 bilh\u00f5es em d\u00edvidas com organismos internacionais como a Organiza\u00e7\u00e3o das Na\u00e7\u00f5es Unidas (<a class href=\"https:\/\/g1.globo.com\/tudo-sobre\/onu\/\">ONU<\/a>) e outros. As informa\u00e7\u00f5es s\u00e3o do <a class href=\"https:\/\/g1.globo.com\/tudo-sobre\/ministerio-do-planejamento\/\">Minist\u00e9rio do Planejamento<\/a> e Or\u00e7amento, nesta quinta-feira (4). <\/p>\n<p> Segundo a pasta, do total: <\/p>\n<ul>\n<li>R$ 2,73 bilh\u00f5es s\u00e3o de passivos consolidados em 31 de dezembro de 2022. Ou seja, d\u00e9bitos n\u00e3o pagos nos exerc\u00edcios anteriores; <\/li>\n<li>R$ 1,89 bilh\u00e3o s\u00e3o referentes ao ano de 2023. <\/li>\n<\/ul>\n<p> De acordo com a pasta, foram pagos em 2023: <\/p>\n<ul>\n<li>R$ 289 milh\u00f5es em or\u00e7amento regular \u00e0 ONU; <\/li>\n<li>R$ 1,1 bilh\u00e3o de passivos referentes a miss\u00f5es de paz da ONU; <\/li>\n<li>R$ 500 milh\u00f5es ao Fundo para Converg\u00eancia Estrutural do Mercosul. <\/li>\n<\/ul>\n<p> O Minist\u00e9rio de Planejamento e Or\u00e7amento n\u00e3o detalhou os demais pagamentos. <\/p>\n<p> A pasta afirma que a <strong>quita\u00e7\u00e3o dos d\u00e9bitos com a ONU assegura o direito de voto do Brasil na Assembleia Geral das Na\u00e7\u00f5es Unidas em 2024. <\/strong> <\/p>\n<p> Em 2023, o pa\u00eds tamb\u00e9m retomou o direito de voto na Organiza\u00e7\u00e3o Internacional para as Migra\u00e7\u00f5es (OIM); na Organiza\u00e7\u00e3o do Tratado de Proibi\u00e7\u00e3o Completa de Testes Nucleares (CTBTO); na Ag\u00eancia Internacional de Energia At\u00f4mica (AIEA); na Organiza\u00e7\u00e3o para a Proibi\u00e7\u00e3o das Armas Qu\u00edmicas (OPAQ) e no Tribunal Penal Internacional (TPI). <\/p>\n<p> <strong>No Or\u00e7amento de 2024, as despesas com contribui\u00e7\u00f5es a organismos internacionais foram classificadas como obrigat\u00f3rias.<\/strong> Para o governo, isso \u201cevitar\u00e1 o ac\u00famulo futuro de passivos com organismos internacionais de direito internacional p\u00fablico\u201d. <\/p>\n<p> Em nota, o Minist\u00e9rio afirmou que o pagamento \u201cfortalece a imagem do Brasil no cen\u00e1rio internacional global e regional, reafirma o compromisso do pa\u00eds com o multilateralismo e refor\u00e7a a capacidade de atua\u00e7\u00e3o diplom\u00e1tica em prol dos interesses nacionais e dos princ\u00edpios que regem a pol\u00edtica externa brasileira\u201d. <\/p>\n<p><h2>D\u00edvida com a ONU <\/h2>\n<\/p>\n<p> Em 2022, ap\u00f3s levantamento a pedido da BBC News Brasil, a <a class href=\"https:\/\/g1.globo.com\/mundo\/noticia\/2022\/09\/20\/bolsonaro-abre-assembleia-geral-da-onu-brasil-deve-r-15-bilhao-a-organizacao.ghtml\">ONU indicou que a d\u00edvida do Brasil era de US$ 306 milh\u00f5es, o equivalente a R$ 1,5 bilh\u00e3o \u00e0 \u00e9poca. <\/a> <\/p>\n<p> <strong>Pelas regras da organiza\u00e7\u00e3o, caso um pa\u00eds acumule uma d\u00edvida equivalente a dois anos ou mais de suas contribui\u00e7\u00f5es regulares, ele pode perder o direito de voto.<\/strong> O Brasil havia feito alguns pagamentos da d\u00edvida para evitar essa consequ\u00eancia. <\/p>\n<p> No fim de 2020, por exemplo, o ent\u00e3o presidente Jair Bolsonaro (PL) sancionou um projeto de lei que a<a class href=\"https:\/\/g1.globo.com\/politica\/noticia\/2020\/12\/24\/bolsonaro-assina-credito-de-r-33-bilhoes-para-pagar-dividas-com-a-onu-diz-governo.ghtml\">briu cr\u00e9dito suplementar de R$ 3,3 bilh\u00f5es para pagar parte das d\u00edvidas.<\/a> <\/p>\n<ul>\n<li> <a href=\"https:\/\/g1.globo.com\/tudo-sobre\/ministerio-do-planejamento\/\" class=\"entities__list-itemLink\" data-track-click=\"Minist\u00e9rio do Planejamento\"> Minist\u00e9rio do Planejamento <\/a> <\/li>\n<li> <a href=\"https:\/\/g1.globo.com\/tudo-sobre\/onu\/\" class=\"entities__list-itemLink\" data-track-click=\"ONU\"> ONU <\/a> <\/li>\n<\/ul>\n<h3> <a id=\"js-next-article-desktop-link\" class=\"next-article-desktop-link\"><\/a> <\/h3>\n<h3> <a id=\"js-next-article-smart-link\" class=\"next-article-smart-link\"><\/a> <\/h3>\n<p>Veja tamb\u00e9m<\/p>\n<\/p>\n<\/p>\n<p>       Anterior   Pr\u00f3ximo     <\/p>\n","protected":false},"excerpt":{"rendered":"<p>Brasil quita R$ 4,6 bilh\u00f5es em d\u00edvidas com organismos internacionais, diz governo Do total, R$ 2,73 bilh\u00f5es s\u00e3o de passivos consolidados no fim de 2022 \u2013 ou seja, d\u00edvidas que n\u00e3o foram pagas nos exerc\u00edcios anteriores. Por Lais Carregosa, g1 &mdash; Bras\u00edlia 04\/01\/2024 18h37 Atualizado 04\/01\/2024 Brasil quita d\u00edvida R$ 4,6 bilh\u00f5es com organismos internacionais [&hellip;]<\/p>\n","protected":false},"author":1,"featured_media":0,"comment_status":"closed","ping_status":"closed","sticky":false,"template":"","format":"standard","meta":{"footnotes":""},"categories":[],"tags":[],"class_list":["post-56024","post","type-post","status-publish","format-standard","hentry"],"_links":{"self":[{"href":"https:\/\/blog.corretoraideal.com.br\/index.php\/wp-json\/wp\/v2\/posts\/56024","targetHints":{"allow":["GET"]}}],"collection":[{"href":"https:\/\/blog.corretoraideal.com.br\/index.php\/wp-json\/wp\/v2\/posts"}],"about":[{"href":"https:\/\/blog.corretoraideal.com.br\/index.php\/wp-json\/wp\/v2\/types\/post"}],"author":[{"embeddable":true,"href":"https:\/\/blog.corretoraideal.com.br\/index.php\/wp-json\/wp\/v2\/users\/1"}],"replies":[{"embeddable":true,"href":"https:\/\/blog.corretoraideal.com.br\/index.php\/wp-json\/wp\/v2\/comments?post=56024"}],"version-history":[{"count":1,"href":"https:\/\/blog.corretoraideal.com.br\/index.php\/wp-json\/wp\/v2\/posts\/56024\/revisions"}],"predecessor-version":[{"id":56027,"href":"https:\/\/blog.corretoraideal.com.br\/index.php\/wp-json\/wp\/v2\/posts\/56024\/revisions\/56027"}],"wp:attachment":[{"href":"https:\/\/blog.corretoraideal.com.br\/index.php\/wp-json\/wp\/v2\/media?parent=56024"}],"wp:term":[{"taxonomy":"category","embeddable":true,"href":"https:\/\/blog.corretoraideal.com.br\/index.php\/wp-json\/wp\/v2\/categories?post=56024"},{"taxonomy":"post_tag","embeddable":true,"href":"https:\/\/blog.corretoraideal.com.br\/index.php\/wp-json\/wp\/v2\/tags?post=56024"}],"curies":[{"name":"wp","href":"https:\/\/api.w.org\/{rel}","templated":true}]}}