{"id":56038,"date":"2024-01-05T15:29:45","date_gmt":"2024-01-05T15:29:45","guid":{"rendered":"https:\/\/blog.corretoraideal.com.br\/?p=56038"},"modified":"2024-01-05T15:29:45","modified_gmt":"2024-01-05T15:29:45","slug":"por-que-voce-deve-tirar-fotos-antes-de-despachar-a-sua-mala-no-aeroporto-confira-dicas-turismo-e-viagem-g1-2","status":"publish","type":"post","link":"https:\/\/blog.corretoraideal.com.br\/index.php\/2024\/01\/05\/por-que-voce-deve-tirar-fotos-antes-de-despachar-a-sua-mala-no-aeroporto-confira-dicas-turismo-e-viagem-g1-2\/","title":{"rendered":"Por que voc\u00ea deve tirar fotos antes de despachar a sua mala no aeroporto; confira dicas | Turismo e Viagem | G1"},"content":{"rendered":"<br \/>\n<h1>Por que voc\u00ea deve tirar fotos antes de despachar a sua mala no aeroporto; confira dicas<\/h1>\n<h2>Apesar de todos os viajantes estarem sujeitos a problemas como extravios, \u00e9 poss\u00edvel minimizar os riscos.<\/h2>\n<p> Por g1 <\/p>\n<p>  05\/01\/2024 11h36    Atualizado  05\/01\/2024    <\/p>\n<p>                      1 de 4&#013;Malas maiores precisam ser despachadas nos balc\u00f5es de check-in das empresas a\u00e9reas \u2014 Foto: Arquivo pessoal    <\/p>\n<p> Malas maiores precisam ser despachadas nos balc\u00f5es de check-in das empresas a\u00e9reas \u2014 Foto: Arquivo pessoal <\/p>\n<p> A possibilidade de ter as malas extraviadas ou trocadas \u00e9 um dos transtornos que pode acontecer ao viajar de avi\u00e3o. O <a class href=\"https:\/\/g1.globo.com\/\"><strong>g1<\/strong><\/a> acompanha, por exemplo, um <a class href=\"https:\/\/g1.globo.com\/sp\/sao-paulo\/noticia\/2024\/01\/05\/filhos-de-casal-preso-na-turquia-apos-ter-etiquetas-de-malas-trocadas-em-sp-estao-deprimidos-e-choram-por-pais-diz-defesa.ghtml\">caso de um casal l\u00edbio-brasileiro que est\u00e1 preso<\/a> ap\u00f3s ser v\u00edtima do &quot;golpe da mala&quot;, no Aeroporto Internacional de S\u00e3o Paulo, em Guarulhos, enquanto viajava para a Turquia, em outubro de 2022. <\/p>\n<p> Ahmed Hasan e a esposa Malak Treki tiveram as etiquetas das malas trocadas por quadrilhas e colocadas em bagagens com grandes quantidades de coca\u00edna enviadas para o exterior, diz a defesa. <\/p>\n<p> Em mar\u00e7o de 2023, outras <a class href=\"https:\/\/g1.globo.com\/go\/goias\/noticia\/2023\/07\/18\/brasileiras-que-foram-presas-na-alemanha-apos-terem-malas-trocadas-comemoram-prisao-de-quadrilha-vamos-esquecer-nossas-dores-fisicas-e-emocionais.ghtml\">duas brasileiras que ficaram presas injustamente na Alemanha<\/a> passaram por uma situa\u00e7\u00e3o semelhante. K\u00e1tyna Ba\u00eda e Jeanne Paollini ficaram detidas por 38 dias ap\u00f3s terem a etiqueta colocada em uma mala cheia de coca\u00edna. <\/p>\n<p> Apesar de n\u00e3o existir uma forma infal\u00edvel de evitar que a mala despachada seja perdida ou mesmo vire alvo de bandidos, <strong>o passageiro pode seguir algumas dicas para diminuir os riscos<\/strong>. <\/p>\n<p> <strong>\u00c9 bom lembrar que:<\/strong> <\/p>\n<p>\u201cA partir do momento em que \u00e9 feito o check-in, a companhia \u00e9 respons\u00e1vel pela sua bagagem e deve indeniz\u00e1-lo efetivamente em caso de extravio ou danos\u201d, completa a advogada Carolina Vesentini, do Instituto Brasileiro de Defesa do Consumidor (Idec).<\/p>\n<p> A foto \u00e9 uma prova visual para mostrar como sua bagagem estava no momento do despacho ou como ficou ap\u00f3s o embarque, caso ela n\u00e3o chegue ao seu destino ou fique danificada durante a viagem, segundo o grupo de defesa do passageiro AirHelp. <\/p>\n<ul>\n<li><strong>Rastreadores funcionam?<\/strong><a class href=\"https:\/\/g1.globo.com\/especiais\/guia-de-compras\/noticia\/2023\/02\/13\/rastreadores-funcionam-g1-testa-tres-modelos.ghtml\"> g1 testa tr\u00eas modelos<\/a><\/li>\n<\/ul>\n<p> Fotografar a bagagem n\u00e3o \u00e9 obrigat\u00f3rio. Para reembolso ou indeniza\u00e7\u00e3o n\u00e3o \u00e9 exigida a comprova\u00e7\u00e3o da imagem, segundo a advogada. &quot;Cada empresa tem uma regra distinta para pagar a indeniza\u00e7\u00e3o, mas, fazendo a foto, fica mais f\u00e1cil garanti-la&quot;. <\/p>\n<p><h2><strong>? Sempre que viajar de avi\u00e3o, procure fazer fotos de\u2026<\/strong><\/h2>\n<\/p>\n<ul>\n<li>mala aberta, com os itens dentro dela; objetos de valor devem aparecer em primeiro plano;<\/li>\n<li>bagagem no check-in, com a etiqueta leg\u00edvel;<\/li>\n<li>formul\u00e1rio com a declara\u00e7\u00e3o do valor da bagagem; o documento \u00e9 fornecido pela companhia.<\/li>\n<\/ul>\n<p><h2><strong>\u26a0\ufe0f Quando algo der errado\u2026<\/strong><\/h2>\n<\/p>\n<ul>\n<li>Caso sua bagagem seja extraviada ou tenha preju\u00edzos, comunique o fato imediatamente \u00e0 empresa a\u00e9rea, segundo orienta\u00e7\u00e3o da Ag\u00eancia Nacional de Avia\u00e7\u00e3o Civil (Anac);<\/li>\n<li>Preencha um formul\u00e1rio de reclama\u00e7\u00e3o por danos;<\/li>\n<li>Consulte a pol\u00edtica da companhia a\u00e9rea antes de sair do aeroporto, pois as regras variam de acordo com as empresas<a class href=\"https:\/\/g1.globo.com\/turismo-e-viagem\/noticia\/2023\/04\/11\/dicas-e-cuidados-para-despachar-malas-em-aeroportos.ghtml#extravio\"><strong> (veja mais detalhes)<\/strong><\/a><strong>;<\/strong><\/li>\n<li>Tire fotos da mala danificada.<\/li>\n<\/ul>\n<p><h2><strong>Veja dicas para fotografar a sua bagagem e para caso de extravio:<\/strong><\/h2>\n<\/p>\n<li><a class href=\"https:\/\/g1.globo.com\/turismo-e-viagem\/noticia\/2023\/04\/11\/dicas-e-cuidados-para-despachar-malas-em-aeroportos.ghtml#checkin\">Foto da sua bagagem no check-in<\/a><\/li>\n<li><a class href=\"https:\/\/g1.globo.com\/turismo-e-viagem\/noticia\/2023\/04\/11\/dicas-e-cuidados-para-despachar-malas-em-aeroportos.ghtml#interior\">Fotos do interior da mala<\/a><\/li>\n<li><a class href=\"https:\/\/g1.globo.com\/turismo-e-viagem\/noticia\/2023\/04\/11\/dicas-e-cuidados-para-despachar-malas-em-aeroportos.ghtml#objetosdevalor\">Fotos dos objetos de valor em primeiro plano<\/a><\/li>\n<li><a class href=\"https:\/\/g1.globo.com\/turismo-e-viagem\/noticia\/2023\/04\/11\/dicas-e-cuidados-para-despachar-malas-em-aeroportos.ghtml#etiqueta\">Foto da etiqueta de identifica\u00e7\u00e3o<\/a><\/li>\n<li><a class href=\"https:\/\/g1.globo.com\/turismo-e-viagem\/noticia\/2023\/04\/11\/dicas-e-cuidados-para-despachar-malas-em-aeroportos.ghtml#danificada\">Fotos de problemas com a mala danificada<\/a><\/li>\n<li><a class href=\"https:\/\/g1.globo.com\/turismo-e-viagem\/noticia\/2023\/04\/11\/dicas-e-cuidados-para-despachar-malas-em-aeroportos.ghtml#extravio\">O que fazer em caso de extravio e furto de bagagens?<\/a><\/li>\n<p>         2 de 4&#013;Uma dica importante \u00e9 sempre fotografar a mala antes de despachar. \u2014 Foto: Wuestenigel on Visual Hunt    <\/p>\n<p> Uma dica importante \u00e9 sempre fotografar a mala antes de despachar. \u2014 Foto: Wuestenigel on Visual Hunt <\/p>\n<p><h2>1. Foto da sua bagagem no check-in<\/h2>\n<\/p>\n<p> <strong>Por qu\u00ea? <\/strong>Se a sua mala sofrer danos enquanto foi realizada a viagem, uma fotografia tirada antes de fazer o check-in vai comprovar que voc\u00ea n\u00e3o est\u00e1 tentando fazer uma reclama\u00e7\u00e3o por problemas passados. <\/p>\n<p> <strong>Recomenda\u00e7\u00e3o: <\/strong>Retire todas as etiquetas de viagens anteriores e deixe apenas a que \u00e9 da viagem atual. Em situa\u00e7\u00f5es adversas, voc\u00ea pode mostrar a foto aos funcion\u00e1rios para poderem encontr\u00e1-la ou providenciarem reparos. <\/p>\n<p> <strong>Dica fotogr\u00e1fica: <\/strong>Fa\u00e7a fotos das malas de v\u00e1rios \u00e2ngulos e da etiqueta da companhia a\u00e9rea. Al\u00e9m disso, mostre que a bagagem est\u00e1 fechada corretamente e que n\u00e3o est\u00e1 excessivamente sobrecarregada. <\/p>\n<p> <a class href=\"https:\/\/g1.globo.com\/turismo-e-viagem\/noticia\/2023\/04\/11\/dicas-e-cuidados-para-despachar-malas-em-aeroportos.ghtml#topo\">Voltar ao topo da reportagem.<\/a> <\/p>\n<p><h2>2. Fotos do interior da mala<\/h2>\n<\/p>\n<ul>\n<li><strong>Por qu\u00ea?<\/strong> Se os objetos dentro da mala sofrerem danos ou se perderem durante a viagem, estas fotografias v\u00e3o servir de registo ou prova.<\/li>\n<li><strong>Recomenda\u00e7\u00e3o:<\/strong> Tenha tamb\u00e9m guardado as notas fiscais de compra dos produtos, como por exemplo, m\u00e1quinas fotogr\u00e1ficas.<\/li>\n<li><strong>Dica fotogr\u00e1fica: <\/strong>Coloque todas as roupas em cima da cama ou outra superf\u00edcie e fa\u00e7a uma foto. Depois de acomod\u00e1-las na mala, repita o registro e se necess\u00e1rio fa\u00e7a fotografias que mostram detalhes. A recomenda\u00e7\u00e3o vale para qualquer tamanho do objeto que ser\u00e1 transportado.<\/li>\n<\/ul>\n<p> &quot;N\u00e3o faz parte dos usos e costumes fotografar o conte\u00fado da mala. Por outro lado, j\u00e1 tivemos casos em que o passageiro tinha uma rela\u00e7\u00e3o completa dos itens que estavam dentro da mala extraviada. \u00c9 raro, mas, passageiros mais detalhistas adotam essa cautela&quot;, explicou o presidente da Associa\u00e7\u00e3o Nacional em Defesa dos Direitos dos Passageiros do Transporte A\u00e9reo (ANDEP), Cl\u00e1udio Candiota. <\/p>\n<p> <a class href=\"https:\/\/g1.globo.com\/turismo-e-viagem\/noticia\/2023\/04\/11\/dicas-e-cuidados-para-despachar-malas-em-aeroportos.ghtml#topo\">Voltar ao topo da reportagem.<\/a> <\/p>\n<p><h2>3. Fotos dos objetos de valor em primeiro plano<\/h2>\n<\/p>\n<ul>\n<li><strong>Por qu\u00ea?<\/strong> Se tiver que deixar objetos de valor na bagagem despachada, \u00e9 melhor ter certeza de que eles est\u00e3o em bom estado \u2013 e devidamente embalados. As fotografias feitas em destaque do objeto v\u00e3o mostrar as condi\u00e7\u00f5es e as preocupa\u00e7\u00f5es que foram tomadas para n\u00e3o ter nenhum problema.<\/li>\n<li><strong>Recomenda\u00e7\u00e3o:<\/strong> Objetos de valor devem ser levados na bagagem de m\u00e3o. Mas \u00e0s vezes, restri\u00e7\u00f5es de tamanho de bagagem acabam deixando voc\u00ea sem escolha. Se isso ocorrer, considere em adquirir um seguro de viagem para ter certeza de que est\u00e1 coberto caso tenha o azar de ocorrer algum imprevisto.<\/li>\n<li><strong>Dica fotogr\u00e1fica:<\/strong> Antes de entregar os seus pertences estimados, tire fotos dos objetos de valor fora e dentro da embalagem, para que n\u00e3o haja d\u00favidas de que voc\u00ea tomou as medidas apropriadas para proteg\u00ea-los.<\/li>\n<\/ul>\n<p>&quot;Vale lembrar que tanto em voos nacionais quanto internacionais, objetos de valor, como eletr\u00f4nicos, dinheiro em esp\u00e9cie e joias n\u00e3o podem ser inclu\u00eddos na declara\u00e7\u00e3o. Por isso, \u00e9 importante guard\u00e1-los na bagagem de m\u00e3o&quot;, orienta Carolina do Idec.<\/p>\n<p> <a class href=\"https:\/\/g1.globo.com\/turismo-e-viagem\/noticia\/2023\/04\/11\/dicas-e-cuidados-para-despachar-malas-em-aeroportos.ghtml#topo\">Voltar ao topo da reportagem.<\/a> <\/p>\n<p><h2>4. Foto da etiqueta de identifica\u00e7\u00e3o<\/h2>\n<\/p>\n<ul>\n<li><strong>Por qu\u00ea? <\/strong>As etiquetas de bagagem s\u00e3o facilmente perdidas ou jogadas fora, mas s\u00e3o essenciais caso haja algum problema. Isso deve ajudar a equipe da companhia a\u00e9rea a rastrear onde suas malas podem estar &#8211; no avi\u00e3o errado, deixadas no aeroporto de partida ou em algum lugar intermedi\u00e1rio.<\/li>\n<li><strong>Recomenda\u00e7\u00e3o: <\/strong>Depois de entregar sua mala no balc\u00e3o de check-in, a equipe da companhia a\u00e9rea lhe dar\u00e1 uma etiqueta de bagagem. Tire uma foto da etiqueta de identifica\u00e7\u00e3o da bagagem que mostre as informa\u00e7\u00f5es de quem pertence a mala e qual o destino.<\/li>\n<li><strong>Dica fotogr\u00e1fica: <\/strong>Certifique-se de que o texto e os n\u00fameros na etiqueta est\u00e3o claramente leg\u00edveis na foto.<\/li>\n<\/ul>\n<p> <a class href=\"https:\/\/g1.globo.com\/turismo-e-viagem\/noticia\/2023\/04\/11\/dicas-e-cuidados-para-despachar-malas-em-aeroportos.ghtml#topo\">Voltar ao topo da reportagem.<\/a> <\/p>\n<p><h2>5. Fotos de problemas com a mala danificada<\/h2>\n<\/p>\n<ul>\n<li><strong>O que fazer em caso de danos externos? <\/strong>Tire uma fotografia dos danos e dirija-se ao servi\u00e7o de apoio ao cliente da companhia com a etiqueta de identifica\u00e7\u00e3o da bagagem e o seu cart\u00e3o de embarque. As imagens ser\u00e3o importantes para fundamentar a sua reclama\u00e7\u00e3o de compensa\u00e7\u00e3o junto da companhia a\u00e9rea.<\/li>\n<li><strong>Regras: <\/strong>Segundo a Anac, a empresa a\u00e9rea no Brasil dever\u00e1 reparar o dano da bagagem ou substituir a bagagem por outra equivalente. Uma vez comprovado os danos, a empresa dever\u00e1 pagar indeniza\u00e7\u00e3o correspondente ao passageiro.<\/li>\n<li><strong>O que fazer?<\/strong> Voc\u00ea ter\u00e1 que preencher um formul\u00e1rio de reclama\u00e7\u00e3o por danos antes de sair do aeroporto. Algumas companhias a\u00e9reas permitem apresentar uma reclama\u00e7\u00e3o posteriormente, mas \u00e9 importante consultar a pol\u00edtica da companhia a\u00e9rea antes de sair do aeroporto.<\/li>\n<\/ul>\n<p> Algumas companhias a\u00e9reas resolvem os danos mais simples no pr\u00f3prio aeroporto, o que evita o processo judicial que \u00e9 sempre desgastante para as partes. <\/p>\n<p> <a class href=\"https:\/\/g1.globo.com\/turismo-e-viagem\/noticia\/2023\/04\/11\/dicas-e-cuidados-para-despachar-malas-em-aeroportos.ghtml#topo\">Voltar ao topo da reportagem.<\/a> <\/p>\n<p>         3 de 4&#013;Se a mala estiver danificada, tire uma foto e dirija-se ao servi\u00e7o de apoio ao cliente da companhia. \u2014 Foto: Pixabay\/Reprodu\u00e7\u00e3o    <\/p>\n<p> Se a mala estiver danificada, tire uma foto e dirija-se ao servi\u00e7o de apoio ao cliente da companhia. \u2014 Foto: Pixabay\/Reprodu\u00e7\u00e3o <\/p>\n<p><h2>6. O que fazer em caso de extravio e furto de bagagens?<\/h2>\n<\/p>\n<p> Segundo a Anac, caso sua bagagem seja extraviada, comunique o fato imediatamente \u00e0 empresa a\u00e9rea. A comunica\u00e7\u00e3o deve ser feita junto ao balc\u00e3o da empresa a\u00e9rea, preferencialmente na sala de desembarque ou em local indicado por ela. <\/p>\n<p> Se for localizada pela empresa a\u00e9rea, a bagagem dever\u00e1 ser devolvida para o endere\u00e7o informado pelo passageiro. <\/p>\n<p> A bagagem poder\u00e1 permanecer na condi\u00e7\u00e3o de extraviada por, no m\u00e1ximo, sete dias para voos nacionais e 21 dias, nos internacionais. N\u00e3o sendo localizada e entregue no prazo indicado, a empresa dever\u00e1 indenizar o passageiro. <\/p>\n<p> Nos casos de extravio de bagagem, o passageiro ter\u00e1 direito a receber da empresa a\u00e9rea um ressarcimento por gastos emergenciais, pelo per\u00edodo em que estiver sem os seus pertences, desde que esteja fora do seu domic\u00edlio. <\/p>\n<p>&quot;Vale lembrar que as empresas a\u00e9reas s\u00e3o respons\u00e1veis por definir a forma e os limites di\u00e1rios de ressarcimento&quot;, explica o Idec.<\/p>\n<p> Em caso de furto, a recomenda\u00e7\u00e3o \u00e9 procurar a empresa a\u00e9rea e comunique o fato, por escrito. Al\u00e9m disso, registre uma ocorr\u00eancia na pol\u00edcia. <\/p>\n<p> <a class href=\"https:\/\/g1.globo.com\/turismo-e-viagem\/noticia\/2023\/04\/11\/dicas-e-cuidados-para-despachar-malas-em-aeroportos.ghtml#topo\">Voltar ao topo da reportagem.<\/a> <\/p>\n<p>         4 de 4&#013;Imprima e use para n\u00e3o deixar nada para tr\u00e1s \u2014 Foto: Roberta Jaworski\/G1    <\/p>\n<p> Imprima e use para n\u00e3o deixar nada para tr\u00e1s \u2014 Foto: Roberta Jaworski\/G1 <\/p>\n<p> <strong>LEIA MAIS:<\/strong> <\/p>\n<ul>\n<li><strong>Mala de bordo:<\/strong> <a class href=\"https:\/\/g1.globo.com\/especiais\/guia-de-compras\/noticia\/2022\/01\/06\/mala-de-bordo-saiba-como-escolher-o-modelo-ideal-para-sua-viagem.ghtml\">saiba como escolher o modelo ideal para sua viagem<\/a><\/li>\n<li><strong>Lista de viagem: <\/strong><a class href=\"https:\/\/g1.globo.com\/turismo-e-viagem\/noticia\/2019\/08\/06\/lista-de-viagem-checklist-mostra-o-que-levar-na-mala-e-quais-itens-sao-essenciais.ghtml\">checklist mostra o que levar na mala e quais itens s\u00e3o essenciais<\/a><\/li>\n<li><strong>5 dicas: <\/strong><a class href=\"https:\/\/g1.globo.com\/turismo-e-viagem\/noticia\/2022\/12\/27\/por-que-voce-deve-tirar-fotos-da-sua-mala-nas-viagens-confira-5-dicas.ghtml\">Por que voc\u00ea deve tirar fotos da sua mala nas viagens<\/a><\/li>\n<\/ul>\n<p>                   <img loading=\"lazy\" decoding=\"async\" class=\"aligncenter size-full wp-image-56040\" src=\"https:\/\/blog.corretoraideal.com.br\/wp-content\/uploads\/2024\/01\/veja-como-tirar-o-passaporte-1.jpeg\" alt=\"Veja como tirar o passaporte\" width=\"800\" height=\"400\" \/>       <\/p>\n<p> Veja como tirar o passaporte <\/p>\n<ul> <\/ul>\n<h3> <a id=\"js-next-article-desktop-link\" class=\"next-article-desktop-link\"><\/a> <\/h3>\n<h3> <a id=\"js-next-article-smart-link\" class=\"next-article-smart-link\"><\/a> <\/h3>\n<p>Veja tamb\u00e9m<\/p>\n<\/p>\n<\/p>\n<p>       Anterior   Pr\u00f3ximo     <\/p>\n","protected":false},"excerpt":{"rendered":"<p>Por que voc\u00ea deve tirar fotos antes de despachar a sua mala no aeroporto; confira dicas Apesar de todos os viajantes estarem sujeitos a problemas como extravios, \u00e9 poss\u00edvel minimizar os riscos. Por g1 05\/01\/2024 11h36 Atualizado 05\/01\/2024 1 de 4&#013;Malas maiores precisam ser despachadas nos balc\u00f5es de check-in das empresas a\u00e9reas \u2014 Foto: Arquivo [&hellip;]<\/p>\n","protected":false},"author":1,"featured_media":0,"comment_status":"closed","ping_status":"closed","sticky":false,"template":"","format":"standard","meta":{"footnotes":""},"categories":[],"tags":[],"class_list":["post-56038","post","type-post","status-publish","format-standard","hentry"],"_links":{"self":[{"href":"https:\/\/blog.corretoraideal.com.br\/index.php\/wp-json\/wp\/v2\/posts\/56038","targetHints":{"allow":["GET"]}}],"collection":[{"href":"https:\/\/blog.corretoraideal.com.br\/index.php\/wp-json\/wp\/v2\/posts"}],"about":[{"href":"https:\/\/blog.corretoraideal.com.br\/index.php\/wp-json\/wp\/v2\/types\/post"}],"author":[{"embeddable":true,"href":"https:\/\/blog.corretoraideal.com.br\/index.php\/wp-json\/wp\/v2\/users\/1"}],"replies":[{"embeddable":true,"href":"https:\/\/blog.corretoraideal.com.br\/index.php\/wp-json\/wp\/v2\/comments?post=56038"}],"version-history":[{"count":1,"href":"https:\/\/blog.corretoraideal.com.br\/index.php\/wp-json\/wp\/v2\/posts\/56038\/revisions"}],"predecessor-version":[{"id":56041,"href":"https:\/\/blog.corretoraideal.com.br\/index.php\/wp-json\/wp\/v2\/posts\/56038\/revisions\/56041"}],"wp:attachment":[{"href":"https:\/\/blog.corretoraideal.com.br\/index.php\/wp-json\/wp\/v2\/media?parent=56038"}],"wp:term":[{"taxonomy":"category","embeddable":true,"href":"https:\/\/blog.corretoraideal.com.br\/index.php\/wp-json\/wp\/v2\/categories?post=56038"},{"taxonomy":"post_tag","embeddable":true,"href":"https:\/\/blog.corretoraideal.com.br\/index.php\/wp-json\/wp\/v2\/tags?post=56038"}],"curies":[{"name":"wp","href":"https:\/\/api.w.org\/{rel}","templated":true}]}}