{"id":56042,"date":"2024-01-05T16:29:54","date_gmt":"2024-01-05T16:29:54","guid":{"rendered":"https:\/\/blog.corretoraideal.com.br\/?p=56042"},"modified":"2024-01-05T16:29:54","modified_gmt":"2024-01-05T16:29:54","slug":"brasil-registrou-maior-numero-de-denuncias-de-trabalho-escravo-da-historia-em-2023-diz-governo-politica-g1","status":"publish","type":"post","link":"https:\/\/blog.corretoraideal.com.br\/index.php\/2024\/01\/05\/brasil-registrou-maior-numero-de-denuncias-de-trabalho-escravo-da-historia-em-2023-diz-governo-politica-g1\/","title":{"rendered":"Brasil registrou maior n\u00famero de den\u00fancias de trabalho escravo da hist\u00f3ria em 2023, diz governo | Pol\u00edtica | G1"},"content":{"rendered":"<br \/>\n<h1>Brasil registrou maior n\u00famero de den\u00fancias de trabalho escravo da hist\u00f3ria em 2023, diz governo<\/h1>\n<h2> Foram 3.422 den\u00fancias em 12 meses, 61% a mais que em 2022. Resgate de pessoas em situa\u00e7\u00e3o an\u00e1loga \u00e0 escravid\u00e3o tamb\u00e9m foi o maior em 14 anos, segundo o governo.<\/h2>\n<p> Por Lorena Fraga, GloboNews &mdash; Bras\u00edlia <\/p>\n<p>  05\/01\/2024 11h59    Atualizado  05\/01\/2024    <\/p>\n<p> O Brasil registrou, em 2023, o maior n\u00famero de den\u00fancias de trabalho escravo e an\u00e1logo \u00e0 escravid\u00e3o da hist\u00f3ria do pa\u00eds, apontam dados do Minist\u00e9rio dos Direitos Humanos e da Cidadania obtidos pela GloboNews. <\/p>\n<p> Segundo a pasta, foram 3.422 den\u00fancias protocoladas em 12 meses \u2013 61% a mais que em 2022, e o maior n\u00famero desde que o Disque 100 foi criado, em 2011. <\/p>\n<p> Den\u00fancias desse tipo corresponderam a 19% do total de viola\u00e7\u00f5es de direitos humanos informadas ao servi\u00e7o. Ou seja: a cada cinco den\u00fancias protocoladas em 2023, uma era de trabalho an\u00e1logo \u00e0 escravid\u00e3o. <\/p>\n<p> O <strong>C\u00f3digo Penal<\/strong> define no artigo 149 que trabalho an\u00e1logo \u00e0 escravid\u00e3o: <\/p>\n<p>&quot;\u00c9 caracterizado pela submiss\u00e3o de algu\u00e9m a trabalhos for\u00e7ados ou a jornada exaustiva, quer sujeitando-o a condi\u00e7\u00f5es degradantes de trabalho, quer restringindo, por qualquer meio, sua locomo\u00e7\u00e3o em raz\u00e3o de d\u00edvida contra\u00edda com o empregador ou seu preposto.&quot;<\/p>\n<p> Segundo o governo, o pa\u00eds vem batendo &quot;recordes&quot; consecutivos de den\u00fancias desde 2021. Foram 1.915 relatos naquele ano, 2.119 em 2022 e 3.422 em 2023. Antes dessa sequ\u00eancia, o maior n\u00famero em um \u00fanico ano tinha sido de 1.743 den\u00fancias em 2013. <\/p>\n<ul>\n<li><a class href=\"https:\/\/g1.globo.com\/trabalho-e-carreira\/noticia\/2023\/02\/28\/o-que-e-trabalho-analogo-a-escravidao-segundo-a-lei-brasileira.ghtml\">O que \u00e9 trabalho an\u00e1logo \u00e0 escravid\u00e3o, segundo a lei brasileira<\/a><\/li>\n<li><a class href=\"https:\/\/g1.globo.com\/trabalho-e-carreira\/noticia\/2023\/10\/10\/lista-suja-do-trabalho-escravo-tem-a-maior-atualizacao-da-historia-com-204-novos-nomes.ghtml\">&#x27;Lista suja&#x27; do trabalho escravo tem a maior atualiza\u00e7\u00e3o da hist\u00f3ria, com 204 novos nomes<\/a><\/li>\n<li><a class href=\"https:\/\/g1.globo.com\/economia\/agronegocios\/noticia\/2023\/10\/10\/brasil-bate-recorde-e-faz-o-maior-resgate-de-vitimas-de-trabalho-escravo-no-campo-para-um-1o-semestre-em-10-anos.ghtml\">Brasil bate recorde e faz o maior resgate de v\u00edtimas de trabalho escravo no campo para um 1\u00ba semestre em 10 anos<\/a><\/li>\n<\/ul>\n<p>   Den\u00fancias de trabalho escravo no Brasil N\u00fameros s\u00e3o os maiores da s\u00e9rie hist\u00f3rica h\u00e1 tr\u00eas anos consecutivos   Fonte: Minist\u00e9rio dos Direitos Humanos e Cidadania                   <img loading=\"lazy\" decoding=\"async\" class=\"aligncenter size-full wp-image-56044\" src=\"https:\/\/blog.corretoraideal.com.br\/wp-content\/uploads\/2024\/01\/saiba-o-que-e-trabalho-escravo.jpeg\" alt=\"Saiba o que \u00e9 trabalho escravo\" width=\"800\" height=\"400\" \/>       <\/p>\n<p> Saiba o que \u00e9 trabalho escravo <\/p>\n<p><h2>Resgates: maior n\u00famero em 14 anos<\/h2>\n<\/p>\n<p> Dados do Minist\u00e9rio do Trabalho e Emprego indicam que o <a class href=\"https:\/\/g1.globo.com\/economia\/agronegocios\/noticia\/2023\/10\/10\/brasil-bate-recorde-e-faz-o-maior-resgate-de-vitimas-de-trabalho-escravo-no-campo-para-um-1o-semestre-em-10-anos.ghtml\">n\u00famero de pessoas resgatadas em situa\u00e7\u00e3o an\u00e1loga \u00e0 escravid\u00e3o tamb\u00e9m cresceu<\/a> \u2013 foi o maior dos \u00faltimos 14 anos. <\/p>\n<p> Segundo a pasta, entre 1\u00ba de janeiro e 21 de dezembro de 2023, foram resgatados 3.151 trabalhadores. <\/p>\n<p> Somadas, as d\u00edvidas rescis\u00f3rias de pagamentos como sal\u00e1rio, FGTS, f\u00e9rias e 13\u00ba dos patr\u00f5es com esses funcion\u00e1rios chegaram a cerca de R$ 12,4 milh\u00f5es. <\/p>\n<p> O maior n\u00famero de resgatados foi registrado na regi\u00e3o Sudeste do pa\u00eds. At\u00e9 a primeira semana de dezembro, 1.129 trabalhadores foram retirados dessas situa\u00e7\u00f5es de viola\u00e7\u00e3o de direitos na regi\u00e3o \u2013 o Centro-Oeste vem em seguida, com 773. <\/p>\n<p> <strong>Resgates por regi\u00e3o em 2023, at\u00e9 8 de dezembro:<\/strong> <\/p>\n<ul>\n<li><strong>Sudeste: <\/strong>1.129 <\/li>\n<li><strong>Centro-Oeste: <\/strong>773<\/li>\n<li><strong>Sul: <\/strong>495<\/li>\n<li><strong>Nordeste: <\/strong>482<\/li>\n<li><strong>Norte: <\/strong>160<\/li>\n<\/ul>\n<p> Estados com maior n\u00famero de resgates em 2023, at\u00e9 8 de dezembro: <\/p>\n<li><strong>Goi\u00e1s: <\/strong>692<\/li>\n<li><strong>Minas Gerais<\/strong>: 632<\/li>\n<li><strong>S\u00e3o Paulo<\/strong>: 387<\/li>\n<li><strong>Rio Grande do Sul<\/strong>: 333<\/li>\n<li><strong>Piau\u00ed:<\/strong> 158<\/li>\n<p> Tamb\u00e9m at\u00e9 dezembro do ano passado, o maior n\u00famero de casos na \u00e1rea rural foi registrado nas lavouras de caf\u00e9 (300) e cana-de-a\u00e7\u00facar (258) e nas atividades de apoio \u00e0 agricultura (249). J\u00e1 nas \u00e1reas urbanas, as obras de urbaniza\u00e7\u00e3o lideram (18 resgates). <\/p>\n<p> As den\u00fancias podem ser feitas atrav\u00e9s do Disque 100 e do <a class href=\"https:\/\/ipe.sit.trabalho.gov.br\/#!\/,\" target=\"_blank\" rel=\"noopener noreferrer\">sistema ip\u00ea<\/a>. <\/p>\n<p>                       <img loading=\"lazy\" decoding=\"async\" class=\"aligncenter size-full wp-image-56045\" src=\"https:\/\/blog.corretoraideal.com.br\/wp-content\/uploads\/2024\/01\/trabalho-escravo-ainda-e-uma-realidade-para-muitos-trabalhadores-no-brasil.jpeg\" alt=\"Trabalho escravo ainda \u00e9 uma realidade para muitos trabalhadores no Brasil\" width=\"800\" height=\"400\" \/>       <\/p>\n<p> Trabalho escravo ainda \u00e9 uma realidade para muitos trabalhadores no Brasil <\/p>\n<ul> <\/ul>\n<h3> <a id=\"js-next-article-desktop-link\" class=\"next-article-desktop-link\"><\/a> <\/h3>\n<h3> <a id=\"js-next-article-smart-link\" class=\"next-article-smart-link\"><\/a> <\/h3>\n<p>Veja tamb\u00e9m<\/p>\n<\/p>\n<\/p>\n<p>       Anterior   Pr\u00f3ximo     <\/p>\n","protected":false},"excerpt":{"rendered":"<p>Brasil registrou maior n\u00famero de den\u00fancias de trabalho escravo da hist\u00f3ria em 2023, diz governo Foram 3.422 den\u00fancias em 12 meses, 61% a mais que em 2022. Resgate de pessoas em situa\u00e7\u00e3o an\u00e1loga \u00e0 escravid\u00e3o tamb\u00e9m foi o maior em 14 anos, segundo o governo. Por Lorena Fraga, GloboNews &mdash; Bras\u00edlia 05\/01\/2024 11h59 Atualizado 05\/01\/2024 [&hellip;]<\/p>\n","protected":false},"author":1,"featured_media":0,"comment_status":"closed","ping_status":"closed","sticky":false,"template":"","format":"standard","meta":{"footnotes":""},"categories":[],"tags":[],"class_list":["post-56042","post","type-post","status-publish","format-standard","hentry"],"_links":{"self":[{"href":"https:\/\/blog.corretoraideal.com.br\/index.php\/wp-json\/wp\/v2\/posts\/56042","targetHints":{"allow":["GET"]}}],"collection":[{"href":"https:\/\/blog.corretoraideal.com.br\/index.php\/wp-json\/wp\/v2\/posts"}],"about":[{"href":"https:\/\/blog.corretoraideal.com.br\/index.php\/wp-json\/wp\/v2\/types\/post"}],"author":[{"embeddable":true,"href":"https:\/\/blog.corretoraideal.com.br\/index.php\/wp-json\/wp\/v2\/users\/1"}],"replies":[{"embeddable":true,"href":"https:\/\/blog.corretoraideal.com.br\/index.php\/wp-json\/wp\/v2\/comments?post=56042"}],"version-history":[{"count":1,"href":"https:\/\/blog.corretoraideal.com.br\/index.php\/wp-json\/wp\/v2\/posts\/56042\/revisions"}],"predecessor-version":[{"id":56046,"href":"https:\/\/blog.corretoraideal.com.br\/index.php\/wp-json\/wp\/v2\/posts\/56042\/revisions\/56046"}],"wp:attachment":[{"href":"https:\/\/blog.corretoraideal.com.br\/index.php\/wp-json\/wp\/v2\/media?parent=56042"}],"wp:term":[{"taxonomy":"category","embeddable":true,"href":"https:\/\/blog.corretoraideal.com.br\/index.php\/wp-json\/wp\/v2\/categories?post=56042"},{"taxonomy":"post_tag","embeddable":true,"href":"https:\/\/blog.corretoraideal.com.br\/index.php\/wp-json\/wp\/v2\/tags?post=56042"}],"curies":[{"name":"wp","href":"https:\/\/api.w.org\/{rel}","templated":true}]}}