{"id":56061,"date":"2024-01-05T21:29:42","date_gmt":"2024-01-05T21:29:42","guid":{"rendered":"https:\/\/blog.corretoraideal.com.br\/?p=56061"},"modified":"2024-01-05T21:29:42","modified_gmt":"2024-01-05T21:29:42","slug":"balanca-comercial-ultrapassa-us-98-bilhoes-em-2023-maior-valor-da-serie-historica-economia-g1","status":"publish","type":"post","link":"https:\/\/blog.corretoraideal.com.br\/index.php\/2024\/01\/05\/balanca-comercial-ultrapassa-us-98-bilhoes-em-2023-maior-valor-da-serie-historica-economia-g1\/","title":{"rendered":"Balan\u00e7a comercial ultrapassa US$ 98 bilh\u00f5es em 2023, maior valor da s\u00e9rie hist\u00f3rica | Economia | G1"},"content":{"rendered":"<br \/>\n<h1>Balan\u00e7a comercial ultrapassa US$ 98 bilh\u00f5es em 2023, maior valor da s\u00e9rie hist\u00f3rica<\/h1>\n<h2>Saldo positivo superou o de 2022 em 60,6%. Super\u00e1vit ocorre quando exporta\u00e7\u00f5es superam importa\u00e7\u00f5es. Setor agropecu\u00e1rio respondeu por 24% das exporta\u00e7\u00f5es brasileiras em 2023.<\/h2>\n<p> Por <a class=\"multi_signatures\" href=\"https:\/\/g1.globo.com\/autores\/lais-carregosa\/\">Lais Carregosa<\/a>, g1 &mdash; Bras\u00edlia <\/p>\n<p>  05\/01\/2024 15h00    Atualizado  05\/01\/2024    <\/p>\n<ul>\n<li>\n<p> O Brasil registrou super\u00e1vit recorde de US$ 98,8 bilh\u00f5es em 2023, o maior valor desde 1989, quando o dado come\u00e7ou a ser registrado <\/p>\n<\/li>\n<li>\n<p> O super\u00e1vit ocorre quando o valor exportado pelo Brasil supera as importa\u00e7\u00f5es <\/p>\n<\/li>\n<li>\n<p> O saldo positivo de 2023 superou o de 2022 em 60,6%. No ano retrasado, o Brasil registrou super\u00e1vit de US$ 61,5 bilh\u00f5es <\/p>\n<\/li>\n<li>\n<p> As exporta\u00e7\u00f5es somaram US$ 339,7 bilh\u00f5es no ano passado. J\u00e1 as importa\u00e7\u00f5es totalizaram US$ 240,8 bilh\u00f5es <\/p>\n<\/li>\n<li>\n<p> O setor agropecu\u00e1rio respondeu por 24% das exporta\u00e7\u00f5es brasileiras em 2023 <\/p>\n<\/li>\n<\/ul>\n<p> O Brasil registrou super\u00e1vit recorde de US$ 98,8 bilh\u00f5es em 2023, o maior valor desde 1989, quando o dado come\u00e7ou a ser registrado <\/p>\n<p> O super\u00e1vit ocorre quando o valor exportado pelo Brasil supera as importa\u00e7\u00f5es <\/p>\n<p> O saldo positivo de 2023 superou o de 2022 em 60,6%. No ano retrasado, o Brasil registrou super\u00e1vit de US$ 61,5 bilh\u00f5es <\/p>\n<p> As exporta\u00e7\u00f5es somaram US$ 339,7 bilh\u00f5es no ano passado. J\u00e1 as importa\u00e7\u00f5es totalizaram US$ 240,8 bilh\u00f5es <\/p>\n<p> O setor agropecu\u00e1rio respondeu por 24% das exporta\u00e7\u00f5es brasileiras em 2023 <\/p>\n<p>         1 de 1&#013;O setor agropecu\u00e1rio respondeu por 24% das exporta\u00e7\u00f5es brasileiras em 2023 \u2014 Foto: Reuters via BBC    <\/p>\n<p> O setor agropecu\u00e1rio respondeu por 24% das exporta\u00e7\u00f5es brasileiras em 2023 \u2014 Foto: Reuters via BBC <\/p>\n<p> O Brasil registrou super\u00e1vit recorde de US$ 98,8 bilh\u00f5es em 2023 \u2013 o maior da s\u00e9rie hist\u00f3rica, que come\u00e7a em 1989. Os dados foram divulgados nesta sexta-feira (5) pelo <a class href=\"https:\/\/g1.globo.com\/tudo-sobre\/ministerio-do-desenvolvimento-industria-e-comercio-exterior\/\">Minist\u00e9rio do Desenvolvimento, Ind\u00fastria, Com\u00e9rcio e Servi\u00e7os<\/a> (MDIC). <\/p>\n<p> O saldo positivo superou o de 2022 em 60,6%. Naquele ano,<a class href=\"https:\/\/g1.globo.com\/economia\/noticia\/2023\/01\/02\/balanca-comercial-tem-superavit-recorde-de-us-623-bilhoes-em-2022.ghtml\"> o Brasil registrou super\u00e1vit de US$ 61,5 bilh\u00f5es<\/a>. <\/p>\n<p> O super\u00e1vit ocorre quando o valor exportado pelo Brasil supera as importa\u00e7\u00f5es. Do contr\u00e1rio, se as importa\u00e7\u00f5es forem maiores, \u00e9 registrado d\u00e9ficit na balan\u00e7a comercial. <\/p>\n<p>   BALAN\u00c7A COMERCIAL EM US$ MILH\u00d5ES   Fonte: SECRETARIA DE COM\u00c9RCIO EXTERIOR   <\/p>\n<p> No total, em 2023: <\/p>\n<ul>\n<li>as exporta\u00e7\u00f5es somaram US$ 339,7 bilh\u00f5es;<\/li>\n<li>as importa\u00e7\u00f5es somaram US$ 240,8 bilh\u00f5es.<\/li>\n<\/ul>\n<p> Segundo o vice-presidente e ministro do MDIC, Geraldo Alckmin, o desempenho da balan\u00e7a comercial em 2023 est\u00e1 relacionado \u00e0 queda no pre\u00e7o dos produtos importados, como fertilizantes e \u00f3leo diesel. <\/p>\n<p> &quot;Isso [o resultado de 2023] \u00e9 muito importante porque ajuda a economia. Ajuda nas reservas internacionais, ajuda na economia, ent\u00e3o esse saldo da balan\u00e7a comercial [\u00e9] extremamente expressivo&quot;, declarou Alckmin. <\/p>\n<p><h2>Exporta\u00e7\u00e3o recorde<\/h2>\n<\/p>\n<p> As exporta\u00e7\u00f5es aumentaram 1,7%, em rela\u00e7\u00e3o a 2022, alcan\u00e7ando US$ 339,7 bilh\u00f5es , segundo os dados do governo. <\/p>\n<p> O setor agropecu\u00e1rio respondeu por 24% das exporta\u00e7\u00f5es brasileiras, somando US$ 81,5 bilh\u00f5es em 2023. O crescimento no ano foi de 9%. <\/p>\n<p> J\u00e1 o setor extrativista registrou participa\u00e7\u00e3o de 23,2% no resultado do ano, com US$ 78,8 bilh\u00f5es. Em rela\u00e7\u00e3o a 2022, houve aumento de 3,5%. <\/p>\n<p> A ind\u00fastria extrativa, por sua vez, registrou queda de 2,3% no ano, com exporta\u00e7\u00e3o de US$ 177,2 bilh\u00f5es. O setor tem a maior parcela das exporta\u00e7\u00f5es nacionais, com 52,2%. <\/p>\n<p> Os itens mais exportados foram: <\/p>\n<li>soja, com 15,6% de participa\u00e7\u00e3o;<\/li>\n<li>\u00f3leos brutos de petr\u00f3leo ou de minerais betuminosos, crus (12,52%);<\/li>\n<li>min\u00e9rio de ferro e seus concentrados (8,98%);<\/li>\n<li>a\u00e7\u00facares e mela\u00e7os (4,64%);<\/li>\n<li>\u00f3leos combust\u00edveis de petr\u00f3leo ou de minerais betuminosos (exceto \u00f3leos brutos) (3,9%)<\/li>\n<p> O ano de 2023 tamb\u00e9m estabeleceu um novo recorde de exporta\u00e7\u00e3o para um \u00fanico parceiro comercial: o Brasil exportou mais de US$ 100 bilh\u00f5es para a China. <\/p>\n<p> Veja os principais destinos das exporta\u00e7\u00f5es brasileiras em 2023: <\/p>\n<ul>\n<li>China, Hong Kong e Macau, respondendo por 31,1% do valor exportado;<\/li>\n<li>Uni\u00e3o Europeia (13,6%);<\/li>\n<li>Estados Unidos (10,8%);<\/li>\n<li>Sudeste Asi\u00e1tico (7,2%);<\/li>\n<li>Mercosul (6,9%).<\/li>\n<\/ul>\n<p><h2>Queda na importa\u00e7\u00e3o<\/h2>\n<\/p>\n<p> As importa\u00e7\u00f5es retra\u00edram 11,7% em rela\u00e7\u00e3o a 2022, somando US$ 240,8 bilh\u00f5es. No ano anterior, o valor foi de US$ 272,6 bilh\u00f5es. <\/p>\n<p> A queda nas importa\u00e7\u00f5es \u00e9 justificada pelo recuo de, em m\u00e9dia, 8,8% nos pre\u00e7os de itens importados. J\u00e1 o volume trazido do exterior reduziu 2,6%. <\/p>\n<p> &quot;Isso significa que o gasto com importa\u00e7\u00e3o foi menor principalmente por causa de queda de pre\u00e7os. Gosto de mencionar o exemplo de adubos e fertilizantes, que foram importados com pre\u00e7o 44,9% menor que no ano passado [2022] ao passo em que os volumes cresceram 7,5%&quot;, explicou a secret\u00e1ria de Com\u00e9rcio Exterior, Tatiana Prazeres. <\/p>\n<p><h2>Perspectivas para 2024<\/h2>\n<\/p>\n<p> A proje\u00e7\u00e3o do governo para 2024 \u00e9 de queda de 4,5% no saldo da balan\u00e7a comercial, que deve fechar o ano em US$ 94,4 bilh\u00f5es. <\/p>\n<p> Segundo Prazeres, a redu\u00e7\u00e3o do super\u00e1vit est\u00e1 relacionada ao aumento nas importa\u00e7\u00f5es. A previs\u00e3o \u00e9 que haja aumento de 5,4% no valor importado em 2024. <\/p>\n<p> &quot;[Em 2023] n\u00f3s tivemos uma redu\u00e7\u00e3o expressiva, relevante eu diria, das importa\u00e7\u00f5es e h\u00e1 uma mudan\u00e7a desse cen\u00e1rio para o ano que vem [2024]&quot;, disse. <\/p>\n<p> Por outro lado, as exporta\u00e7\u00f5es devem atingir um novo recorde, chegando a US$ 348,2 bilh\u00f5es, sendo puxada pelo volume exportado. <\/p>\n<p> &quot;Devo destacar que temos uma previs\u00e3o de uma safra recorde para 2024, inclusive de soja, que tem uma import\u00e2ncia t\u00e3o grande para a nossa balan\u00e7a comercial, ent\u00e3o nossa expectativa \u00e9 de um recorde acima de um recorde j\u00e1 realizado este ano&quot;, afirmou a secret\u00e1ria. Contudo, ela n\u00e3o descarta revis\u00f5es futuras dessa proje\u00e7\u00e3o. <\/p>\n<p><h2>EUA libera importa\u00e7\u00e3o de tubos de a\u00e7o<\/h2>\n<\/p>\n<p> O vice-presidente, Geraldo Alckmin, anunciou nesta sexta-feira (5) que os Estados Unidos suspenderam a prote\u00e7\u00e3o comercial que impedia ou sobretaxava as importa\u00e7\u00f5es de tubos de a\u00e7o produzidos no Brasil. <\/p>\n<p> De acordo com a secret\u00e1ria de Com\u00e9rcio Exterior, a decis\u00e3o foi tomada na quinta-feira (4) e j\u00e1 est\u00e1 em vigor. &quot;\u00c9 uma medida muito positiva para as nossas exporta\u00e7\u00f5es&quot;, afirmou. <\/p>\n<p> Como uma medida de prote\u00e7\u00e3o do mercado interno, os Estados Unidos taxam importa\u00e7\u00f5es de tubos desde 1992, cobrando 103,4% sobre o valor do produto. <\/p>\n<p> Segundo o governo, s\u00f3 o Brasil foi exclu\u00eddo da lista de exportadores taxados. <\/p>\n<ul>\n<li> <a href=\"https:\/\/g1.globo.com\/tudo-sobre\/ministerio-do-desenvolvimento-industria-e-comercio-exterior\/\" class=\"entities__list-itemLink\" data-track-click=\"Minist\u00e9rio do Desenvolvimento, Ind\u00fastria e Com\u00e9rcio Exterior\"> Minist\u00e9rio do Desenvolvimento, Ind\u00fastria e Com\u00e9rcio Exterior <\/a> <\/li>\n<\/ul>\n<h3> <a id=\"js-next-article-desktop-link\" class=\"next-article-desktop-link\"><\/a> <\/h3>\n<h3> <a id=\"js-next-article-smart-link\" class=\"next-article-smart-link\"><\/a> <\/h3>\n<p>Veja tamb\u00e9m<\/p>\n<\/p>\n<\/p>\n<p>       Anterior   Pr\u00f3ximo     <\/p>\n","protected":false},"excerpt":{"rendered":"<p>Balan\u00e7a comercial ultrapassa US$ 98 bilh\u00f5es em 2023, maior valor da s\u00e9rie hist\u00f3rica Saldo positivo superou o de 2022 em 60,6%. Super\u00e1vit ocorre quando exporta\u00e7\u00f5es superam importa\u00e7\u00f5es. Setor agropecu\u00e1rio respondeu por 24% das exporta\u00e7\u00f5es brasileiras em 2023. Por Lais Carregosa, g1 &mdash; Bras\u00edlia 05\/01\/2024 15h00 Atualizado 05\/01\/2024 O Brasil registrou super\u00e1vit recorde de US$ 98,8 [&hellip;]<\/p>\n","protected":false},"author":1,"featured_media":0,"comment_status":"closed","ping_status":"closed","sticky":false,"template":"","format":"standard","meta":{"footnotes":""},"categories":[],"tags":[],"class_list":["post-56061","post","type-post","status-publish","format-standard","hentry"],"_links":{"self":[{"href":"https:\/\/blog.corretoraideal.com.br\/index.php\/wp-json\/wp\/v2\/posts\/56061","targetHints":{"allow":["GET"]}}],"collection":[{"href":"https:\/\/blog.corretoraideal.com.br\/index.php\/wp-json\/wp\/v2\/posts"}],"about":[{"href":"https:\/\/blog.corretoraideal.com.br\/index.php\/wp-json\/wp\/v2\/types\/post"}],"author":[{"embeddable":true,"href":"https:\/\/blog.corretoraideal.com.br\/index.php\/wp-json\/wp\/v2\/users\/1"}],"replies":[{"embeddable":true,"href":"https:\/\/blog.corretoraideal.com.br\/index.php\/wp-json\/wp\/v2\/comments?post=56061"}],"version-history":[{"count":1,"href":"https:\/\/blog.corretoraideal.com.br\/index.php\/wp-json\/wp\/v2\/posts\/56061\/revisions"}],"predecessor-version":[{"id":56063,"href":"https:\/\/blog.corretoraideal.com.br\/index.php\/wp-json\/wp\/v2\/posts\/56061\/revisions\/56063"}],"wp:attachment":[{"href":"https:\/\/blog.corretoraideal.com.br\/index.php\/wp-json\/wp\/v2\/media?parent=56061"}],"wp:term":[{"taxonomy":"category","embeddable":true,"href":"https:\/\/blog.corretoraideal.com.br\/index.php\/wp-json\/wp\/v2\/categories?post=56061"},{"taxonomy":"post_tag","embeddable":true,"href":"https:\/\/blog.corretoraideal.com.br\/index.php\/wp-json\/wp\/v2\/tags?post=56061"}],"curies":[{"name":"wp","href":"https:\/\/api.w.org\/{rel}","templated":true}]}}