{"id":56071,"date":"2024-01-06T00:29:40","date_gmt":"2024-01-06T00:29:40","guid":{"rendered":"https:\/\/blog.corretoraideal.com.br\/?p=56071"},"modified":"2024-01-06T00:29:40","modified_gmt":"2024-01-06T00:29:40","slug":"reserva-caruara-abre-inscricoes-para-acompanhar-caminhada-de-tartarugas-marinhas-ate-o-mar-em-sao-joao-da-barra-norte-fluminense-g1","status":"publish","type":"post","link":"https:\/\/blog.corretoraideal.com.br\/index.php\/2024\/01\/06\/reserva-caruara-abre-inscricoes-para-acompanhar-caminhada-de-tartarugas-marinhas-ate-o-mar-em-sao-joao-da-barra-norte-fluminense-g1\/","title":{"rendered":"Reserva Caruara abre inscri\u00e7\u00f5es para acompanhar caminhada de tartarugas marinhas at\u00e9 o mar em S\u00e3o Jo\u00e3o da Barra | Norte Fluminense | G1"},"content":{"rendered":"<br \/>\n<h1>Reserva Caruara abre inscri\u00e7\u00f5es para acompanhar caminhada de tartarugas marinhas at\u00e9 o mar em S\u00e3o Jo\u00e3o da Barra<\/h1>\n<h2>As atividades ser\u00e3o nas sextas e nos s\u00e1bados do m\u00eas de janeiro. Inscri\u00e7\u00f5es podem ser feitas no site da reserva. <\/h2>\n<p> Por g1 &mdash; S\u00e3o Jo\u00e3o da Barra  <\/p>\n<p>  05\/01\/2024 18h07    Atualizado  05\/01\/2024    <\/p>\n<p> A Reserva Caruara, em <a class href=\"https:\/\/g1.globo.com\/rj\/norte-fluminense\/cidade\/sao-joao-da-barra\/\">S\u00e3o Jo\u00e3o da Barra<\/a>, no Norte Fluminense, est\u00e1 com as inscri\u00e7\u00f5es abertas para a observa\u00e7\u00e3o da caminhada de filhotes de tartarugas marinhas at\u00e9 o mar. <\/p>\n<p> No m\u00eas de janeiro, as visitas ser\u00e3o todas as sextas, \u00e0s 16h, e aos s\u00e1bados, \u00e0s 9h. As inscri\u00e7\u00f5es para participa\u00e7\u00e3o, que s\u00e3o gratuitas, <a class href=\"https:\/\/reservacaruara.com.br\/agende-sua-visita\/\" target=\"_blank\" rel=\"noopener noreferrer\">est\u00e3o dispon\u00edveis no site da reserva. <\/a> <\/p>\n<p> Al\u00e9m da agenda atrelada \u00e0s tartarugas, a Caruara ainda conta com uma programa\u00e7\u00e3o fixa, com outras atividades, com foco em educa\u00e7\u00e3o ambiental, como trilhas ecol\u00f3gicas, eventos culturais, exposi\u00e7\u00f5es e tour pela sede instalada \u00e0s margens da Lagoa de Iquipari. <\/p>\n<p> Com mais de 1.600 ninhos identificados e cerca de 25.500 nascimentos registrados, a atual temporada reprodutiva j\u00e1 tem superado a anterior, com quase o triplo de filhotes contabilizados at\u00e9 agora. <\/p>\n<p> \u201cTodo o ano, montamos uma agenda especial junto \u00e0 comunidade para o acompanhamento deste momento \u00fanico, que \u00e9 a caminhada de filhotes de tartarugas ao mar. Acreditamos no simbolismo dessa atividade como uma de nossas principais ferramentas para sensibilizar a popula\u00e7\u00e3o sobre a import\u00e2ncia do envolvimento de todos, quando o assunto \u00e9 preserva\u00e7\u00e3o ambiental. Deixo aqui o meu convite para que venham participar da nossa programa\u00e7\u00e3o de ver\u00e3o\u201d, explica Caio Cunha, gerente da Reserva Caruara. <\/p>\n<p><h2>Programa de Monitoramento de Tartarugas Marinhas<\/h2>\n<\/p>\n<p> O Programa de Monitoramento de Tartarugas Marinhas (PMTM) \u00e9 desenvolvido pela Porto do A\u00e7u Opera\u00e7\u00f5es, em parceria com a Funda\u00e7\u00e3o Projeto Tamar e as empresas Ferroport, Vast e GNA. <\/p>\n<p> Desde 2008, o PMTM monitora toda a faixa de areia, que vai do pontal de Atafona, em S\u00e3o Jo\u00e3o da Barra, at\u00e9 a Barra do Furado, em Campos dos Goytacazes. <\/p>\n<p> A regi\u00e3o \u00e9 \u00e1rea priorit\u00e1ria de desova da esp\u00e9cie Caretta caretta, conhecida como cabe\u00e7uda, amea\u00e7ada de extin\u00e7\u00e3o. <\/p>\n<p> O per\u00edodo de desovas vai de setembro a mar\u00e7o. Por isso, quem frequenta as praias da regi\u00e3o j\u00e1 consegue ver as estacas usadas pelos monitores do programa para identifica\u00e7\u00e3o dos ninhos, assim como mensagens de conscientiza\u00e7\u00e3o distribu\u00eddas em pontos estrat\u00e9gicos. <\/p>\n<p> \u201cAproveitamos esta temporada para refor\u00e7ar nossas orienta\u00e7\u00f5es sobre os cuidados que os banhistas devem ter para contribuir com nosso trabalho de preserva\u00e7\u00e3o. Alertamos a todos para n\u00e3o interferirem nas demarca\u00e7\u00f5es dos ninhos e n\u00e3o trafegarem com ve\u00edculos nas areias. Outro ponto importante \u00e9 fazer o descarte correto do lixo, j\u00e1 que a intera\u00e7\u00e3o com res\u00edduos \u00e9 uma das principais causas de morte do animal\u201d, pontua Tatiane Bittar, coordenadora do programa. <\/p>\n<p><h2>Temporada de cinema e pipoca na Caruara<\/h2>\n<\/p>\n<p> Ainda dentro da agenda de ver\u00e3o da Reserva Caruara, o p\u00fablico interessado em Sustentabilidade poder\u00e1 acompanhar curtas-metragens sobre a tem\u00e1tica, a partir de 13 de janeiro. <\/p>\n<p> A sede da unidade de conserva\u00e7\u00e3o est\u00e1 entre os 336 espa\u00e7os selecionados no Brasil pelo Minist\u00e9rio do Meio Ambiente e Mudan\u00e7a do Clima para participar da 12\u00aa Mostra Circuito Tela Verde, que tem o objetivo de divulgar e estimular atividades de educa\u00e7\u00e3o ambiental, por meio da linguagem audiovisual. No Rio, s\u00e3o 9 espa\u00e7os exibidores diferentes. Os grandes temas trabalhados nos filmes s\u00e3o Produ\u00e7\u00e3o e Consumo, Povos e Comunidades Tradicionais, Catadores e Catadoras de Materiais Recicl\u00e1veis e Agrot\u00f3xicos e Sa\u00fade. As inscri\u00e7\u00f5es para o circuito tamb\u00e9m est\u00e3o abertas no site oficial da Caruara. <\/p>\n<ul>\n<li> <a href=\"https:\/\/g1.globo.com\/rj\/norte-fluminense\/cidade\/sao-joao-da-barra\/\" class=\"entities__list-itemLink\" data-track-click=\"S\u00e3o Jo\u00e3o da Barra\"> S\u00e3o Jo\u00e3o da Barra <\/a> <\/li>\n<\/ul>\n<h3> <a id=\"js-next-article-desktop-link\" class=\"next-article-desktop-link\"><\/a> <\/h3>\n<h3> <a id=\"js-next-article-smart-link\" class=\"next-article-smart-link\"><\/a> <\/h3>\n<p>Veja tamb\u00e9m<\/p>\n<\/p>\n<\/p>\n<p>       Anterior   Pr\u00f3ximo     <\/p>\n","protected":false},"excerpt":{"rendered":"<p>Reserva Caruara abre inscri\u00e7\u00f5es para acompanhar caminhada de tartarugas marinhas at\u00e9 o mar em S\u00e3o Jo\u00e3o da Barra As atividades ser\u00e3o nas sextas e nos s\u00e1bados do m\u00eas de janeiro. Inscri\u00e7\u00f5es podem ser feitas no site da reserva. Por g1 &mdash; S\u00e3o Jo\u00e3o da Barra 05\/01\/2024 18h07 Atualizado 05\/01\/2024 A Reserva Caruara, em S\u00e3o Jo\u00e3o [&hellip;]<\/p>\n","protected":false},"author":1,"featured_media":0,"comment_status":"closed","ping_status":"closed","sticky":false,"template":"","format":"standard","meta":{"footnotes":""},"categories":[],"tags":[],"class_list":["post-56071","post","type-post","status-publish","format-standard","hentry"],"_links":{"self":[{"href":"https:\/\/blog.corretoraideal.com.br\/index.php\/wp-json\/wp\/v2\/posts\/56071","targetHints":{"allow":["GET"]}}],"collection":[{"href":"https:\/\/blog.corretoraideal.com.br\/index.php\/wp-json\/wp\/v2\/posts"}],"about":[{"href":"https:\/\/blog.corretoraideal.com.br\/index.php\/wp-json\/wp\/v2\/types\/post"}],"author":[{"embeddable":true,"href":"https:\/\/blog.corretoraideal.com.br\/index.php\/wp-json\/wp\/v2\/users\/1"}],"replies":[{"embeddable":true,"href":"https:\/\/blog.corretoraideal.com.br\/index.php\/wp-json\/wp\/v2\/comments?post=56071"}],"version-history":[{"count":1,"href":"https:\/\/blog.corretoraideal.com.br\/index.php\/wp-json\/wp\/v2\/posts\/56071\/revisions"}],"predecessor-version":[{"id":56073,"href":"https:\/\/blog.corretoraideal.com.br\/index.php\/wp-json\/wp\/v2\/posts\/56071\/revisions\/56073"}],"wp:attachment":[{"href":"https:\/\/blog.corretoraideal.com.br\/index.php\/wp-json\/wp\/v2\/media?parent=56071"}],"wp:term":[{"taxonomy":"category","embeddable":true,"href":"https:\/\/blog.corretoraideal.com.br\/index.php\/wp-json\/wp\/v2\/categories?post=56071"},{"taxonomy":"post_tag","embeddable":true,"href":"https:\/\/blog.corretoraideal.com.br\/index.php\/wp-json\/wp\/v2\/tags?post=56071"}],"curies":[{"name":"wp","href":"https:\/\/api.w.org\/{rel}","templated":true}]}}