{"id":56074,"date":"2024-01-06T02:29:48","date_gmt":"2024-01-06T02:29:48","guid":{"rendered":"https:\/\/blog.corretoraideal.com.br\/?p=56074"},"modified":"2024-01-06T02:29:48","modified_gmt":"2024-01-06T02:29:48","slug":"ibovespa-sobe-mas-acumula-queda-na-primeira-semana-de-2024-dolar-cai-economia-g1","status":"publish","type":"post","link":"https:\/\/blog.corretoraideal.com.br\/index.php\/2024\/01\/06\/ibovespa-sobe-mas-acumula-queda-na-primeira-semana-de-2024-dolar-cai-economia-g1\/","title":{"rendered":"Ibovespa sobe, mas acumula queda na primeira semana de 2024; d\u00f3lar cai | Economia | G1"},"content":{"rendered":"<br \/>\n<h1>Ibovespa sobe, mas acumula queda na primeira semana de 2024; d\u00f3lar cai<\/h1>\n<h2>O principal \u00edndice de a\u00e7\u00f5es da bolsa de valores avan\u00e7ou 0,61%, aos 132.023 pontos. J\u00e1 a moeda norte-americana recuou 0,73%, cotada a R$ 4,8718.<\/h2>\n<p> Por g1 <\/p>\n<p>  05\/01\/2024 09h20    Atualizado  05\/01\/2024    <\/p>\n<p>                      1 de 1&#013; Imagem ilustrativa sobre a alta do d\u00f3lar e o mercado de a\u00e7\u00f5es na Bolsa de Valores de S\u00e3o Paulo (B3). \u2014 Foto: KEVIN DAVID\/A7 PRESS\/ESTAD\u00c3O CONTE\u00daDO    <\/p>\n<p> Imagem ilustrativa sobre a alta do d\u00f3lar e o mercado de a\u00e7\u00f5es na Bolsa de Valores de S\u00e3o Paulo (B3). \u2014 Foto: KEVIN DAVID\/A7 PRESS\/ESTAD\u00c3O CONTE\u00daDO <\/p>\n<p> O <a class href=\"https:\/\/g1.globo.com\/tudo-sobre\/ibovespa\/\">Ibovespa<\/a>, principal \u00edndice de a\u00e7\u00f5es da bolsa de valores, a <a class href=\"https:\/\/g1.globo.com\/tudo-sobre\/bmf-bovespa\/\">B3<\/a>, fechou em alta nesta sexta-feira (5), mas encerrou a primeira semana de 2024 com queda acumulada. <\/p>\n<p> A sess\u00e3o foi marcada pela divulga\u00e7\u00e3o dos dados de emprego nos <a class href=\"https:\/\/g1.globo.com\/tudo-sobre\/estados-unidos\/\">Estados Unidos<\/a>, que mostraram for\u00e7a no mercado de trabalho e press\u00e3o nos sal\u00e1rios. <\/p>\n<p> Investidores t\u00eam sido cautelosos em 2024, preocupados com a expectativa de que o Federal Reserve (<a class href=\"https:\/\/g1.globo.com\/tudo-sobre\/fed\/\">Fed<\/a>, banco central dos EUA) passe a realizar cortes na taxa b\u00e1sica de juros este ano e o qu\u00e3o r\u00e1pido poder\u00e3o ser implementados. (Leia mais abaixo) <\/p>\n<p> Diante do mesmo cen\u00e1rio, o d\u00f3lar caiu nesta sexta. <\/p>\n<p> <strong>Veja abaixo o resumo dos mercados.<\/strong> <\/p>\n<p><h2>D\u00f3lar<\/h2>\n<\/p>\n<p> O d\u00f3lar fechou em queda de 0,73%, cotado a R$ 4,8718. <a class href=\"https:\/\/valor.globo.com\/valor-data\/\">Veja mais cota\u00e7\u00f5es.<\/a> <\/p>\n<p> Na v\u00e9spera, a moeda norte-americana fechou em queda de 0,15%, vendida a R$ 4,9074. Diante dos resultados, <strong>o d\u00f3lar encerrou a primeira semana de 2024 com alta acumulada de 0,40%.<\/strong> <\/p>\n<p> <strong>No ano de 2023, por\u00e9m, terminou o ano com recuo de 8,06%.<\/strong> A m\u00e1xima hist\u00f3rica da moeda americana foi em <a class href=\"https:\/\/g1.globo.com\/economia\/noticia\/2020\/05\/13\/dolar.ghtml\">13 de maio de 2020, quando custava R$ 5,9007.<\/a> De l\u00e1 para c\u00e1, j\u00e1 acumula queda de quase 18%. <\/p>\n<p> Veja o balan\u00e7o final de 2023 abaixo. <\/p>\n<ul>\n<li><strong>queda de 0,17% na semana;<\/strong><\/li>\n<li><strong>recuo de 1,28% no m\u00eas;<\/strong><\/li>\n<li><strong>perda de 8,06% no ano.<\/strong><\/li>\n<\/ul>\n<p><h2>Ibovespa<\/h2>\n<\/p>\n<p> O Ibovespa avan\u00e7ou 0,61%, aos 132.023 pontos. <\/p>\n<p> Na v\u00e9spera, o \u00edndice teve queda de 1,21%, aos 131.226 pontos. Diante dos resultados, <strong>o Ibovespa encerrou a primeira semana de 2024 com recuo acumulado de 1,61%.<\/strong> <\/p>\n<p> <strong>No ano passado, a bolsa fechou com ganho de mais de 22,28%.<\/strong><strong> <\/strong>Em termos anuais, este \u00e9 o melhor resultado desde 2019, quando o \u00edndice <a class href=\"https:\/\/g1.globo.com\/economia\/noticia\/2019\/12\/30\/bovespa.ghtml\">teve alta acumulada de 31,58%.<\/a> <\/p>\n<p> Veja o balan\u00e7o final de 2023 abaixo. <\/p>\n<ul>\n<li><strong>alta de 1,08% na semana;<\/strong><\/li>\n<li><strong>ganho de 5,38% no m\u00eas;<\/strong><\/li>\n<li><strong>alta de 22,28% no ano.<\/strong><\/li>\n<\/ul>\n<p> <strong>LEIA TAMB\u00c9M<\/strong> <\/p>\n<ul>\n<li><strong>DINHEIRO OU CART\u00c3O? <\/strong><a class href=\"https:\/\/g1.globo.com\/economia\/noticia\/2022\/03\/26\/dinheiro-ou-cartao-qual-a-melhor-forma-de-levar-dolares-em-viagens.ghtml\">Qual a melhor forma de levar d\u00f3lares em viagens?<\/a><\/li>\n<li><strong>D\u00d3LAR: <\/strong><a class href=\"https:\/\/g1.globo.com\/economia\/noticia\/2022\/04\/05\/dolar-qual-o-melhor-momento-para-comprar.ghtml\">Qual o melhor momento para comprar a moeda? <\/a><\/li>\n<\/ul>\n<p>                   <img loading=\"lazy\" decoding=\"async\" class=\"aligncenter size-full wp-image-56076\" src=\"https:\/\/blog.corretoraideal.com.br\/wp-content\/uploads\/2024\/01\/entenda-o-que-faz-o-dolar-subir-ou-descer-2.jpeg\" alt=\"Entenda o que faz o d\u00f3lar subir ou descer\" width=\"800\" height=\"400\" \/>       <\/p>\n<p> Entenda o que faz o d\u00f3lar subir ou descer <\/p>\n<p><h2>O que movimentou os mercados?<\/h2>\n<\/p>\n<p> A grande expectativa do dia era para o principal indicador econ\u00f4mico da semana, o relat\u00f3rio de emprego n\u00e3o agr\u00edcola dos EUA (&quot;payroll&quot;), que veio acima do esperado pelo mercado em dezembro. Al\u00e9m de mais vagas, tamb\u00e9m aumentaram os sal\u00e1rios em um ritmo s\u00f3lido. <\/p>\n<p> A economia norte-americana abriu 216 mil vagas de emprego no m\u00eas passado, informou o Departamento do Trabalho. Os dados de novembro foram revisados para baixo, mostrando que cria\u00e7\u00e3o de 173 mil postos de trabalho (em vez de 199 mil). <\/p>\n<p> Economistas consultados pela Reuters previam abertura de 170 mil empregos em dezembro. O n\u00famero \u00e9 um dos mais fundamentais na an\u00e1lise do Fed, e gera mais d\u00favidas sobre o momento que os cortes podem se iniciar. <\/p>\n<p>&quot;Depois de o ADP de ontem ter superado estimativas, o mercado j\u00e1 passou a precificar um payroll mais forte no preg\u00e3o de ontem. E essa revis\u00e3o para o m\u00eas de novembro, abaixo do anunciado, acabou balanceando a surpresa negativa de dezembro&quot;, diz Victor Beyruti, economista da Guide Investimentos.<\/p>\n<p> Para Helena Veronese, economista-chefe da B.Side Investimentos, o dado de hoje pode ter servido como um \u201cbalde de \u00e1gua fria\u201d para quem precificava um corte de juros na reuni\u00e3o de mar\u00e7o do Fed, mas n\u00e3o deve sinalizar uma mudan\u00e7a de cen\u00e1rio. <\/p>\n<p>&quot;O mercado de trabalho segue aquecido, mas essa revis\u00e3o mostra que de fato temos uma perda importante de dinamismo ainda que gradual, mostrado pela manuten\u00e7\u00e3o do desemprego em 3,7%&quot;, afirma.<\/p>\n<p> No Brasil, destaque para as contas do setor p\u00fablico consolidado, que registraram um <a class href=\"https:\/\/g1.globo.com\/economia\/noticia\/2024\/01\/05\/contas-publicas-tem-piora-de-quase-r-260-bilhoes-ate-novembro-revela-banco-central.ghtml\">d\u00e9ficit prim\u00e1rio de R$ 119,55 bilh\u00f5es nos onze primeiros meses deste ano,<\/a> informou o Banco Central. No mesmo per\u00edodo de 2022, as contas p\u00fablicas haviam registrado um super\u00e1vit de R$ 137,8 bilh\u00f5es, ou 1,5% do PIB. <\/p>\n<p> O saldo negativo parcial ano representa o pior resultado para esse per\u00edodo desde 2020, quando, no in\u00edcio da pandemia da Covid-19, o governo elevou gastos com benef\u00edcios para a popula\u00e7\u00e3o. De janeiro a novembro daquele ano, o rombo nas contas p\u00fablicas somou R$ 651,11 bilh\u00f5es. <\/p>\n<p> Veja abaixo o desempenho que levou ao saldo negativo das contas p\u00fablicas nos onze primeiros meses deste ano: <\/p>\n<ul>\n<li>governo federal registrou d\u00e9ficit de R$ 137 bilh\u00f5es;<\/li>\n<li>estados e munic\u00edpios tiveram saldo superavit\u00e1rio de R$ 20,7 bilh\u00f5es;<\/li>\n<li>empresas estatais apresentaram d\u00e9ficit de R$ 3,21 bilh\u00f5es.<\/li>\n<\/ul>\n<p> Somente em novembro, as contas p\u00fablicas registraram um resultado negativo de R$ 37,27 bilh\u00f5es, contra um saldo negativo de R$ 20,9 bilh\u00f5es no mesmo m\u00eas do ano passado. <\/p>\n<p> O aumento do rombo nas contas p\u00fablicas no primeiro ano da nova gest\u00e3o est\u00e1 relacionado, principalmente, com a alta das despesas autorizada por meio da PEC da transi\u00e7\u00e3o, aprovada no fim do ano passado pelo governo eleito do presidente Luiz In\u00e1cio Lula da Silva. <\/p>\n<p> J\u00e1 a d\u00edvida do setor p\u00fablico consolidado registrou alta de 0,5 ponto percentual do PIB, passando de 73,7% do PIB em outubro para<strong> 73,8% do PIB em novembro &#8211; o equivalente a R$ 7,97 trilh\u00f5es.<\/strong> <\/p>\n<p> Na compara\u00e7\u00e3o com o final do ano passado, quando a d\u00edvida estava em R$ 7,22 trilh\u00f5es, ou 71,7% do PIB (dado atualizado), por\u00e9m, houve uma alta de 2,1 pontos percentuais. <\/p>\n<p> Por fim, a produ\u00e7\u00e3o industrial brasileira registrou alta de 0,5% em novembro na compara\u00e7\u00e3o com o m\u00eas anterior, informou o Instituto Brasileiro de Geografia e Estat\u00edstica (IBGE). Na compara\u00e7\u00e3o com o mesmo m\u00eas do ano anterior, a produ\u00e7\u00e3o subiu 1,3%. <\/p>\n<p> As expectativas em pesquisa da Reuters com economistas eram de alta de 0,2% na varia\u00e7\u00e3o mensal e de 0,7% na base anual. <\/p>\n<ul>\n<li> <a href=\"https:\/\/g1.globo.com\/politica\/politico\/alexandre-padilha\/\" class=\"entities__list-itemLink\" data-track-click=\"Alexandre Padilha\"> Alexandre Padilha <\/a> <\/li>\n<li> <a href=\"https:\/\/g1.globo.com\/tudo-sobre\/bmf-bovespa\/\" class=\"entities__list-itemLink\" data-track-click=\"B3\"> B3 <\/a> <\/li>\n<li> <a href=\"https:\/\/g1.globo.com\/tudo-sobre\/estados-unidos\/\" class=\"entities__list-itemLink\" data-track-click=\"Estados Unidos\"> Estados Unidos <\/a> <\/li>\n<li> <a href=\"https:\/\/g1.globo.com\/tudo-sobre\/fed\/\" class=\"entities__list-itemLink\" data-track-click=\"FED\"> FED <\/a> <\/li>\n<li> <a href=\"https:\/\/g1.globo.com\/politica\/politico\/fernando-haddad\/\" class=\"entities__list-itemLink\" data-track-click=\"Fernando Haddad\"> Fernando Haddad <\/a> <\/li>\n<li> <a href=\"https:\/\/g1.globo.com\/tudo-sobre\/ibovespa\/\" class=\"entities__list-itemLink\" data-track-click=\"Ibovespa\"> Ibovespa <\/a> <\/li>\n<\/ul>\n<h3> <a id=\"js-next-article-desktop-link\" class=\"next-article-desktop-link\"><\/a> <\/h3>\n<h3> <a id=\"js-next-article-smart-link\" class=\"next-article-smart-link\"><\/a> <\/h3>\n<p>Veja tamb\u00e9m<\/p>\n<\/p>\n<\/p>\n<p>       Anterior   Pr\u00f3ximo     <\/p>\n","protected":false},"excerpt":{"rendered":"<p>Ibovespa sobe, mas acumula queda na primeira semana de 2024; d\u00f3lar cai O principal \u00edndice de a\u00e7\u00f5es da bolsa de valores avan\u00e7ou 0,61%, aos 132.023 pontos. J\u00e1 a moeda norte-americana recuou 0,73%, cotada a R$ 4,8718. Por g1 05\/01\/2024 09h20 Atualizado 05\/01\/2024 1 de 1&#013; Imagem ilustrativa sobre a alta do d\u00f3lar e o mercado [&hellip;]<\/p>\n","protected":false},"author":1,"featured_media":0,"comment_status":"closed","ping_status":"closed","sticky":false,"template":"","format":"standard","meta":{"footnotes":""},"categories":[],"tags":[],"class_list":["post-56074","post","type-post","status-publish","format-standard","hentry"],"_links":{"self":[{"href":"https:\/\/blog.corretoraideal.com.br\/index.php\/wp-json\/wp\/v2\/posts\/56074","targetHints":{"allow":["GET"]}}],"collection":[{"href":"https:\/\/blog.corretoraideal.com.br\/index.php\/wp-json\/wp\/v2\/posts"}],"about":[{"href":"https:\/\/blog.corretoraideal.com.br\/index.php\/wp-json\/wp\/v2\/types\/post"}],"author":[{"embeddable":true,"href":"https:\/\/blog.corretoraideal.com.br\/index.php\/wp-json\/wp\/v2\/users\/1"}],"replies":[{"embeddable":true,"href":"https:\/\/blog.corretoraideal.com.br\/index.php\/wp-json\/wp\/v2\/comments?post=56074"}],"version-history":[{"count":1,"href":"https:\/\/blog.corretoraideal.com.br\/index.php\/wp-json\/wp\/v2\/posts\/56074\/revisions"}],"predecessor-version":[{"id":56077,"href":"https:\/\/blog.corretoraideal.com.br\/index.php\/wp-json\/wp\/v2\/posts\/56074\/revisions\/56077"}],"wp:attachment":[{"href":"https:\/\/blog.corretoraideal.com.br\/index.php\/wp-json\/wp\/v2\/media?parent=56074"}],"wp:term":[{"taxonomy":"category","embeddable":true,"href":"https:\/\/blog.corretoraideal.com.br\/index.php\/wp-json\/wp\/v2\/categories?post=56074"},{"taxonomy":"post_tag","embeddable":true,"href":"https:\/\/blog.corretoraideal.com.br\/index.php\/wp-json\/wp\/v2\/tags?post=56074"}],"curies":[{"name":"wp","href":"https:\/\/api.w.org\/{rel}","templated":true}]}}