{"id":56085,"date":"2024-01-06T07:29:47","date_gmt":"2024-01-06T07:29:47","guid":{"rendered":"https:\/\/blog.corretoraideal.com.br\/?p=56085"},"modified":"2024-01-06T07:29:47","modified_gmt":"2024-01-06T07:29:47","slug":"lula-aposta-em-aumento-de-credito-e-queda-de-juros-para-fazer-economia-crescer-mais-em-2024-blog-do-valdo-cruz-g1","status":"publish","type":"post","link":"https:\/\/blog.corretoraideal.com.br\/index.php\/2024\/01\/06\/lula-aposta-em-aumento-de-credito-e-queda-de-juros-para-fazer-economia-crescer-mais-em-2024-blog-do-valdo-cruz-g1\/","title":{"rendered":"Lula aposta em aumento de cr\u00e9dito e queda de juros para fazer economia crescer mais em 2024 | Blog do Valdo Cruz | G1"},"content":{"rendered":"\n<p> Por Valdo Cruz <\/p>\n<p> Comentarista de pol\u00edtica e economia da GloboNews. <\/p>\n<h1>Lula aposta em aumento de cr\u00e9dito e queda de juros para fazer economia crescer mais em 2024<\/h1>\n<\/p>\n<p>  05\/01\/2024 08h50    Atualizado  05\/01\/2024    <\/p>\n<p>                    1 de 1&#013;Lula durante reuni\u00e3o no Pal\u00e1cio do Planalto em 20 de dezembro \u2014 Foto: Adriano Machado\/Reuters    <\/p>\n<p> Lula durante reuni\u00e3o no Pal\u00e1cio do Planalto em 20 de dezembro \u2014 Foto: Adriano Machado\/Reuters <\/p>\n<p> O presidente <a class href=\"https:\/\/g1.globo.com\/politica\/politico\/lula\/\">Lula<\/a> aposta em medidas de aumento de cr\u00e9dito e na queda dos juros para fazer a economia crescer mais neste ano. Ele j\u00e1 vem encomendando medidas para fomentar o cr\u00e9dito \u00e0 sua equipe, <a class href=\"https:\/\/g1.globo.com\/economia\/noticia\/2023\/12\/06\/desenrola-renegocia-r-29-bilhoes-em-dividas-e-governo-quer-estender-programa-ate-marco.ghtml\">que comemorou os bons resultados do Desenrola<\/a>. <\/p>\n<p> Com mais cr\u00e9dito e juros mais baixos, Lula confia em um crescimento que pode surpreender e ficar, novamente, acima das previs\u00f5es do mercado. <\/p>\n<p> Atualmente, as previs\u00f5es de crescimento deste ano, eleitoral, est\u00e3o na casa de <strong>1,5%<\/strong>. O Banco Central prev\u00ea <strong>1,7%<\/strong>. A equipe do ministro da Fazenda, <a class href=\"https:\/\/g1.globo.com\/politica\/politico\/fernando-haddad\/\">Fernando Haddad<\/a>, aposta em algo na casa de <strong>2%<\/strong>. <\/p>\n<p> Lula quer mais e conta tamb\u00e9m com a inje\u00e7\u00e3o de recursos na economia pelo <a class href=\"https:\/\/g1.globo.com\/economia\/noticia\/2023\/12\/27\/salario-minimo-sera-de-r-1412-em-2024-entenda-o-que-muda-e-como-o-valor-foi-calculado.ghtml\">aumento do sal\u00e1rio m\u00ednimo<\/a> e o pagamento de R$ 95 bilh\u00f5es de precat\u00f3rios. Essas medidas devem ajudar a impulsionar a economia, que no ano passado teve crescimento na casa de 3%. <\/p>\n<p> De volta a Bras\u00edlia, o presidente tem algumas miss\u00f5es imediatas para o m\u00eas de janeiro. Duas delas mais urgentes, a escolha do novo ministro da Justi\u00e7a e a negocia\u00e7\u00e3o com o presidente do Congresso, Rodrigo Pacheco (PSD-MG), sobre a tramita\u00e7\u00e3o da <a class href=\"https:\/\/g1.globo.com\/economia\/noticia\/2023\/12\/28\/haddad-anuncia-mais-medidas-para-equilibrar-contas-publicas-e-atingir-meta-de-deficit-zero-em-2024.ghtml\">medida provis\u00f3ria editada por Fernando Haddad no fim do ano, para aumentar a arrecada\u00e7\u00e3o<\/a>. <\/p>\n<p> No caso da primeira, <a class href=\"https:\/\/g1.globo.com\/politica\/noticia\/2023\/12\/20\/lula-diz-que-dino-permanece-como-ministro-da-justica-ate-8-de-janeiro-de-2024.ghtml\">Lula chegou a acertar com Fl\u00e1vio Dino que definiria seu substituto at\u00e9 o dia 15 de janeiro<\/a>. Ningu\u00e9m crava um nome, mas Ricardo Lewandowski est\u00e1 bem cotado. <\/p>\n<p> No caso da segunda miss\u00e3o, h\u00e1 o risco de a MP ser devolvida, e Lula vai tentar acertar um acordo com Pacheco para que ela n\u00e3o seja rejeitada. <\/p>\n<p> A devolu\u00e7\u00e3o da medida prejudicaria n\u00e3o s\u00f3 uma, mas as tr\u00eas medidas tomadas por Haddad no final do ano: reonera\u00e7\u00e3o da folha de pagamento, limite para compensa\u00e7\u00e3o de cr\u00e9ditos tribut\u00e1rios e redu\u00e7\u00e3o dos incentivos fiscais para o setor de eventos. <\/p>\n<p>                   <img loading=\"lazy\" decoding=\"async\" class=\"aligncenter size-full wp-image-56087\" src=\"https:\/\/blog.corretoraideal.com.br\/wp-content\/uploads\/2024\/01\/haddad-anuncia-medidas-para-aumentar-a-arrecadacao.jpeg\" alt=\"Haddad anuncia medidas para aumentar a arrecada\u00e7\u00e3o\" width=\"800\" height=\"400\" \/>       <\/p>\n<p> Haddad anuncia medidas para aumentar a arrecada\u00e7\u00e3o <\/p>\n<p> Em rela\u00e7\u00e3o a uma poss\u00edvel reforma ministerial, Lula chegou a dizer no fim do ano passado que estudava mexer na equipe, mas o temor \u00e9 disparar uma disputa entre os partidos da base aliada por mais espa\u00e7o no governo, principalmente de legendas do Centr\u00e3o, como Progressistas e Republicanos. <\/p>\n<ul>\n<li> <a href=\"https:\/\/g1.globo.com\/politica\/politico\/fernando-haddad\/\" class=\"entities__list-itemLink\" data-track-click=\"Fernando Haddad\"> Fernando Haddad <\/a> <\/li>\n<li> <a href=\"https:\/\/g1.globo.com\/politica\/politico\/lula\/\" class=\"entities__list-itemLink\" data-track-click=\"Lula\"> Lula <\/a> <\/li>\n<\/ul>\n<h3> <a id=\"js-next-article-desktop-link\" class=\"next-article-desktop-link\"><\/a> <\/h3>\n<h3> <a id=\"js-next-article-smart-link\" class=\"next-article-smart-link\"><\/a> <\/h3>\n<p>Veja tamb\u00e9m<\/p>\n<\/p>\n<\/p>\n<p>       Anterior   Pr\u00f3ximo     <\/p>\n","protected":false},"excerpt":{"rendered":"<p>Por Valdo Cruz Comentarista de pol\u00edtica e economia da GloboNews. Lula aposta em aumento de cr\u00e9dito e queda de juros para fazer economia crescer mais em 2024 05\/01\/2024 08h50 Atualizado 05\/01\/2024 1 de 1&#013;Lula durante reuni\u00e3o no Pal\u00e1cio do Planalto em 20 de dezembro \u2014 Foto: Adriano Machado\/Reuters Lula durante reuni\u00e3o no Pal\u00e1cio do Planalto [&hellip;]<\/p>\n","protected":false},"author":1,"featured_media":0,"comment_status":"closed","ping_status":"closed","sticky":false,"template":"","format":"standard","meta":{"footnotes":""},"categories":[],"tags":[],"class_list":["post-56085","post","type-post","status-publish","format-standard","hentry"],"_links":{"self":[{"href":"https:\/\/blog.corretoraideal.com.br\/index.php\/wp-json\/wp\/v2\/posts\/56085","targetHints":{"allow":["GET"]}}],"collection":[{"href":"https:\/\/blog.corretoraideal.com.br\/index.php\/wp-json\/wp\/v2\/posts"}],"about":[{"href":"https:\/\/blog.corretoraideal.com.br\/index.php\/wp-json\/wp\/v2\/types\/post"}],"author":[{"embeddable":true,"href":"https:\/\/blog.corretoraideal.com.br\/index.php\/wp-json\/wp\/v2\/users\/1"}],"replies":[{"embeddable":true,"href":"https:\/\/blog.corretoraideal.com.br\/index.php\/wp-json\/wp\/v2\/comments?post=56085"}],"version-history":[{"count":1,"href":"https:\/\/blog.corretoraideal.com.br\/index.php\/wp-json\/wp\/v2\/posts\/56085\/revisions"}],"predecessor-version":[{"id":56088,"href":"https:\/\/blog.corretoraideal.com.br\/index.php\/wp-json\/wp\/v2\/posts\/56085\/revisions\/56088"}],"wp:attachment":[{"href":"https:\/\/blog.corretoraideal.com.br\/index.php\/wp-json\/wp\/v2\/media?parent=56085"}],"wp:term":[{"taxonomy":"category","embeddable":true,"href":"https:\/\/blog.corretoraideal.com.br\/index.php\/wp-json\/wp\/v2\/categories?post=56085"},{"taxonomy":"post_tag","embeddable":true,"href":"https:\/\/blog.corretoraideal.com.br\/index.php\/wp-json\/wp\/v2\/tags?post=56085"}],"curies":[{"name":"wp","href":"https:\/\/api.w.org\/{rel}","templated":true}]}}