{"id":56089,"date":"2024-01-06T12:29:41","date_gmt":"2024-01-06T12:29:41","guid":{"rendered":"https:\/\/blog.corretoraideal.com.br\/?p=56089"},"modified":"2024-01-06T12:29:41","modified_gmt":"2024-01-06T12:29:41","slug":"contas-publicas-tem-piora-de-quase-r-260-bilhoes-ate-novembro-aponta-banco-central-economia-g1","status":"publish","type":"post","link":"https:\/\/blog.corretoraideal.com.br\/index.php\/2024\/01\/06\/contas-publicas-tem-piora-de-quase-r-260-bilhoes-ate-novembro-aponta-banco-central-economia-g1\/","title":{"rendered":"Contas p\u00fablicas t\u00eam piora de quase R$ 260 bilh\u00f5es at\u00e9 novembro, aponta Banco Central | Economia | G1"},"content":{"rendered":"<br \/>\n<h1>Contas p\u00fablicas t\u00eam piora de quase R$ 260 bilh\u00f5es at\u00e9 novembro, aponta Banco Central<\/h1>\n<h2>Aumento do rombo est\u00e1 relacionado \u00e0 alta das despesas e ao recuo da arrecada\u00e7\u00e3o. D\u00edvida p\u00fablica registrou aumento de 2,1 pontos na parcial do ano, para 73,8% do PIB.<\/h2>\n<p> Por <a class=\"multi_signatures\" href=\"https:\/\/g1.globo.com\/autores\/alexandro-martello\/\">Alexandro Martello<\/a>, g1 &mdash; Bras\u00edlia <\/p>\n<p>  05\/01\/2024 08h44    Atualizado  05\/01\/2024    <\/p>\n<p> As contas do setor p\u00fablico consolidado registraram um <strong>d\u00e9ficit prim\u00e1rio de R$ 119,55 bilh\u00f5es nos 11 primeiros meses do ano passado<\/strong>, informou o Banco Central nesta sexta-feira (5). <\/p>\n<p> No mesmo per\u00edodo de 2022, as contas p\u00fablicas haviam registrado um super\u00e1vit de R$ 137,8 bilh\u00f5es, ou 1,5% do PIB. <\/p>\n<p> <strong>A piora, no acumulado de 2023, portanto, foi de R$ 257,36 bilh\u00f5es.<\/strong> <\/p>\n<p> O d\u00e9ficit prim\u00e1rio acontece quando as despesas com impostos ficam acima das receitas, desconsiderando os juros da d\u00edvida p\u00fablica. Quando acontece o contr\u00e1rio, h\u00e1 super\u00e1vit. O resultado engloba o governo federal, os estados, munic\u00edpios e as empresas estatais. <\/p>\n<p> O saldo negativo parcial representa o pior resultado para o per\u00edodo desde 2020, quando, no in\u00edcio da pandemia da Covid-19, o governo elevou gastos com benef\u00edcios para a popula\u00e7\u00e3o. De janeiro a novembro daquele ano, o rombo nas contas p\u00fablicas somou R$ 651,11 bilh\u00f5es. <\/p>\n<p> Veja abaixo o desempenho que levou ao saldo negativo das contas p\u00fablicas at\u00e9 novembro de 2023: <\/p>\n<ul>\n<li>governo federal registrou d\u00e9ficit de R$ 137 bilh\u00f5es;<\/li>\n<li>estados e munic\u00edpios tiveram saldo superavit\u00e1rio de R$ 20,7 bilh\u00f5es;<\/li>\n<li>empresas estatais apresentaram d\u00e9ficit de R$ 3,21 bilh\u00f5es.<\/li>\n<\/ul>\n<p> Somente em novembro, as contas p\u00fablicas registraram um resultado negativo de R$ 37,27 bilh\u00f5es, contra um saldo negativo de R$ 20,9 bilh\u00f5es no mesmo m\u00eas de 2022. <\/p>\n<p><h2>Alta de gastos e arrecada\u00e7\u00e3o<\/h2>\n<\/p>\n<p> O aumento do rombo nas contas p\u00fablicas no primeiro ano da nova gest\u00e3o est\u00e1 relacionado, principalmente, com a alta das despesas autorizada por meio da PEC da transi\u00e7\u00e3o, aprovada no fim de 2022 pelo governo eleito do presidente Luiz In\u00e1cio Lula da Silva. <\/p>\n<p> Com a mudan\u00e7a, o governo obteve autoriza\u00e7\u00e3o para gastar R$ 168,9 bilh\u00f5es a mais no ano passado. <\/p>\n<p> Parte do valor foi usado para tornar permanente o benef\u00edcio de R$ 600 do Bolsa Fam\u00edlia. Tamb\u00e9m foram recompostos gastos em sa\u00fade, educa\u00e7\u00e3o e bolsas de estudo, entre outras pol\u00edticas p\u00fablicas. <\/p>\n<p>                   <img loading=\"lazy\" decoding=\"async\" class=\"aligncenter size-full wp-image-56091\" src=\"https:\/\/blog.corretoraideal.com.br\/wp-content\/uploads\/2024\/01\/agenda-economica-vai-garantir-r-43-bilhoes-por-ano-na-arrecadacao.jpeg\" alt=\"Agenda econ\u00f4mica vai garantir R$ 43 bilh\u00f5es por ano na arrecada\u00e7\u00e3o\" width=\"800\" height=\"400\" \/>       <\/p>\n<p> Agenda econ\u00f4mica vai garantir R$ 43 bilh\u00f5es por ano na arrecada\u00e7\u00e3o <\/p>\n<p> Para tentar evitar uma piora maior das contas p\u00fablicas, a equipe econ\u00f4mica tem atuado, principalmente, no aumento de arrecada\u00e7\u00e3o. Com esse objetivo, foram aprovadas as seguintes medidas: <\/p>\n<ul>\n<li><a class href=\"https:\/\/g1.globo.com\/jornal-nacional\/noticia\/2023\/08\/30\/senado-aprova-a-retorno-de-voto-de-qualidade-no-carf.ghtml\">Volta da regra que favorece o governo em casos de empate no Carf<\/a>, \u00f3rg\u00e3o colegiado respons\u00e1vel pelo julgamento de recursos de empresas multadas pela Receita Federal \u2013 com arrecada\u00e7\u00e3o esperada de R$ 54,7 bilh\u00f5es em 2024.<\/li>\n<li><a class href=\"https:\/\/g1.globo.com\/politica\/noticia\/2023\/12\/20\/senado-aprova-texto-base-de-mp-que-muda-regras-de-descontos-do-icms-para-aumentar-arrecadacao-federal.ghtml\">MP que altera de tributa\u00e7\u00e3o de incentivos (subven\u00e7\u00f5es) concedidos por estados sobre o Imposto sobre Circula\u00e7\u00e3o de Mercadorias e Servi\u00e7os (ICMS)<\/a> \u2013 com receita esperada de R$ 35 bilh\u00f5es neste ano. <\/li>\n<li>Mudan\u00e7as no regime dos juros sobre capital pr\u00f3prio, que consiste em uma forma de distribui\u00e7\u00e3o dos lucros de uma empresa de capital aberto (que tem a\u00e7\u00f5es na bolsa) aos seus acionistas.<\/li>\n<li><a class href=\"https:\/\/g1.globo.com\/politica\/noticia\/2023\/11\/29\/senado-aprova-projeto-que-taxa-offshores-e-fundos-exclusivos.ghtml\">Tributa\u00e7\u00e3o de &quot;offshores&quot; e dos dos chamados fundos exclusivos<\/a>;<\/li>\n<li><a class href=\"https:\/\/g1.globo.com\/politica\/noticia\/2023\/12\/31\/lula-sanciona-lei-que-regulamenta-apostas-esportivas-mas-veta-isencao-de-ir-para-ganhos-de-ate-r-21-mil.ghtml\">Taxa\u00e7\u00e3o do mercado de apostas eletr\u00f4nicas em jogos esportivos<\/a>;<\/li>\n<li>Cobran\u00e7a de impostos de <a class href=\"https:\/\/g1.globo.com\/politica\/noticia\/2023\/05\/10\/senado-aprova-mp-que-muda-regras-de-tributacao-para-negocios-fora-do-pais.ghtml\">empresas que fazem transfer\u00eancias de mercadorias para companhias parceiras no exterior.<\/a><\/li>\n<\/ul>\n<p> Apesar das medidas, <a class href=\"https:\/\/g1.globo.com\/economia\/noticia\/2023\/12\/20\/arrecadacao-federal-atinge-r-2-trilhoes-no-acumulado-ate-novembro-com-queda-de-066percent.ghtml\">a arrecada\u00e7\u00e3o federal caiu na parcial de 2023<\/a> pela demora na aprova\u00e7\u00e3o das medidas, e tamb\u00e9m por conta do recuo de receitas n\u00e3o recorrentes \u2013 relacionadas com concess\u00f5es, &quot;royalties&quot; e PIS\/Cofins por conta da queda no pre\u00e7o do petr\u00f3leo, entre outros. <\/p>\n<p> O governo tamb\u00e9m aprovou no ano passdo o <a class href=\"https:\/\/g1.globo.com\/politica\/noticia\/2023\/08\/31\/lula-sanciona-novo-arcabouco-fiscal-com-vetos.ghtml\">novo arcabou\u00e7o fiscal<\/a>, ou seja, as regras para as contas p\u00fablicas em substitui\u00e7\u00e3o ao teto de gastos. O <a class href=\"https:\/\/g1.globo.com\/politica\/noticia\/2024\/01\/02\/lula-sanciona-com-vetos-lei-que-estabelece-regras-para-orcamento-de-2024.ghtml\">objetivo \u00e9 voltar a ter contas no azul a partir deste ano<\/a>, meta considerada ousada pelo mercado financeiro. <\/p>\n<p> Apesar dessas iniciativas,<a class href=\"https:\/\/g1.globo.com\/economia\/noticia\/2023\/09\/17\/economistas-pedem-ao-governo-maior-enfase-na-reducao-de-gastos-e-indicam-possiveis-cortes.ghtml\"> economistas t\u00eam criticado a aus\u00eancia de a\u00e7\u00f5es mais concretas por parte da \u00e1rea econ\u00f4mica para cortar gastos p\u00fablicos<\/a>. <a class href=\"https:\/\/g1.globo.com\/economia\/noticia\/2023\/09\/17\/governo-cria-grupo-para-revisar-gastos-publicos-e-vai-incluir-avaliacoes-de-politicas-no-orcamento-diz-secretario.ghtml\">O governo tem prometido que cortes de despesas tamb\u00e9m ser\u00e3o avaliados. <\/a> <\/p>\n<p><h2>D\u00edvida p\u00fablica<\/h2>\n<\/p>\n<p> A d\u00edvida do setor p\u00fablico consolidado registrou alta de 0,5 ponto percentual do PIB, passando de 73,7% do PIB em outubro para <strong>73,8% do PIB em novembro &#8211; o equivalente a R$ 7,97 trilh\u00f5es.<\/strong> <\/p>\n<p> <strong>Na compara\u00e7\u00e3o com o final de 2022<\/strong>, quando a d\u00edvida estava em R$ 7,22 trilh\u00f5es, ou 71,7% do PIB (dado atualizado), <strong>houve uma alta de 2,1 pontos percentuais.<\/strong> <\/p>\n<p> O reequil\u00edbrio das contas p\u00fablicas \u00e9 considerado importante pelo mercado financeiro para evitar uma disparada da d\u00edvida brasileira \u2013 indicador que \u00e9 acompanhado com aten\u00e7\u00e3o pelas ag\u00eancias de classifica\u00e7\u00e3o de risco. <\/p>\n<p>   D\u00edvida Bruta % em rela\u00e7\u00e3o ao PIB   Fonte: Banco Central   <\/p>\n<p> Mesmo com o arcabou\u00e7o fiscal, os analistas do mercado financeiro estimaram, no m\u00eas passado, que a <strong>d\u00edvida p\u00fablica brasileira deve atingir 90% do PIB em 2032.<\/strong> <\/p>\n<p> Segundo o Tesouro Nacional, suas estimativas indicam que, com as novas regras para as contas p\u00fablicas, a d\u00edvida se estabilizar\u00e1 abaixo de 80% do PIB at\u00e9 2026 e continuar\u00e1 sua trajet\u00f3ria queda nos anos seguintes. <\/p>\n<ul> <\/ul>\n<h3> <a id=\"js-next-article-desktop-link\" class=\"next-article-desktop-link\"><\/a> <\/h3>\n<h3> <a id=\"js-next-article-smart-link\" class=\"next-article-smart-link\"><\/a> <\/h3>\n<p>Veja tamb\u00e9m<\/p>\n<\/p>\n<\/p>\n<p>       Anterior   Pr\u00f3ximo     <\/p>\n","protected":false},"excerpt":{"rendered":"<p>Contas p\u00fablicas t\u00eam piora de quase R$ 260 bilh\u00f5es at\u00e9 novembro, aponta Banco Central Aumento do rombo est\u00e1 relacionado \u00e0 alta das despesas e ao recuo da arrecada\u00e7\u00e3o. D\u00edvida p\u00fablica registrou aumento de 2,1 pontos na parcial do ano, para 73,8% do PIB. Por Alexandro Martello, g1 &mdash; Bras\u00edlia 05\/01\/2024 08h44 Atualizado 05\/01\/2024 As contas [&hellip;]<\/p>\n","protected":false},"author":1,"featured_media":0,"comment_status":"closed","ping_status":"closed","sticky":false,"template":"","format":"standard","meta":{"footnotes":""},"categories":[],"tags":[],"class_list":["post-56089","post","type-post","status-publish","format-standard","hentry"],"_links":{"self":[{"href":"https:\/\/blog.corretoraideal.com.br\/index.php\/wp-json\/wp\/v2\/posts\/56089","targetHints":{"allow":["GET"]}}],"collection":[{"href":"https:\/\/blog.corretoraideal.com.br\/index.php\/wp-json\/wp\/v2\/posts"}],"about":[{"href":"https:\/\/blog.corretoraideal.com.br\/index.php\/wp-json\/wp\/v2\/types\/post"}],"author":[{"embeddable":true,"href":"https:\/\/blog.corretoraideal.com.br\/index.php\/wp-json\/wp\/v2\/users\/1"}],"replies":[{"embeddable":true,"href":"https:\/\/blog.corretoraideal.com.br\/index.php\/wp-json\/wp\/v2\/comments?post=56089"}],"version-history":[{"count":1,"href":"https:\/\/blog.corretoraideal.com.br\/index.php\/wp-json\/wp\/v2\/posts\/56089\/revisions"}],"predecessor-version":[{"id":56092,"href":"https:\/\/blog.corretoraideal.com.br\/index.php\/wp-json\/wp\/v2\/posts\/56089\/revisions\/56092"}],"wp:attachment":[{"href":"https:\/\/blog.corretoraideal.com.br\/index.php\/wp-json\/wp\/v2\/media?parent=56089"}],"wp:term":[{"taxonomy":"category","embeddable":true,"href":"https:\/\/blog.corretoraideal.com.br\/index.php\/wp-json\/wp\/v2\/categories?post=56089"},{"taxonomy":"post_tag","embeddable":true,"href":"https:\/\/blog.corretoraideal.com.br\/index.php\/wp-json\/wp\/v2\/tags?post=56089"}],"curies":[{"name":"wp","href":"https:\/\/api.w.org\/{rel}","templated":true}]}}