{"id":56111,"date":"2024-01-07T03:29:56","date_gmt":"2024-01-07T03:29:56","guid":{"rendered":"https:\/\/blog.corretoraideal.com.br\/?p=56111"},"modified":"2024-01-07T03:29:56","modified_gmt":"2024-01-07T03:29:56","slug":"entidades-empresariais-criticam-mp-de-haddad-que-reonera-a-folha-de-pagamento-de-17-setores-economia-g1","status":"publish","type":"post","link":"https:\/\/blog.corretoraideal.com.br\/index.php\/2024\/01\/07\/entidades-empresariais-criticam-mp-de-haddad-que-reonera-a-folha-de-pagamento-de-17-setores-economia-g1\/","title":{"rendered":"Entidades empresariais criticam MP de Haddad, que reonera a folha de pagamento de 17 setores | Economia | G1"},"content":{"rendered":"<br \/>\n<h1>Entidades empresariais criticam MP de Haddad, que reonera a folha de pagamento de 17 setores<\/h1>\n<h2>Confedera\u00e7\u00f5es afirmam que as medidas anunciadas &#039;aumentam o \u00f4nus tribut\u00e1rio que recai sobre o setor produtivo, principal e fundamental gerador de riquezas e empregos que levam ao desenvolvimento econ\u00f4mico e social sustent\u00e1vel&#039;. <\/h2>\n<p> Por g1 <\/p>\n<p>  04\/01\/2024 10h50    Atualizado  04\/01\/2024    <\/p>\n<p>                                <img loading=\"lazy\" decoding=\"async\" class=\"aligncenter size-full wp-image-56113\" src=\"https:\/\/blog.corretoraideal.com.br\/wp-content\/uploads\/2024\/01\/pacheco-recebe-pedido-para-devolver-ao-executivo-a-mp-que-reonera-a-folha-de-pagamento.jpeg\" alt=\"Pacheco recebe pedido para devolver ao Executivo a MP que reonera a folha de pagamento\" width=\"800\" height=\"400\" \/>       <\/p>\n<p> Pacheco recebe pedido para devolver ao Executivo a MP que reonera a folha de pagamento <\/p>\n<p> Quatro entidades do setor produtivo emitiram uma nota nesta quinta-feira (4) em protesto contra a<a class href=\"https:\/\/g1.globo.com\/politica\/noticia\/2023\/12\/29\/governo-publica-medida-provisoria-para-tentar-zerar-o-deficit-das-contas-publicas-em-2024.ghtml\"> medida provis\u00f3ria editada pelo governo federal<\/a>, que reonera a folha de pagamento de 17 setores da economia, limita o uso de cr\u00e9ditos tribut\u00e1rios e revisa o Programa Emergencial de Retomada do Setor de Eventos (Perse). <\/p>\n<p> As entidades afirmam que as medidas anunciadas &quot;aumentam o \u00f4nus tribut\u00e1rio que recai sobre o setor produtivo, principal e fundamental gerador de riquezas e empregos que levam ao desenvolvimento econ\u00f4mico e social sustent\u00e1vel&quot;. (veja a \u00edntegra no final da reportagem) <\/p>\n<p> A nota \u00e9 assinada pela Confedera\u00e7\u00e3o da Agricultura e Pecu\u00e1ria do Brasil (CNA), Confedera\u00e7\u00e3o Nacional do Com\u00e9rcio de Bens, Servi\u00e7os e Turismo (CNC), Confedera\u00e7\u00e3o Nacional da Ind\u00fastria (CNI) e Confedera\u00e7\u00e3o Nacional do Transporte (CNT). <\/p>\n<p> O grupo afirma que a MP 1202 \u00e9 &quot;equivocada&quot; pelo ponto de vista econ\u00f4mico e contraria uma &quot;inequ\u00edvoca&quot; vontade pol\u00edtica do <a class href=\"https:\/\/g1.globo.com\/tudo-sobre\/congresso-nacional\/\">Congresso Nacional<\/a>, pois anula decis\u00f5es tanto de manuten\u00e7\u00e3o da desonera\u00e7\u00e3o da folha de pagamento como de derrubada do veto da Presid\u00eancia da Rep\u00fablica \u00e0 medida. <\/p>\n<p> &quot;A reonera\u00e7\u00e3o da folha de pagamentos aumenta o custo de empregar no Brasil e prejudica ainda mais a competitividade da ind\u00fastria e do com\u00e9rcio, que j\u00e1 enfrentam concorr\u00eancia desigual com as importa\u00e7\u00f5es, em especial com o com\u00e9rcio eletr\u00f4nico internacional, que n\u00e3o paga os mesmos tributos pagos pelo setor produtivo nacional&quot;, diz o texto. <\/p>\n<p> &quot;O setor produtivo entende a import\u00e2ncia de se buscar o ajuste das contas p\u00fablicas para que a economia possa crescer de forma sustentada. No entanto, o que temos observado \u00e9 o aumento das despesas do setor p\u00fablico e a busca do equil\u00edbrio fiscal com o aumento cont\u00ednuo da receita&quot;, prossegue a nota. <\/p>\n<p> &quot;O \u00f4nus do ajuste n\u00e3o pode cair apenas sobre o setor produtivo. O setor p\u00fablico precisa dar sua contribui\u00e7\u00e3o, reduzindo e tornando mais eficientes os seus gastos.&quot; <\/p>\n<p> A nota termina com um apelo do grupo para que o governo federal reconsidere o envio da MP ou, caso n\u00e3o haja o recuo, que o Congresso Nacional a devolva. <\/p>\n<p>                   <img loading=\"lazy\" decoding=\"async\" class=\"aligncenter size-full wp-image-56114\" src=\"https:\/\/blog.corretoraideal.com.br\/wp-content\/uploads\/2024\/01\/haddad-anuncia-pacote-para-aumentar-a-arrecadacao-e-zerar-deficit-no-ano-que-vem.jpeg\" alt=\"Haddad anuncia pacote para aumentar a arrecada\u00e7\u00e3o e zerar d\u00e9ficit no ano que vem\" width=\"800\" height=\"400\" \/>       <\/p>\n<p> Haddad anuncia pacote para aumentar a arrecada\u00e7\u00e3o e zerar d\u00e9ficit no ano que vem <\/p>\n<p><h2>A prorroga\u00e7\u00e3o da desonera\u00e7\u00e3o<\/h2>\n<\/p>\n<p> Neste ano, o Congresso Nacional aprovou a prorroga\u00e7\u00e3o da desonera\u00e7\u00e3o da folha de pagamentos por mais quatro anos \u2014 at\u00e9 31 de dezembro de 2027. A medida foi vetada pelo presidente <a class href=\"https:\/\/g1.globo.com\/politica\/politico\/lula\/\">Lula<\/a>, mas, em sess\u00e3o conjunta e por ampla maioria, o Legislativo derrubou o veto presidencial. <\/p>\n<p> Com isso, a prorroga\u00e7\u00e3o foi promulgada pelo Congresso. Isso possibilita que empresas dos 17 setores intensivos em m\u00e3o de obra substituam a contribui\u00e7\u00e3o previdenci\u00e1ria \u2014 de 20% sobre os sal\u00e1rios dos empregados \u2014 por uma al\u00edquota sobre a receita bruta do empreendimento, que varia de 1% a 4,5%, de acordo com o setor e servi\u00e7o prestado. <\/p>\n<p><h2>O que diz a MP editada pelo governo<\/h2>\n<\/p>\n<p> A MP re\u00fane um pacote do ministro da Fazenda, <a class href=\"https:\/\/g1.globo.com\/politica\/politico\/fernando-haddad\/\">Fernando Haddad<\/a>, para tentar zerar o d\u00e9ficit das contas p\u00fablicas federais nos pr\u00f3ximos anos. <\/p>\n<p> Entre as medidas, est\u00e1 o retorno gradual da cobran\u00e7a de impostos sobre a folha de pagamentos dos 17 setores, que empregam mais de 9 milh\u00f5es de pessoas. A reonera\u00e7\u00e3o gradual entraria em vigor a partir 1\u00ba de abril de 2024. <\/p>\n<p> Com a medida provis\u00f3ria editada, o imposto voltar\u00e1 a incidir sobre a folha de pagamentos, mas com uma &quot;desonera\u00e7\u00e3o parcial&quot; na folha de cada trabalhador. O desconto incidir\u00e1 apenas sobre um sal\u00e1rio m\u00ednimo por trabalhador \u2013 a remunera\u00e7\u00e3o que ultrapassar essa faixa sofre a tributa\u00e7\u00e3o normal. <\/p>\n<p> A medida provis\u00f3ria muda a l\u00f3gica da desonera\u00e7\u00e3o \u2013 em vez dos 17 setores, o texto cria dois grupos de &quot;atividades econ\u00f4micas&quot; com tributa\u00e7\u00e3o diferenciada. <\/p>\n<p> Para o primeiro grupo, que inclui atividades de transporte, comunica\u00e7\u00e3o e tecnologia da informa\u00e7\u00e3o, a tributa\u00e7\u00e3o ser\u00e1 de: <\/p>\n<ul>\n<li>10% em 2024<\/li>\n<li>12,5% em 2025<\/li>\n<li>15% em 2026<\/li>\n<li>17,5% em 2027<\/li>\n<\/ul>\n<p> Para o segundo grupo, que inclui atividades da ind\u00fastria t\u00eaxtil, da engenharia civil e do mercado editorial, a tributa\u00e7\u00e3o ser\u00e1 de: <\/p>\n<ul>\n<li>15% em 2024<\/li>\n<li>16,25% em 2025<\/li>\n<li>17,5% em 2026<\/li>\n<li>18,75% em 2027<\/li>\n<\/ul>\n<p><h2>\u00cdntegra do of\u00edcio das entidades<\/h2>\n<\/p>\n<p> NOTA DO SETOR PRODUTIVO <\/p>\n<p> O setor produtivo, representado pelas entidades empresariais da agropecu\u00e1ria, do com\u00e9rcio, da ind\u00fastria, dos servi\u00e7os e dos transportes, recebeu com surpresa e inconformismo as medidas de aumento de tributa\u00e7\u00e3o anunciadas no final de 2023 e a forma como foram efetivadas, por meio da MP 1202, sem di\u00e1logo pr\u00e9vio com as entidades e em oposi\u00e7\u00e3o a posi\u00e7\u00f5es recentemente tomadas pelo Congresso Nacional.  <\/p>\n<p> A MP 1202 reonera a folha de pagamentos de 17 setores da economia, limita o uso de cr\u00e9ditos tribut\u00e1rios decorrentes de decis\u00f5es judiciais definitivas para pagamento de tributos federais e revisa o Programa Emergencial de Retomada do Setor de Eventos (Perse). Todas essas medidas aumentam o \u00f4nus tribut\u00e1rio que recai sobre o setor produtivo, principal e fundamental gerador de riquezas e empregos que levam ao desenvolvimento econ\u00f4mico e social sustent\u00e1vel.  <\/p>\n<p> Al\u00e9m de equivocada do ponto de vista econ\u00f4mico, a MP 1202 anula decis\u00f5es recentes do Congresso Nacional, que por duas vezes em 2023 decidiu pela manuten\u00e7\u00e3o da desonera\u00e7\u00e3o da folha de pagamento, tendo sido derrubado o veto da Presid\u00eancia da Rep\u00fablica, numa demonstra\u00e7\u00e3o inequ\u00edvoca da vontade pol\u00edtica.  <\/p>\n<p> A reonera\u00e7\u00e3o da folha de pagamentos aumenta o custo de empregar no Brasil e prejudica ainda mais a competitividade da ind\u00fastria e do com\u00e9rcio, que j\u00e1 enfrentam concorr\u00eancia desigual com as importa\u00e7\u00f5es, em especial com o com\u00e9rcio eletr\u00f4nico internacional, que n\u00e3o paga os mesmos tributos pagos pelo setor produtivo nacional. Uma situa\u00e7\u00e3o que j\u00e1 nos imp\u00f5e a necessidade de questionarmos judicialmente tal equ\u00edvoco. E que, se revertida, se converter\u00e1 em uma grande oportunidade para, ao mesmo tempo, aumentar a arrecada\u00e7\u00e3o federal e garantir a justi\u00e7a tribut\u00e1ria entre a produ\u00e7\u00e3o nacional e as importa\u00e7\u00f5es.  <\/p>\n<p> O setor produtivo entende a import\u00e2ncia de se buscar o ajuste das contas p\u00fablicas para que a economia possa crescer de forma sustentada. No entanto, o que temos observado \u00e9 o aumento das despesas do setor p\u00fablico e a busca do equil\u00edbrio fiscal com o aumento cont\u00ednuo da receita. O \u00f4nus do ajuste n\u00e3o pode cair apenas sobre o setor produtivo. O setor p\u00fablico precisa dar sua contribui\u00e7\u00e3o, reduzindo e tornando mais eficientes os seus gastos. Esperamos que o pr\u00f3prio governo reconsidere o envio da MP 1202. E, caso n\u00e3o seja esse o entendimento, que o presidente do Congresso Nacional possa devolver a MP.  <\/p>\n<p> As entidades que representam o setor produtivo consideram que o di\u00e1logo \u00e9 o \u00fanico caminho para que as pol\u00edticas p\u00fablicas cumpram seus objetivos. O crescimento econ\u00f4mico e o equil\u00edbrio fiscal s\u00e3o objetivos de toda a na\u00e7\u00e3o. Para alcan\u00e7\u00e1-los, \u00e9 preciso a participa\u00e7\u00e3o de todos na busca das converg\u00eancias e dos entendimentos. O setor produtivo est\u00e1 comprometido com o desenvolvimento econ\u00f4mico e social do Brasil. <\/p>\n<ul>\n<li>Confedera\u00e7\u00e3o da Agricultura e Pecu\u00e1ria do Brasil (CNA)<\/li>\n<li>Confedera\u00e7\u00e3o Nacional do Com\u00e9rcio de Bens, Servi\u00e7os e Turismo (CNC)<\/li>\n<li>Confedera\u00e7\u00e3o Nacional da Ind\u00fastria (CNI)<\/li>\n<li>Confedera\u00e7\u00e3o Nacional do Transporte (CNT)<\/li>\n<\/ul>\n<ul>\n<li> <a href=\"https:\/\/g1.globo.com\/tudo-sobre\/congresso-nacional\/\" class=\"entities__list-itemLink\" data-track-click=\"Congresso Nacional\"> Congresso Nacional <\/a> <\/li>\n<li> <a href=\"https:\/\/g1.globo.com\/politica\/politico\/dilma\/\" class=\"entities__list-itemLink\" data-track-click=\"Dilma Rousseff\"> Dilma Rousseff <\/a> <\/li>\n<li> <a href=\"https:\/\/g1.globo.com\/politica\/politico\/efraim-filho\/\" class=\"entities__list-itemLink\" data-track-click=\"Efraim Filho\"> Efraim Filho <\/a> <\/li>\n<li> <a href=\"https:\/\/g1.globo.com\/politica\/politico\/fernando-haddad\/\" class=\"entities__list-itemLink\" data-track-click=\"Fernando Haddad\"> Fernando Haddad <\/a> <\/li>\n<li> <a href=\"https:\/\/g1.globo.com\/politica\/politico\/lula\/\" class=\"entities__list-itemLink\" data-track-click=\"Lula\"> Lula <\/a> <\/li>\n<li> <a href=\"https:\/\/g1.globo.com\/politica\/partido\/mdb\/\" class=\"entities__list-itemLink\" data-track-click=\"MDB\"> MDB <\/a> <\/li>\n<li> <a href=\"https:\/\/g1.globo.com\/tudo-sobre\/ministerio-da-fazenda\/\" class=\"entities__list-itemLink\" data-track-click=\"Minist\u00e9rio da Fazenda\"> Minist\u00e9rio da Fazenda <\/a> <\/li>\n<li> <a href=\"https:\/\/g1.globo.com\/politica\/partido\/pl\/\" class=\"entities__list-itemLink\" data-track-click=\"PL\"> PL <\/a> <\/li>\n<li> <a href=\"https:\/\/g1.globo.com\/politica\/partido\/psd\/\" class=\"entities__list-itemLink\" data-track-click=\"PSD\"> PSD <\/a> <\/li>\n<li> <a href=\"https:\/\/g1.globo.com\/politica\/partido\/pt\/\" class=\"entities__list-itemLink\" data-track-click=\"PT\"> PT <\/a> <\/li>\n<li> <a href=\"https:\/\/g1.globo.com\/politica\/politico\/renan-calheiros\/\" class=\"entities__list-itemLink\" data-track-click=\"Renan Calheiros\"> Renan Calheiros <\/a> <\/li>\n<li> <a href=\"https:\/\/g1.globo.com\/politica\/politico\/rodrigo-otavio-soares-pacheco\/\" class=\"entities__list-itemLink\" data-track-click=\"Rodrigo Pacheco\"> Rodrigo Pacheco <\/a> <\/li>\n<li> <a href=\"https:\/\/g1.globo.com\/tudo-sobre\/senado-federal\/\" class=\"entities__list-itemLink\" data-track-click=\"Senado\"> Senado <\/a> <\/li>\n<li> <a href=\"https:\/\/g1.globo.com\/educacao\/universidade\/usp\/\" class=\"entities__list-itemLink\" data-track-click=\"USP\"> USP <\/a> <\/li>\n<li> <a href=\"https:\/\/g1.globo.com\/politica\/partido\/uniao-brasil\/\" class=\"entities__list-itemLink\" data-track-click=\"Uni\u00e3o Brasil\"> Uni\u00e3o Brasil <\/a> <\/li>\n<\/ul>\n<h3> <a id=\"js-next-article-desktop-link\" class=\"next-article-desktop-link\"><\/a> <\/h3>\n<h3> <a id=\"js-next-article-smart-link\" class=\"next-article-smart-link\"><\/a> <\/h3>\n<p>Veja tamb\u00e9m<\/p>\n<\/p>\n<\/p>\n<p>       Anterior   Pr\u00f3ximo     <\/p>\n","protected":false},"excerpt":{"rendered":"<p>Entidades empresariais criticam MP de Haddad, que reonera a folha de pagamento de 17 setores Confedera\u00e7\u00f5es afirmam que as medidas anunciadas &#039;aumentam o \u00f4nus tribut\u00e1rio que recai sobre o setor produtivo, principal e fundamental gerador de riquezas e empregos que levam ao desenvolvimento econ\u00f4mico e social sustent\u00e1vel&#039;. Por g1 04\/01\/2024 10h50 Atualizado 04\/01\/2024 Pacheco recebe [&hellip;]<\/p>\n","protected":false},"author":1,"featured_media":0,"comment_status":"closed","ping_status":"closed","sticky":false,"template":"","format":"standard","meta":{"footnotes":""},"categories":[],"tags":[],"class_list":["post-56111","post","type-post","status-publish","format-standard","hentry"],"_links":{"self":[{"href":"https:\/\/blog.corretoraideal.com.br\/index.php\/wp-json\/wp\/v2\/posts\/56111","targetHints":{"allow":["GET"]}}],"collection":[{"href":"https:\/\/blog.corretoraideal.com.br\/index.php\/wp-json\/wp\/v2\/posts"}],"about":[{"href":"https:\/\/blog.corretoraideal.com.br\/index.php\/wp-json\/wp\/v2\/types\/post"}],"author":[{"embeddable":true,"href":"https:\/\/blog.corretoraideal.com.br\/index.php\/wp-json\/wp\/v2\/users\/1"}],"replies":[{"embeddable":true,"href":"https:\/\/blog.corretoraideal.com.br\/index.php\/wp-json\/wp\/v2\/comments?post=56111"}],"version-history":[{"count":1,"href":"https:\/\/blog.corretoraideal.com.br\/index.php\/wp-json\/wp\/v2\/posts\/56111\/revisions"}],"predecessor-version":[{"id":56115,"href":"https:\/\/blog.corretoraideal.com.br\/index.php\/wp-json\/wp\/v2\/posts\/56111\/revisions\/56115"}],"wp:attachment":[{"href":"https:\/\/blog.corretoraideal.com.br\/index.php\/wp-json\/wp\/v2\/media?parent=56111"}],"wp:term":[{"taxonomy":"category","embeddable":true,"href":"https:\/\/blog.corretoraideal.com.br\/index.php\/wp-json\/wp\/v2\/categories?post=56111"},{"taxonomy":"post_tag","embeddable":true,"href":"https:\/\/blog.corretoraideal.com.br\/index.php\/wp-json\/wp\/v2\/tags?post=56111"}],"curies":[{"name":"wp","href":"https:\/\/api.w.org\/{rel}","templated":true}]}}