{"id":56128,"date":"2024-01-07T13:29:39","date_gmt":"2024-01-07T13:29:39","guid":{"rendered":"https:\/\/blog.corretoraideal.com.br\/?p=56128"},"modified":"2024-01-07T13:29:39","modified_gmt":"2024-01-07T13:29:39","slug":"futuro-da-agropecuaria-globo-rural-percorre-o-brasil-e-mostra-exemplos-de-quem-produz-conservando-a-natureza-globo-rural-g1","status":"publish","type":"post","link":"https:\/\/blog.corretoraideal.com.br\/index.php\/2024\/01\/07\/futuro-da-agropecuaria-globo-rural-percorre-o-brasil-e-mostra-exemplos-de-quem-produz-conservando-a-natureza-globo-rural-g1\/","title":{"rendered":"Futuro da agropecu\u00e1ria: Globo Rural percorre o Brasil e mostra exemplos de quem produz conservando a natureza | Globo Rural | G1"},"content":{"rendered":"<br \/>\n<h1>Futuro da agropecu\u00e1ria: Globo Rural percorre o Brasil e mostra exemplos de quem produz conservando a natureza<\/h1>\n<h2>Estamos h\u00e1 44 anos no ar! E para marcar essa data especial, n\u00f3s tentamos entender como ser\u00e1 o agro daqui para a frente. Economia circular, sustentabilidade e agricultura regenerativa s\u00e3o conceitos que, aos poucos, est\u00e3o entrando no dia a dia dos produtores rurais. <\/h2>\n<p> Por Globo Rural <\/p>\n<p>  07\/01\/2024 09h20    Atualizado  07\/01\/2024    <\/p>\n<p> O <a class href=\"https:\/\/g1.globo.com\/economia\/agronegocios\/globo-rural\/\">Globo Rural<\/a> completou 44 anos no ar no dia 6 de janeiro. S\u00e3o mais de 2.200 mil programas contando hist\u00f3rias de pessoas do campo! <\/p>\n<p> E, para comemorar, n\u00f3s exibimos no \u00faltimo domingo (31) uma reportagem sobre os <a class href=\"https:\/\/g1.globo.com\/economia\/agronegocios\/globo-rural\/noticia\/2023\/12\/31\/especial-yanomami-as-licoes-ancestrais-de-uma-comunidade-indigena-que-vive-isolada-no-norte-do-brasil.ghtml\">Yanomami e a agricultura ancestral brasileira<\/a>. J\u00e1 na edi\u00e7\u00e3o de hoje (7), a gente tenta entender como ser\u00e1 a agricultura daqui para a frente! <\/p>\n<p> O futuro vai exigir que o nosso agro se reconcilie com a natureza. E j\u00e1 tem gente fazendo isso, seja plantando florestas, ou aplicando t\u00e9cnicas que conservam o solo e a \u00e1gua e mant\u00eam o bem-estar dos animais e das pessoas do campo. <\/p>\n<p> Nossa equipe percorreu v\u00e1rios estados para mostrar os agricultores que sa\u00edram na frente quando o assunto \u00e9 preserva\u00e7\u00e3o. Confira a seguir. <\/p>\n<p><h2>Conservar o solo e a \u00e1gua<\/h2>\n<\/p>\n<p>                   <img loading=\"lazy\" decoding=\"async\" class=\"aligncenter size-full wp-image-56130\" src=\"https:\/\/blog.corretoraideal.com.br\/wp-content\/uploads\/2024\/01\/futuro-da-agropecuaria-globo-rural-percorre-o-brasil-e-mostra-exemplos-de-quem-produz-conservando-a-natureza-1.jpeg\" alt=\"Futuro da agropecu\u00e1ria: Globo Rural percorre o Brasil e mostra exemplos de quem produz conservando a natureza\" width=\"800\" height=\"400\" \/>       <\/p>\n<p> Futuro da agropecu\u00e1ria: Globo Rural percorre o Brasil e mostra exemplos de quem produz conservando a natureza <\/p>\n<p> Para plantar, colher e produzir alimento ou energia, a humanidade sempre ocupou o espa\u00e7o da natureza. E, quanto mais gente, maior \u00e9 o consumo e a \u00e1rea ocupada. <\/p>\n<p> Hoje, uma pergunta incomoda mais e mais: ser\u00e1 que estamos passando do limite? O que fazer para que o solo e a \u00e1gua atendam as necessidades da agropecu\u00e1ria sem se esgotar? <strong>VEJA NO V\u00cdDEO ACIMA<\/strong>. <\/p>\n<p><h2>Integra\u00e7\u00e3o Lavoura e Pecu\u00e1ria<\/h2>\n<\/p>\n<p>                   <img loading=\"lazy\" decoding=\"async\" class=\"aligncenter size-full wp-image-56131\" src=\"https:\/\/blog.corretoraideal.com.br\/wp-content\/uploads\/2024\/01\/como-grandes-pastagens-ou-lavouras-podem-produzir-em-equilibrio-com-a-natureza.jpeg\" alt=\"Como grandes pastagens ou lavouras podem produzir em equil\u00edbrio com a natureza?\" width=\"800\" height=\"400\" \/>       <\/p>\n<p> Como grandes pastagens ou lavouras podem produzir em equil\u00edbrio com a natureza? <\/p>\n<p> Como grandes pastagens ou lavouras podem produzir em equil\u00edbrio com a natureza? <\/p>\n<p> N\u00f3s visitamos um dos maiores produtores de gr\u00e3os do pa\u00eds para mostrar esse conv\u00edvio desafiador entre produ\u00e7\u00e3o e preserva\u00e7\u00e3o.<strong> VEJA NO V\u00cdDEO ACIMA.<\/strong> <\/p>\n<p><h2>Plantio de florestas<\/h2>\n<\/p>\n<p>                   <img loading=\"lazy\" decoding=\"async\" class=\"aligncenter size-full wp-image-56132\" src=\"https:\/\/blog.corretoraideal.com.br\/wp-content\/uploads\/2024\/01\/recuperar-florestas-melhora-a-nossa-relacao-com-o-efeito-estufa.jpeg\" alt=\"Recuperar florestas melhora a nossa rela\u00e7\u00e3o com o efeito estufa\" width=\"800\" height=\"400\" \/>       <\/p>\n<p> Recuperar florestas melhora a nossa rela\u00e7\u00e3o com o efeito estufa <\/p>\n<p> Plantar com respeito ao meio ambiente \u00e9 fundamental, mas n\u00e3o \u00e9 suficiente. <\/p>\n<p> Na terceira parte do programa, veja como plantar \u00e1rvores e recuperar florestas melhora a nossa rela\u00e7\u00e3o com o efeito estufa e ainda pode ser um \u00f3timo neg\u00f3cio. <strong>VEJA NO V\u00cdDEO ACIMA.<\/strong> <\/p>\n<p><h2><strong>Sustentabilidade<\/strong><\/h2>\n<\/p>\n<p>                   <img loading=\"lazy\" decoding=\"async\" class=\"aligncenter size-full wp-image-56133\" src=\"https:\/\/blog.corretoraideal.com.br\/wp-content\/uploads\/2024\/01\/agricultura-regenerativa-e-economia-circular-os-conceitos-que-estao-entrando-no-dia-a-dia-de-produtores.jpeg\" alt=\"Agricultura regenerativa e economia circular: os conceitos que est\u00e3o entrando no dia a dia de produtores\" width=\"800\" height=\"400\" \/>       <\/p>\n<p> Agricultura regenerativa e economia circular: os conceitos que est\u00e3o entrando no dia a dia de produtores <\/p>\n<p> Agricultura regenerativa, economia circular e sustentabilidade s\u00e3o conceitos que est\u00e3o, aos poucos, entrando no dia a dia dos produtores rurais. <\/p>\n<p> Conhe\u00e7a uma fazenda, em Minas Gerais, onde o ideal de fazer diferente come\u00e7ou h\u00e1 quarenta anos. <strong>VEJA NO V\u00cdDEO ACIMA.<\/strong> <\/p>\n<p><h2><strong>Juventude no campo<\/strong><\/h2>\n<\/p>\n<p>                   <img loading=\"lazy\" decoding=\"async\" class=\"aligncenter size-full wp-image-56134\" src=\"https:\/\/blog.corretoraideal.com.br\/wp-content\/uploads\/2024\/01\/lazer-e-o-conforto-estimulam-os-jovens-a-ficarem-no-campo.jpeg\" alt=\"Lazer e o conforto estimulam os jovens a ficarem no campo\" width=\"800\" height=\"400\" \/>       <\/p>\n<p> Lazer e o conforto estimulam os jovens a ficarem no campo <\/p>\n<p> Na \u00faltima parte da reportagem, veja como o lazer e o conforto estimulam os jovens a ficarem no campo. <\/p>\n<p> O agricultor moderno, seja ele grande, m\u00e9dio ou pequeno, n\u00e3o quer ficar escravo da propriedade. <strong>VEJA NO V\u00cdDEO ACIMA.<\/strong> <\/p>\n<p><h2>Veja os v\u00eddeos mais assistidos do Globo Rural<\/h2>\n<\/p>\n<p>   <a href=\"https:\/\/g1.globo.com\/economia\/agronegocios\/globo-rural\/videos-globo-rural\/playlist\/videos-mais-assistidos-do-globo-rural.ghtml\">    50 v\u00eddeos      <\/a>   <\/p>\n<ul> <\/ul>\n<h3> <a id=\"js-next-article-desktop-link\" class=\"next-article-desktop-link\"><\/a> <\/h3>\n<h3> <a id=\"js-next-article-smart-link\" class=\"next-article-smart-link\"><\/a> <\/h3>\n<p>Veja tamb\u00e9m<\/p>\n<\/p>\n<\/p>\n<p>       Anterior   Pr\u00f3ximo     <\/p>\n","protected":false},"excerpt":{"rendered":"<p>Futuro da agropecu\u00e1ria: Globo Rural percorre o Brasil e mostra exemplos de quem produz conservando a natureza Estamos h\u00e1 44 anos no ar! E para marcar essa data especial, n\u00f3s tentamos entender como ser\u00e1 o agro daqui para a frente. Economia circular, sustentabilidade e agricultura regenerativa s\u00e3o conceitos que, aos poucos, est\u00e3o entrando no dia [&hellip;]<\/p>\n","protected":false},"author":1,"featured_media":0,"comment_status":"closed","ping_status":"closed","sticky":false,"template":"","format":"standard","meta":{"footnotes":""},"categories":[],"tags":[],"class_list":["post-56128","post","type-post","status-publish","format-standard","hentry"],"_links":{"self":[{"href":"https:\/\/blog.corretoraideal.com.br\/index.php\/wp-json\/wp\/v2\/posts\/56128","targetHints":{"allow":["GET"]}}],"collection":[{"href":"https:\/\/blog.corretoraideal.com.br\/index.php\/wp-json\/wp\/v2\/posts"}],"about":[{"href":"https:\/\/blog.corretoraideal.com.br\/index.php\/wp-json\/wp\/v2\/types\/post"}],"author":[{"embeddable":true,"href":"https:\/\/blog.corretoraideal.com.br\/index.php\/wp-json\/wp\/v2\/users\/1"}],"replies":[{"embeddable":true,"href":"https:\/\/blog.corretoraideal.com.br\/index.php\/wp-json\/wp\/v2\/comments?post=56128"}],"version-history":[{"count":1,"href":"https:\/\/blog.corretoraideal.com.br\/index.php\/wp-json\/wp\/v2\/posts\/56128\/revisions"}],"predecessor-version":[{"id":56135,"href":"https:\/\/blog.corretoraideal.com.br\/index.php\/wp-json\/wp\/v2\/posts\/56128\/revisions\/56135"}],"wp:attachment":[{"href":"https:\/\/blog.corretoraideal.com.br\/index.php\/wp-json\/wp\/v2\/media?parent=56128"}],"wp:term":[{"taxonomy":"category","embeddable":true,"href":"https:\/\/blog.corretoraideal.com.br\/index.php\/wp-json\/wp\/v2\/categories?post=56128"},{"taxonomy":"post_tag","embeddable":true,"href":"https:\/\/blog.corretoraideal.com.br\/index.php\/wp-json\/wp\/v2\/tags?post=56128"}],"curies":[{"name":"wp","href":"https:\/\/api.w.org\/{rel}","templated":true}]}}