{"id":56136,"date":"2024-01-07T18:29:38","date_gmt":"2024-01-07T18:29:38","guid":{"rendered":"https:\/\/blog.corretoraideal.com.br\/?p=56136"},"modified":"2024-01-07T18:29:38","modified_gmt":"2024-01-07T18:29:38","slug":"retrospectiva-2023-reveja-reportagens-do-nosso-campo-deste-domingo-7-de-janeiro-nosso-campo-g1","status":"publish","type":"post","link":"https:\/\/blog.corretoraideal.com.br\/index.php\/2024\/01\/07\/retrospectiva-2023-reveja-reportagens-do-nosso-campo-deste-domingo-7-de-janeiro-nosso-campo-g1\/","title":{"rendered":"Retrospectiva 2023: reveja reportagens do Nosso Campo deste domingo, 7 de janeiro | Nosso Campo | G1"},"content":{"rendered":"<br \/>\n<h1>Retrospectiva 2023: reveja reportagens do Nosso Campo deste domingo, 7 de janeiro<\/h1>\n<h2>Programa fala sobre qualifica\u00e7\u00e3o na zona rural, cultivo de piment\u00e3o sem agrot\u00f3xicos, fabrica\u00e7\u00e3o de celas artesanais, e traz uma receita de til\u00e1pia gratinada.<\/h2>\n<p> Por Nosso Campo, TV TEM <\/p>\n<p>  07\/01\/2024 07h20    Atualizado  07\/01\/2024    <\/p>\n<p>                      1 de 1&#013;Retrospectiva 2023: reveja reportagens do Nosso Campo neste domingo, 7 de janeiro \u2014 Foto: Reprodu\u00e7\u00e3o\/TV TEM    <\/p>\n<p> Retrospectiva 2023: reveja reportagens do Nosso Campo neste domingo, 7 de janeiro \u2014 Foto: Reprodu\u00e7\u00e3o\/TV TEM <\/p>\n<p> Durante o m\u00eas de janeiro, o <strong>Nosso Campo<\/strong> faz uma pausa para reexibir algumas das reportagens produzidas em 2023. <\/p>\n<p> No programa deste domingo (7), voc\u00ea vai acompanhar um pouco sobre a qualifica\u00e7\u00e3o na zona rural. O sucesso no agro depende de muitos fatores, e um deles \u00e9 se preparar para tocar a propriedade. Muitos pequenos produtores est\u00e3o percebendo a diferen\u00e7a depois que aceitaram receber ajuda profissional. <\/p>\n<p> Voc\u00ea tamb\u00e9m ver\u00e1 o cultivo de piment\u00e3o sem agrot\u00f3xicos. Produtores do interior de S\u00e3o Paulo est\u00e3o cientes da preocupa\u00e7\u00e3o dos clientes em rela\u00e7\u00e3o ao uso excessivo de agrot\u00f3xicos e, por isso, alguns est\u00e3o buscando seguir o caminho da produ\u00e7\u00e3o org\u00e2nica. <\/p>\n<p> Al\u00e9m disso, o programa ainda traz alguns detalhes sobre o of\u00edcio de fabricar selas artesanais. Os profissionais respons\u00e1veis por essas confec\u00e7\u00f5es s\u00e3o os seleiros e, embora seja uma profiss\u00e3o antiga, muitas cidades do interior resistem \u00e0 evolu\u00e7\u00e3o. <\/p>\n<p> E o que n\u00e3o pode faltar \u00e9 aquela receita saborosa. Neste domingo, Antonio N\u00f3brega mostra como preparar uma deliciosa til\u00e1pia gratinada. <\/p>\n<p><h2><strong>Confira as reportagens abaixo:<\/strong><\/h2>\n<\/p>\n<ul>\n<li><a class href=\"https:\/\/g1.globo.com\/sp\/sorocaba-jundiai\/nosso-campo\/noticia\/2023\/06\/04\/qualificacao-de-pequenos-produtores-ajuda-a-melhorar-produtividade.ghtml\">Qualifica\u00e7\u00e3o de pequenos produtores ajuda a melhorar produtividade<\/a><\/li>\n<li><a class href=\"https:\/\/g1.globo.com\/sp\/sorocaba-jundiai\/nosso-campo\/noticia\/2023\/06\/25\/produtores-de-pimentao-trocam-cultivo-convencional-pelo-organico-em-tabatinga-sp.ghtml\">Produtores de piment\u00e3o trocam cultivo convencional pelo org\u00e2nico em Tabatinga (SP)<\/a><\/li>\n<li><a class href=\"https:\/\/g1.globo.com\/sp\/sorocaba-jundiai\/nosso-campo\/noticia\/2023\/07\/30\/sela-artesanal-conheca-este-trabalho-feito-a-mao-do-inicio-ao-fim-do-processo.ghtml\">Seleiros mant\u00eam a tradi\u00e7\u00e3o de fabricar selas artesanais<\/a><\/li>\n<li><a class href=\"https:\/\/g1.globo.com\/sp\/sorocaba-jundiai\/nosso-campo\/noticia\/2023\/02\/12\/receita-nosso-campo-aprenda-a-fazer-uma-deliciosa-tilapia-gratinada.ghtml\">Receita Nosso Campo: aprenda a fazer uma deliciosa til\u00e1pia gratinada<\/a><\/li>\n<\/ul>\n<p> <strong>Assista ao programa deste domingo:<\/strong> <\/p>\n<p>                   <img loading=\"lazy\" decoding=\"async\" class=\"aligncenter size-full wp-image-56138\" src=\"https:\/\/blog.corretoraideal.com.br\/wp-content\/uploads\/2024\/01\/confira-o-nosso-campo-deste-domingo-7-de-janeiro-na-integra.jpeg\" alt=\"Confira o Nosso Campo deste domingo, 7 de janeiro, na \u00edntegra\" width=\"800\" height=\"400\" \/>       <\/p>\n<p> Confira o Nosso Campo deste domingo, 7 de janeiro, na \u00edntegra <\/p>\n<p> <strong>Acesse + <\/strong><a class href=\"https:\/\/redeglobo.globo.com\/sp\/tvtem\/\"><strong>TV TEM<\/strong><\/a><strong> | <\/strong><a class href=\"https:\/\/redeglobo.globo.com\/sp\/tvtem\/sorocaba-e-regiao\/programacao\/?region=sorocaba-e-regiao#20170330527359https:\/\/redeglobo.globo.com\/sp\/tvtem\/sorocaba-e-regiao\/programacao\/?region=sorocaba-e-regiao#20170330527359\"><strong>Programa\u00e7\u00e3o <\/strong><\/a><strong>| <\/strong><a class href=\"https:\/\/redeglobo.globo.com\/sp\/tvtem\/noticia\/videos-acesse-os-catalogos-dos-programas-da-tv-tem.ghtml\"><strong>V\u00eddeos <\/strong><\/a><strong>| <\/strong><a class href=\"https:\/\/redeglobo.globo.com\/sp\/tvtem\/noticia\/pela-web-confira-os-enderecos-oficiais-da-tv-tem-nas-redes-sociais.ghtml\"><strong>Redes sociais<\/strong><\/a><strong> <\/strong> <\/p>\n<p><h2>V\u00cdDEOS: veja mais reportagens do programa<\/h2>\n<\/p>\n<p>   <a href=\"https:\/\/g1.globo.com\/sp\/sorocaba-jundiai\/nosso-campo\/playlist\/videos-veja-as-reportagens-do-nosso-campo.ghtml\">    50 v\u00eddeos      <\/a>   <\/p>\n<h3>Saiba Mais<\/h3>\n<ul>\n<li>\n<p> <a class=\"content-link\" href=\"http:\/\/g1.globo.com\/sao-paulo\/sorocaba-jundiai\/nosso-campo\/\">Confira as \u00faltimas not\u00edcias do Nosso Campo<\/a>   <\/p>\n<\/li>\n<\/ul>\n<ul> <\/ul>\n<h3> <a id=\"js-next-article-desktop-link\" class=\"next-article-desktop-link\"><\/a> <\/h3>\n<h3> <a id=\"js-next-article-smart-link\" class=\"next-article-smart-link\"><\/a> <\/h3>\n<p>Veja tamb\u00e9m<\/p>\n<\/p>\n<\/p>\n<p>       Anterior   Pr\u00f3ximo     <\/p>\n","protected":false},"excerpt":{"rendered":"<p>Retrospectiva 2023: reveja reportagens do Nosso Campo deste domingo, 7 de janeiro Programa fala sobre qualifica\u00e7\u00e3o na zona rural, cultivo de piment\u00e3o sem agrot\u00f3xicos, fabrica\u00e7\u00e3o de celas artesanais, e traz uma receita de til\u00e1pia gratinada. Por Nosso Campo, TV TEM 07\/01\/2024 07h20 Atualizado 07\/01\/2024 1 de 1&#013;Retrospectiva 2023: reveja reportagens do Nosso Campo neste domingo, [&hellip;]<\/p>\n","protected":false},"author":1,"featured_media":0,"comment_status":"closed","ping_status":"closed","sticky":false,"template":"","format":"standard","meta":{"footnotes":""},"categories":[],"tags":[],"class_list":["post-56136","post","type-post","status-publish","format-standard","hentry"],"_links":{"self":[{"href":"https:\/\/blog.corretoraideal.com.br\/index.php\/wp-json\/wp\/v2\/posts\/56136","targetHints":{"allow":["GET"]}}],"collection":[{"href":"https:\/\/blog.corretoraideal.com.br\/index.php\/wp-json\/wp\/v2\/posts"}],"about":[{"href":"https:\/\/blog.corretoraideal.com.br\/index.php\/wp-json\/wp\/v2\/types\/post"}],"author":[{"embeddable":true,"href":"https:\/\/blog.corretoraideal.com.br\/index.php\/wp-json\/wp\/v2\/users\/1"}],"replies":[{"embeddable":true,"href":"https:\/\/blog.corretoraideal.com.br\/index.php\/wp-json\/wp\/v2\/comments?post=56136"}],"version-history":[{"count":1,"href":"https:\/\/blog.corretoraideal.com.br\/index.php\/wp-json\/wp\/v2\/posts\/56136\/revisions"}],"predecessor-version":[{"id":56139,"href":"https:\/\/blog.corretoraideal.com.br\/index.php\/wp-json\/wp\/v2\/posts\/56136\/revisions\/56139"}],"wp:attachment":[{"href":"https:\/\/blog.corretoraideal.com.br\/index.php\/wp-json\/wp\/v2\/media?parent=56136"}],"wp:term":[{"taxonomy":"category","embeddable":true,"href":"https:\/\/blog.corretoraideal.com.br\/index.php\/wp-json\/wp\/v2\/categories?post=56136"},{"taxonomy":"post_tag","embeddable":true,"href":"https:\/\/blog.corretoraideal.com.br\/index.php\/wp-json\/wp\/v2\/tags?post=56136"}],"curies":[{"name":"wp","href":"https:\/\/api.w.org\/{rel}","templated":true}]}}