{"id":56140,"date":"2024-01-07T23:29:46","date_gmt":"2024-01-07T23:29:46","guid":{"rendered":"https:\/\/blog.corretoraideal.com.br\/?p=56140"},"modified":"2024-01-07T23:29:46","modified_gmt":"2024-01-07T23:29:46","slug":"o-corpo-gritou-gemeas-deixam-a-vida-na-cidade-para-investir-em-cafe-queijos-e-hospedagem-no-interior-do-es-agronegocios-no-espirito-santo-g1","status":"publish","type":"post","link":"https:\/\/blog.corretoraideal.com.br\/index.php\/2024\/01\/07\/o-corpo-gritou-gemeas-deixam-a-vida-na-cidade-para-investir-em-cafe-queijos-e-hospedagem-no-interior-do-es-agronegocios-no-espirito-santo-g1\/","title":{"rendered":"&#039;O corpo gritou&#039;: G\u00eameas deixam a vida na cidade para investir em caf\u00e9, queijos e hospedagem no interior do ES | Agroneg\u00f3cios no Esp\u00edrito Santo | G1"},"content":{"rendered":"<br \/>\n<h1>&#039;O corpo gritou&#039;: G\u00eameas deixam a vida na cidade para investir em caf\u00e9, queijos e hospedagem no interior do ES<\/h1>\n<h2>As irm\u00e3s Lucilene e Lucineia Ten\u00f3rio deixaram a agita\u00e7\u00e3o de uma cidade urbana na Grande Vit\u00f3ria para empreenderem na tranquilidade do interior do Esp\u00edrito Santo.<\/h2>\n<p> Por Vanessa Calmon, g1 ES <\/p>\n<p>  07\/01\/2024 04h00    Atualizado  07\/01\/2024    <\/p>\n<p>                             <img loading=\"lazy\" decoding=\"async\" class=\"aligncenter size-full wp-image-56142\" src=\"https:\/\/blog.corretoraideal.com.br\/wp-content\/uploads\/2024\/01\/gemeas-deixam-a-vida-na-cidade-para-investir-em-cafe-queijos-e-hospedagem-no-interior.jpeg\" alt=\"G\u00eameas deixam a vida na cidade para investir em caf\u00e9, queijos e hospedagem no interior\" width=\"800\" height=\"400\" \/>       <\/p>\n<p> G\u00eameas deixam a vida na cidade para investir em caf\u00e9, queijos e hospedagem no interior <\/p>\n<p> G\u00eameas id\u00eanticas, as irm\u00e3s Lucilene e Lucineia Ten\u00f3rio t\u00eam semelhan\u00e7as que v\u00e3o al\u00e9m da apar\u00eancia. As duas estudaram juntas, moraram perto quando cresceram, trabalharam na mesma empresa e tamb\u00e9m tomaram uma decis\u00e3o importante durante a pandemia: viver no interior do Esp\u00edrito Santo. Mas n\u00e3o de qualquer jeito. Elas tamb\u00e9m decidiram investir em meio \u00e0 tranquilidade do interior. <\/p>\n<ul>\n<li><a class href=\"https:\/\/api.whatsapp.com\/send?text=https:\/\/g1.globo.com\/es\/espirito-santo\/agronegocios\/noticia\/2024\/01\/07\/o-corpo-gritou-gemeas-deixam-a-vida-na-cidade-para-investir-em-cafe-queijos-e-hospedagem-no-interior-do-es.ghtml?utm_source%3Dwhatsapp%26utm_medium%3Dshare-engagement%26utm_campaign%3Dte-materias\" target=\"_blank\" rel=\"noopener noreferrer\"><strong>Compartilhe no WhatsApp<\/strong><\/a><\/li>\n<li><a class href=\"https:\/\/telegram.me\/share\/url?url=https:\/\/g1.globo.com\/es\/espirito-santo\/agronegocios\/noticia\/2024\/01\/07\/o-corpo-gritou-gemeas-deixam-a-vida-na-cidade-para-investir-em-cafe-queijos-e-hospedagem-no-interior-do-es.ghtml?utm_source%3Dtelegram%26utm_medium%3Dshare-engagement%26utm_campaign%3Dte-materias\" target=\"_blank\" rel=\"noopener noreferrer\"><strong>Compartilhe no Telegram<\/strong><\/a><\/li>\n<\/ul>\n<p>&quot;N\u00f3s adquirimos essa propriedade h\u00e1 18 anos. A gente fez a aquisi\u00e7\u00e3o pensando na aposentadoria. S\u00f3 que, com a pandemia, a gente antecipou todo esse projeto&quot;, disse Lucineia. <\/p>\n<p>         1 de 9&#013;G\u00eameas trocaram a vida na cidade para morar em Santa Teresa, no interior do Esp\u00edrito Santo \u2014 Foto: Reprodu\u00e7\u00e3o\/TV Gazeta    <\/p>\n<p> G\u00eameas trocaram a vida na cidade para morar em Santa Teresa, no interior do Esp\u00edrito Santo \u2014 Foto: Reprodu\u00e7\u00e3o\/TV Gazeta <\/p>\n<p> De acordo com Lucilene, um dos motivos da ida das irm\u00e3s para o campo foi um diagn\u00f3stico de transtorno de ansiedade adquirido justamente durante a pandemia. As duas moravam em Vila Velha, munic\u00edpio localizado na Grande Vit\u00f3ria. <\/p>\n<p>&quot;O corpo gritou e acho que esse momento foi a virada da chave para mim&quot;, explicou Lucilene. <\/p>\n<p> <a class href=\"https:\/\/bit.ly\/canalg1ES\" target=\"_blank\" rel=\"noopener noreferrer\"><strong>? Clique aqui para seguir o canal do g1 ES no WhatsApp<\/strong><\/a> <\/p>\n<p> Ap\u00f3s decidirem viver no interior de Santa Teresa, na Regi\u00e3o Serrana no estado, as irm\u00e3s investiram na produ\u00e7\u00e3o de caf\u00e9, de doce de leite e eucalipto, na cria\u00e7\u00e3o de gado leiteiro, em hospedagens e, agora, seguem para mais um desafio: a constru\u00e7\u00e3o de uma queijaria. <\/p>\n<p><h2>Rotina cheia de tarefas<\/h2>\n<\/p>\n<p>         2 de 9&#013;Curral da propriedade das g\u00eameas em Santa Teresa, no ES \u2014 Foto: Reprodu\u00e7\u00e3o\/TV Gazeta    <\/p>\n<p> Curral da propriedade das g\u00eameas em Santa Teresa, no ES \u2014 Foto: Reprodu\u00e7\u00e3o\/TV Gazeta <\/p>\n<p> As responsabilidades das irm\u00e3s na propriedade s\u00e3o divididas. A rotina de Lucilene, por exemplo, come\u00e7a bem cedo, cuidando das 12 vacas leiteiras no curral da propriedade onde moram. Para isso, a produtora fez cursos e sabe aplicar vacinas, dar medicamentos, al\u00e9m de fazer o pr\u00e9 e o p\u00f3s-parto dos animais do local. <\/p>\n<p> Dentro do curral, cada vaca \u00e9 levada para um espa\u00e7o onde \u00e9 oferecida a ra\u00e7\u00e3o e, enquanto os animais comem, testes s\u00e3o realizados para avaliar a qualidade do leite produzido. Em seguida, \u00e9 feita uma higieniza\u00e7\u00e3o e iniciada a ordenha mec\u00e2nica. <\/p>\n<p>         3 de 9&#013;Ordenhas de vacas na propriedade das g\u00eameas em Santa Teresa, no ES \u2014 Foto: Reprodu\u00e7\u00e3o\/TV Gazeta    <\/p>\n<p> Ordenhas de vacas na propriedade das g\u00eameas em Santa Teresa, no ES \u2014 Foto: Reprodu\u00e7\u00e3o\/TV Gazeta <\/p>\n<p>&quot;A gente tem animal que produz 12 litros de leite, uns que d\u00e3o 15 litros e outros, 18. Esse tempo vai demandar da quantidade. O tempo m\u00e9dio \u00e9 de dez minutos de ordenha mec\u00e2nica para cada animal&quot;, explicou Lucilene. <\/p>\n<p> A produtora contou ainda que ap\u00f3s a ordenha, o leite \u00e9 levado para a queijaria da propriedade, onde \u00e9 iniciada a produ\u00e7\u00e3o dos queijos. <\/p>\n<p> Mas nem sempre foi assim. Em 2020, quando se mudaram para Santa Teresa, as irm\u00e3s adquiriram apenas cinco vacas leiteiras com o investimento inicial, que varia entre R$ 150 mil e R$ 180 mil para a aquisi\u00e7\u00e3o dos animais e do maquin\u00e1rio necess\u00e1rio. <\/p>\n<p> <strong>LEIA TAMB\u00c9M:<\/strong> <\/p>\n<ul>\n<li><a class href=\"https:\/\/g1.globo.com\/es\/espirito-santo\/noticia\/2023\/12\/23\/saiu-toda-desengoncada-diz-produtor-que-colheu-abacaxi-em-formato-diferente-no-es-veja-video.ghtml\"><strong>&#x27;Saiu toda desengon\u00e7ada&#x27;, diz produtor que colheu abacaxi em formato diferente no ES; veja V\u00cdDEO<\/strong><\/a><\/li>\n<\/ul>\n<p>         4 de 9&#013;Vacas leiteiras da propriedade das g\u00eameas em Santa Teresa, no ES \u2014 Foto: Reprodu\u00e7\u00e3o\/TV Gazeta    <\/p>\n<p> Vacas leiteiras da propriedade das g\u00eameas em Santa Teresa, no ES \u2014 Foto: Reprodu\u00e7\u00e3o\/TV Gazeta <\/p>\n<p> De acordo com Lucilene, o custo atual para deixar os animais presos no curral \u00e9 alto e, para gastar menos, as irm\u00e3s mudaram o manejo, deixando os animais soltos no pasto. <\/p>\n<p>&quot;Hoje, o nosso manejo \u00e9 a cria\u00e7\u00e3o do gado confinado. Ent\u00e3o, o trato pela manh\u00e3 \u00e9 com silagem de milho, silagem de capia\u00e7u e tamb\u00e9m e a ra\u00e7\u00e3o, que \u00e9 respons\u00e1vel pela nutri\u00e7\u00e3o delas. Agora, com a assist\u00eancia t\u00e9cnica de um nutricionista, ele nos orientou a fazer a mudan\u00e7a do manejo at\u00e9 para o bem-estar no animal. Isso porque percebemos que, se soltar o animal no pasto, ele fica muito feliz&quot;, disse Lucilene. <\/p>\n<p>         5 de 9&#013;Gados soltos na propriedade de Santa Teresa, no ES \u2014 Foto: Reprodu\u00e7\u00e3o\/TV Gazeta    <\/p>\n<p> Gados soltos na propriedade de Santa Teresa, no ES \u2014 Foto: Reprodu\u00e7\u00e3o\/TV Gazeta <\/p>\n<p> A produtora explicou ainda que a propriedade vai trabalhar com piquetes, que consiste na divis\u00e3o do pasto em partes. <\/p>\n<p> Dessa forma, as vacas ocupam um piquete a cada dia, deixando os demais descansando por um per\u00edodo. Durante este tempo de descanso, o pasto se recupera e cresce novamente. Assim, a ideia \u00e9 nunca faltar pasto para os bichos. <\/p>\n<p>&quot;Ent\u00e3o, eles v\u00e3o vir para o curral somente quando forem ordenhadas&quot;, explicou Lucilene. <\/p>\n<p> <strong>LEIA TAMB\u00c9M:<\/strong> <\/p>\n<ul>\n<li><a class href=\"https:\/\/g1.globo.com\/es\/espirito-santo\/agronegocios\/noticia\/2023\/05\/26\/producao-agricola-sustentavel-plantacoes-sem-agrotoxicos-e-reflorestamentos-sao-tendencia-do-agronegocio-no-es.ghtml\"><strong>Planta\u00e7\u00f5es sem agrot\u00f3xicos e reflorestamentos s\u00e3o tend\u00eancia do agroneg\u00f3cio no ES<\/strong><\/a><\/li>\n<li><a class href=\"https:\/\/g1.globo.com\/es\/espirito-santo\/agronegocios\/noticia\/2023\/10\/22\/lupulo-produzido-no-es-deixa-producao-de-cerveja-mais-barata-e-pesquisadores-miram-usos-em-chas-e-ate-cosmeticos.ghtml\"><strong>L\u00fapulo produzido no ES deixa produ\u00e7\u00e3o de cerveja mais barata e pesquisadores miram usos em ch\u00e1s e at\u00e9 cosm\u00e9ticos<\/strong><\/a><\/li>\n<\/ul>\n<p><h2>Hospedagem no meio da natureza<\/h2>\n<\/p>\n<p>         6 de 9&#013;Casa germ\u00e2nica \u00e9 op\u00e7\u00e3o de hospedagem na propriedade das g\u00eameas em Santa Teresa, ES \u2014 Foto: Reprodu\u00e7\u00e3o\/TV Gazeta    <\/p>\n<p> Casa germ\u00e2nica \u00e9 op\u00e7\u00e3o de hospedagem na propriedade das g\u00eameas em Santa Teresa, ES \u2014 Foto: Reprodu\u00e7\u00e3o\/TV Gazeta <\/p>\n<p> Enquanto Lucilene cuida do gado, Lucineia tem a miss\u00e3o de cuidar das hospedagens, que chama a aten\u00e7\u00e3o pela arquitetura aconchegante e lousas impec\u00e1veis. Ao todo, s\u00e3o dois chal\u00e9s e uma casa germ\u00e2nica onde os turistas podem se hospedar. <\/p>\n<p> O curioso tamb\u00e9m \u00e9 que, visualmente, pela parte de fora, as casas tamb\u00e9m s\u00e3o &quot;g\u00eameas&quot;. <\/p>\n<p>         7 de 9&#013;Lousas na hospedagem das g\u00eameas em Santa Teresa, no ES \u2014 Foto: Reprodu\u00e7\u00e3o\/TV Gazeta    <\/p>\n<p> Lousas na hospedagem das g\u00eameas em Santa Teresa, no ES \u2014 Foto: Reprodu\u00e7\u00e3o\/TV Gazeta <\/p>\n<p>&quot;Foi um sonho. A gente viu a necessidade de amplia\u00e7\u00e3o porque a gente s\u00f3 trabalhava com a casa germ\u00e2nica como hospedagem, mas a gente tinha a demanda de fam\u00edlias e grupos querendo vir. Foi onde a gente construiu dois chal\u00e9s para atender esse p\u00fablico&quot;, disse. <\/p>\n<p> No local, de acordo com a Lucineia, o p\u00fablico pode viver a experi\u00eancia de morar no campo e, inclusive, em breve uma queijaria ficar\u00e1 pronta a apenas 200 metros da pousada. <\/p>\n<p>&quot;As obras come\u00e7aram h\u00e1 um ano e meio e j\u00e1 est\u00e3o na reta final. Aqui, logo que chegar, o cliente vai poder n\u00e3o s\u00f3 escolher o queijo do lado de fora, mas tamb\u00e9m vai poder acompanhar a fabrica\u00e7\u00e3o&quot;, disse Lucineia. <\/p>\n<p>         8 de 9&#013;Maquin\u00e1rios da queijaria j\u00e1 foram adquiridos na propriedade das g\u00eameas em Santa Teresa, ES \u2014 Foto: Reprodu\u00e7\u00e3o\/TV Gazeta    <\/p>\n<p> Maquin\u00e1rios da queijaria j\u00e1 foram adquiridos na propriedade das g\u00eameas em Santa Teresa, ES \u2014 Foto: Reprodu\u00e7\u00e3o\/TV Gazeta <\/p>\n<p> Segundo as g\u00eameas, todo o maquin\u00e1rio j\u00e1 foi adquirido para que uma produ\u00e7\u00e3o 100% natural passe a contar com o apoio da tecnologia para ter a capacidade ampliada. <\/p>\n<p>&quot;Depois que termina a ordenha, o leite passa pelo tanque de resfriamento. Em seguida, passa pelo pasteurizador e, depois, esse leite vem para esse tanque de fabrica\u00e7\u00e3o de queijo&quot;, disse. <\/p>\n<p> <strong>LEIA TAMB\u00c9M:<\/strong> <\/p>\n<ul>\n<li><a class href=\"https:\/\/g1.globo.com\/es\/espirito-santo\/agronegocios\/noticia\/2023\/07\/20\/mais-da-metade-das-cidades-do-es-tem-mais-bois-do-que-habitantes.ghtml\"><strong>Metade das cidades do ES tem mais bois do que habitantes<\/strong><\/a><\/li>\n<li><a class href=\"https:\/\/g1.globo.com\/es\/espirito-santo\/agronegocios\/noticia\/2023\/09\/18\/cidade-do-es-tem-maior-numero-de-galinhas-do-pais-sao-336-aves-para-cada-morador.ghtml\"><strong>Cidade do ES \u00e9 a 2\u00aa com o maior n\u00famero de galinhas do pa\u00eds; s\u00e3o 336 aves para cada morador<\/strong><\/a><\/li>\n<\/ul>\n<p> Al\u00e9m da produ\u00e7\u00e3o de queijo, as irm\u00e3s querem ampliar a produ\u00e7\u00e3o de doce de leite caseiro, uma das del\u00edcias produzidas no local. <\/p>\n<p>&quot;Tamb\u00e9m temos o tacho de fabrica\u00e7\u00e3o de doce de leite com capacidade pra fabrica\u00e7\u00e3o de 100 litros de leite apenas para o doce. Isso vai aumentar muito a nossa capacidade de produ\u00e7\u00e3o di\u00e1ria&quot;, explicou Lucilene. <\/p>\n<p><h2>Qualidade de vida<\/h2>\n<\/p>\n<p>         9 de 9&#013;G\u00eameas disseram que n\u00e3o trocam o interior do ES pela vida urbana \u2014 Foto: Reprodu\u00e7\u00e3o\/TV Gazeta    <\/p>\n<p> G\u00eameas disseram que n\u00e3o trocam o interior do ES pela vida urbana \u2014 Foto: Reprodu\u00e7\u00e3o\/TV Gazeta <\/p>\n<p> Questionadas pela reportagem se as irm\u00e3s t\u00eam vontade de voltar para Vila Velha, as duas t\u00eam a mesma resposta na ponta da l\u00edngua: n\u00e3o! <\/p>\n<p>&quot;Aqui \u00e9 qualidade de vida. A gente precisa disso, era um sonho nosso e estamos aqui. Juntas, sempre juntas. A gente trabalha muito, a propriedade rural \u00e9 uma empresa a c\u00e9u aberto, mas \u00e9 prazeroso, n\u00e3o tem pre\u00e7o que paga isso&quot;, finalizou Lucineia. <\/p>\n<p><h2>V\u00eddeos: tudo sobre o Esp\u00edrito Santo<\/h2>\n<\/p>\n<p>   <a href=\"https:\/\/g1.globo.com\/es\/espirito-santo\/edicao\/2021\/01\/29\/videos-tudo-sobre-o-es.ghtml\">    50 v\u00eddeos      <\/a>       <\/p>\n<ul>\n<li><a class href=\"http:\/\/g1.globo.com\/espirito-santo\/ultimas-noticias.html\"><strong>Veja o plant\u00e3o de \u00faltimas not\u00edcias do g1 Esp\u00edrito Santo<\/strong><\/a><\/li>\n<\/ul>\n<ul> <\/ul>\n<h3> <a id=\"js-next-article-desktop-link\" class=\"next-article-desktop-link\"><\/a> <\/h3>\n<h3> <a id=\"js-next-article-smart-link\" class=\"next-article-smart-link\"><\/a> <\/h3>\n<p>Veja tamb\u00e9m<\/p>\n<\/p>\n<\/p>\n<p>       Anterior   Pr\u00f3ximo     <\/p>\n","protected":false},"excerpt":{"rendered":"<p>&#039;O corpo gritou&#039;: G\u00eameas deixam a vida na cidade para investir em caf\u00e9, queijos e hospedagem no interior do ES As irm\u00e3s Lucilene e Lucineia Ten\u00f3rio deixaram a agita\u00e7\u00e3o de uma cidade urbana na Grande Vit\u00f3ria para empreenderem na tranquilidade do interior do Esp\u00edrito Santo. Por Vanessa Calmon, g1 ES 07\/01\/2024 04h00 Atualizado 07\/01\/2024 G\u00eameas [&hellip;]<\/p>\n","protected":false},"author":1,"featured_media":0,"comment_status":"closed","ping_status":"closed","sticky":false,"template":"","format":"standard","meta":{"footnotes":""},"categories":[],"tags":[],"class_list":["post-56140","post","type-post","status-publish","format-standard","hentry"],"_links":{"self":[{"href":"https:\/\/blog.corretoraideal.com.br\/index.php\/wp-json\/wp\/v2\/posts\/56140","targetHints":{"allow":["GET"]}}],"collection":[{"href":"https:\/\/blog.corretoraideal.com.br\/index.php\/wp-json\/wp\/v2\/posts"}],"about":[{"href":"https:\/\/blog.corretoraideal.com.br\/index.php\/wp-json\/wp\/v2\/types\/post"}],"author":[{"embeddable":true,"href":"https:\/\/blog.corretoraideal.com.br\/index.php\/wp-json\/wp\/v2\/users\/1"}],"replies":[{"embeddable":true,"href":"https:\/\/blog.corretoraideal.com.br\/index.php\/wp-json\/wp\/v2\/comments?post=56140"}],"version-history":[{"count":1,"href":"https:\/\/blog.corretoraideal.com.br\/index.php\/wp-json\/wp\/v2\/posts\/56140\/revisions"}],"predecessor-version":[{"id":56143,"href":"https:\/\/blog.corretoraideal.com.br\/index.php\/wp-json\/wp\/v2\/posts\/56140\/revisions\/56143"}],"wp:attachment":[{"href":"https:\/\/blog.corretoraideal.com.br\/index.php\/wp-json\/wp\/v2\/media?parent=56140"}],"wp:term":[{"taxonomy":"category","embeddable":true,"href":"https:\/\/blog.corretoraideal.com.br\/index.php\/wp-json\/wp\/v2\/categories?post=56140"},{"taxonomy":"post_tag","embeddable":true,"href":"https:\/\/blog.corretoraideal.com.br\/index.php\/wp-json\/wp\/v2\/tags?post=56140"}],"curies":[{"name":"wp","href":"https:\/\/api.w.org\/{rel}","templated":true}]}}