{"id":56162,"date":"2024-01-08T17:30:02","date_gmt":"2024-01-08T17:30:02","guid":{"rendered":"https:\/\/blog.corretoraideal.com.br\/?p=56162"},"modified":"2024-01-08T17:30:02","modified_gmt":"2024-01-08T17:30:02","slug":"canais-no-whatsapp-do-g1-receba-no-celular-noticias-das-regioes-dos-lagos-serrana-e-norte-fluminense-regiao-serrana-g1","status":"publish","type":"post","link":"https:\/\/blog.corretoraideal.com.br\/index.php\/2024\/01\/08\/canais-no-whatsapp-do-g1-receba-no-celular-noticias-das-regioes-dos-lagos-serrana-e-norte-fluminense-regiao-serrana-g1\/","title":{"rendered":"Canais no WhatsApp do g1: Receba no celular not\u00edcias das regi\u00f5es dos Lagos, Serrana e Norte Fluminense | Regi\u00e3o Serrana | G1"},"content":{"rendered":"<br \/>\n<h1>Canais no WhatsApp do g1: Receba no celular not\u00edcias das regi\u00f5es dos Lagos, Serrana e Norte Fluminense<\/h1>\n<h2>Junte-se aos quase 10 mil seguidores dos tr\u00eas canais do g1 que cobrem as 50 cidades da \u00e1rea de cobertura da Inter TV RJ. <\/h2>\n<p> Por g1 &mdash; Regi\u00e3o dos Lagos <\/p>\n<p>  08\/01\/2024 10h57    Atualizado  08\/01\/2024    <\/p>\n<p> A Inter TV RJ possui tr\u00eas portais do <strong>g1<\/strong>, sendo um para cada regi\u00e3o de sua \u00e1rea de cobertura: Regi\u00e3o Serrana, Regi\u00e3o dos Lagos e Norte Fluminense. E todos eles j\u00e1 possuem canais no WhatsApp, que, juntos, j\u00e1 alcan\u00e7am quase 10 mil seguidores. <\/p>\n<p> E se voc\u00ea tamb\u00e9m quer receber, diretamente no seu celular, not\u00edcias de sua regi\u00e3o e tamb\u00e9m de outras cidades de seu interesse, <strong>basta clicar nos links de cada Canal do WhatsApp abaixo: <\/strong> <\/p>\n<ul>\n<li><strong>g1 Regi\u00e3o Serrana &#8211; <\/strong><a class href=\"https:\/\/www.whatsapp.com\/channel\/0029VaA9qk5L7UVVOMaFpf15\" target=\"_blank\" rel=\"noopener noreferrer\">https:\/\/www.whatsapp.com\/channel\/0029VaA9qk5L7UVVOMaFpf15<\/a><\/li>\n<li><strong>g1 Regi\u00e3o dos Lagos &#8211;<\/strong> <a class href=\"https:\/\/www.whatsapp.com\/channel\/0029Va9w5k49Bb5yxWZ8Py2S\" target=\"_blank\" rel=\"noopener noreferrer\">https:\/\/www.whatsapp.com\/channel\/0029Va9w5k49Bb5yxWZ8Py2S<\/a><\/li>\n<li><strong>g1 Norte Fluminense &#8211;<\/strong> <a class href=\"https:\/\/www.whatsapp.com\/channel\/0029Va545Lc2ZjCpe4UPcZ3z\" target=\"_blank\" rel=\"noopener noreferrer\">https:\/\/www.whatsapp.com\/channel\/0029Va545Lc2ZjCpe4UPcZ3z<\/a><\/li>\n<\/ul>\n<p> Ao clicar no link de interesse, o internauta ser\u00e1 direcionado a uma p\u00e1gina do WhatsApp, onde vai encontrar a op\u00e7\u00e3o de<strong> &quot;Acessar o canal&quot;. <\/strong>Depois, j\u00e1 dentro do canal no WhatsApp, bastar\u00e1 clicar em<strong> &quot;Seguir&quot;<\/strong>. Pronto, a partir de agora o internauta passa a receber as reportagens do g1 diretamente no WhatsApp, se mantendo sempre atualizado. <\/p>\n<p>         2 de 3&#013;Clique em &#039;Atualiza\u00e7\u00f5es&#039; e, na busca, escreva o nome do canal do g1 de sua regi\u00e3o para localiz\u00e1-lo e segui-lo \u2014 Foto: D\u00e9borah Carvalho\/g1    <\/p>\n<p> Clique em &#039;Atualiza\u00e7\u00f5es&#039; e, na busca, escreva o nome do canal do g1 de sua regi\u00e3o para localiz\u00e1-lo e segui-lo \u2014 Foto: D\u00e9borah Carvalho\/g1 <\/p>\n<p><h2>Surgimento dos Canais <\/h2>\n<\/p>\n<p> A Meta <a class href=\"https:\/\/g1.globo.com\/tecnologia\/noticia\/2023\/09\/13\/whatsapp-lanca-recurso-canais-igual-ao-do-telegram-com-numero-ilimitado-de-participantes.ghtml\">lan\u00e7ou os Canais do WhatsApp em setembro de 2023<\/a>, e <a class href=\"https:\/\/g1.globo.com\/tecnologia\/noticia\/2023\/09\/13\/g1-canais-whatsapp.ghtml\">o g1 e diversos produtos da globo j\u00e1 est\u00e3o l\u00e1<\/a>. Diferentemente do &quot;grupo&quot;, o &quot;canal&quot; \u00e9 um recurso que permite enviar mensagem para um n\u00famero ilimitado de pessoas, se tornando, como j\u00e1 ocorria no Telegram, uma ferramenta capaz de transmitir informa\u00e7\u00f5es em massa. <\/p>\n<p> Os canais do <strong>g1<\/strong> s\u00e3o verificados pela Meta. Portanto, ao ver o s\u00edmbolo de<strong> &quot;verificado\u2705&quot; <\/strong>, em verde, ao lado do nome do canal, saber\u00e1 que trata-se de um canal oficial. <\/p>\n<p>         3 de 3&#013;Canais no WhatsApp do g1 est\u00e3o verificados, indicando que tratam-se de canais oficiais \u2014 Foto: Reprodu\u00e7\u00e3o WhatsApp    <\/p>\n<p> Canais no WhatsApp do g1 est\u00e3o verificados, indicando que tratam-se de canais oficiais \u2014 Foto: Reprodu\u00e7\u00e3o WhatsApp <\/p>\n<p><h2>Como encontrar um canal do WhatsApp?<\/h2>\n<\/p>\n<p> Os canais aparecem em uma aba separada: &quot;Atualiza\u00e7\u00f5es&quot;, que, antes, se chamava &quot;Status&quot;. Ali, al\u00e9m dos stories, ser\u00e1 poss\u00edvel encontrar canais novos, mais ativos e os mais populares. <strong>Veja abaixo:<\/strong> <\/p>\n<li>Na tela inicial, toque em &quot;<strong>Atualiza\u00e7\u00f5es<\/strong>&quot;;<\/li>\n<li>Ao lado de &quot;Canais&quot;, toque em &quot;<strong>+<\/strong>&quot;;<\/li>\n<li>Selecione &quot;<strong>Encontrar canais<\/strong>&quot;;<\/li>\n<li>Clique no \u00edcone da lupa e digite o nome de um canal.<\/li>\n<p>                   <img loading=\"lazy\" decoding=\"async\" class=\"aligncenter size-full wp-image-56164\" src=\"https:\/\/blog.corretoraideal.com.br\/wp-content\/uploads\/2024\/01\/g1-esta-nos-canais-do-whatsapp-veja-como-participar.jpeg\" alt=\"g1 est\u00e1 nos Canais do WhatsApp; veja como participar\" width=\"800\" height=\"400\" \/>       <\/p>\n<p> g1 est\u00e1 nos Canais do WhatsApp; veja como participar <\/p>\n<p><h2>E o &#x27;WhatsApp Comunidades&#x27;?<\/h2>\n<\/p>\n<p> Os canais lan\u00e7ados s\u00e3o diferentes do <a class href=\"https:\/\/g1.globo.com\/tecnologia\/noticia\/2023\/01\/26\/whatsapp-comunidades-liberado-no-brasil.ghtml\">WhatsApp Comunidades<\/a>, que foi oficializado no Brasil no in\u00edcio de 2023. <\/p>\n<p> O objetivo do Comunidades \u00e9 reunir v\u00e1rios grupos do WhatsApp sob um mesmo guarda-chuva. Assim, o recurso permite adicionar at\u00e9 50 grupos em uma comunidade, suportando at\u00e9 cinco mil pessoas. <\/p>\n<p>&quot;No caso do Comunidades, s\u00e3o grupos diferentes para intera\u00e7\u00e3o. Existe uma a intera\u00e7\u00e3o ali. Nos Canais, \u00e9 um broadcast (transmiss\u00e3o). Uma pessoa s\u00f3 comunicando e v\u00e1rias recebendo, ent\u00e3o \u00e9 uma distribui\u00e7\u00e3o diferente de conte\u00fado&quot;, diz o chefe do WhatsApp para mercados estrat\u00e9gicos, Guilherme Horn.<\/p>\n<ul> <\/ul>\n<h3> <a id=\"js-next-article-desktop-link\" class=\"next-article-desktop-link\"><\/a> <\/h3>\n<h3> <a id=\"js-next-article-smart-link\" class=\"next-article-smart-link\"><\/a> <\/h3>\n<p>Veja tamb\u00e9m<\/p>\n<\/p>\n<\/p>\n<p>       Anterior   Pr\u00f3ximo     <\/p>\n","protected":false},"excerpt":{"rendered":"<p>Canais no WhatsApp do g1: Receba no celular not\u00edcias das regi\u00f5es dos Lagos, Serrana e Norte Fluminense Junte-se aos quase 10 mil seguidores dos tr\u00eas canais do g1 que cobrem as 50 cidades da \u00e1rea de cobertura da Inter TV RJ. Por g1 &mdash; Regi\u00e3o dos Lagos 08\/01\/2024 10h57 Atualizado 08\/01\/2024 A Inter TV RJ [&hellip;]<\/p>\n","protected":false},"author":1,"featured_media":0,"comment_status":"closed","ping_status":"closed","sticky":false,"template":"","format":"standard","meta":{"footnotes":""},"categories":[],"tags":[],"class_list":["post-56162","post","type-post","status-publish","format-standard","hentry"],"_links":{"self":[{"href":"https:\/\/blog.corretoraideal.com.br\/index.php\/wp-json\/wp\/v2\/posts\/56162","targetHints":{"allow":["GET"]}}],"collection":[{"href":"https:\/\/blog.corretoraideal.com.br\/index.php\/wp-json\/wp\/v2\/posts"}],"about":[{"href":"https:\/\/blog.corretoraideal.com.br\/index.php\/wp-json\/wp\/v2\/types\/post"}],"author":[{"embeddable":true,"href":"https:\/\/blog.corretoraideal.com.br\/index.php\/wp-json\/wp\/v2\/users\/1"}],"replies":[{"embeddable":true,"href":"https:\/\/blog.corretoraideal.com.br\/index.php\/wp-json\/wp\/v2\/comments?post=56162"}],"version-history":[{"count":1,"href":"https:\/\/blog.corretoraideal.com.br\/index.php\/wp-json\/wp\/v2\/posts\/56162\/revisions"}],"predecessor-version":[{"id":56165,"href":"https:\/\/blog.corretoraideal.com.br\/index.php\/wp-json\/wp\/v2\/posts\/56162\/revisions\/56165"}],"wp:attachment":[{"href":"https:\/\/blog.corretoraideal.com.br\/index.php\/wp-json\/wp\/v2\/media?parent=56162"}],"wp:term":[{"taxonomy":"category","embeddable":true,"href":"https:\/\/blog.corretoraideal.com.br\/index.php\/wp-json\/wp\/v2\/categories?post=56162"},{"taxonomy":"post_tag","embeddable":true,"href":"https:\/\/blog.corretoraideal.com.br\/index.php\/wp-json\/wp\/v2\/tags?post=56162"}],"curies":[{"name":"wp","href":"https:\/\/api.w.org\/{rel}","templated":true}]}}