{"id":56170,"date":"2024-01-08T22:29:41","date_gmt":"2024-01-08T22:29:41","guid":{"rendered":"https:\/\/blog.corretoraideal.com.br\/?p=56170"},"modified":"2024-01-08T22:29:41","modified_gmt":"2024-01-08T22:29:41","slug":"projeto-esportivo-promove-1a-colonia-de-ferias-de-verao-no-farol-de-sao-tome-em-campos-norte-fluminense-g1","status":"publish","type":"post","link":"https:\/\/blog.corretoraideal.com.br\/index.php\/2024\/01\/08\/projeto-esportivo-promove-1a-colonia-de-ferias-de-verao-no-farol-de-sao-tome-em-campos-norte-fluminense-g1\/","title":{"rendered":"Projeto esportivo promove 1\u00aa Col\u00f4nia de F\u00e9rias de Ver\u00e3o no Farol de S\u00e3o Tom\u00e9, em Campos | Norte Fluminense | G1"},"content":{"rendered":"<br \/>\n<h1>Projeto esportivo promove 1\u00aa Col\u00f4nia de F\u00e9rias de Ver\u00e3o no Farol de S\u00e3o Tom\u00e9, em Campos<\/h1>\n<h2>As inscri\u00e7\u00f5es come\u00e7am nesta ter\u00e7a-feira (9) e v\u00e3o at\u00e9 a pr\u00f3xima sexta (12). Podem participar da col\u00f4nia, crian\u00e7as e adolescentes com idades entre 6 e 14 anos. <\/h2>\n<p> Por g1 &mdash; Campos dos Goytacazes  <\/p>\n<p>  08\/01\/2024 16h50    Atualizado  08\/01\/2024    <\/p>\n<p> O projeto Movimento \u00e9 Vida\/ Esporte \u00e9 Vida promove a 1\u00ba Col\u00f4nia de F\u00e9rias de Ver\u00e3o no Farol de S\u00e3o Tom\u00e9, em <a class href=\"https:\/\/g1.globo.com\/rj\/norte-fluminense\/cidade\/campos-dos-goytacazes\/\">Campos dos Goytacazes<\/a>, no Norte Fluminense. As inscri\u00e7\u00f5es come\u00e7am nesta ter\u00e7a-feira (9) e v\u00e3o at\u00e9 pr\u00f3xima sexta-feira (12), das 14h \u00e0s 18h, na Arena Kids, que fica na Avenida Atl\u00e2ntica. <\/p>\n<p> Podem se inscrever, crian\u00e7as e adolescentes com idades entre 6 e 14 anos. A col\u00f4nia de f\u00e9rias funcionar\u00e1 por cerca de tr\u00eas semanas, de ter\u00e7a a sexta, com recrea\u00e7\u00e3o aberta ao p\u00fablico aos s\u00e1bados e domingos. <\/p>\n<p> Para a inscri\u00e7\u00e3o, \u00e9 necess\u00e1rio apresentar RG, CPF, comprovante de resid\u00eancia do respons\u00e1vel e do aluno, e uma foto 3&#215;4 da crian\u00e7a ou adolescente. <\/p>\n<p> De acordo com o Coordenador Geral do projeto, Leonardo Mantena, a col\u00f4nia ter\u00e1 brinquedos infl\u00e1veis, miniparque aqu\u00e1tico, al\u00e9m de aulas de diversas modalidades, como jiu-jitsu, beach t\u00eanis, entre outras. <\/p>\n<p> &quot;N\u00f3s estamos presentes no Farol durante todas as esta\u00e7\u00f5es do ano e, por isso, decidimos criar essa col\u00f4nia de f\u00e9rias de ver\u00e3o, que atender\u00e1 n\u00e3o apenas os veranistas da praia, como tamb\u00e9m os moradores de Farol&quot;, destacou Leonardo. <\/p>\n<p> Ainda segundo o Coordenador, em alguns finais de semana acontecer\u00e3o competi\u00e7\u00f5es de diversas modalidades. <\/p>\n<p> No domingo (14) ter\u00e1 a 2\u00aa Copa Intern\u00facleos para atletas do projeto com at\u00e9 14 anos. No domingo seguinte (21) ser\u00e1 a vez do encontro de capoeira. E no dia 28 ser\u00e1 a vez da Copa Intern\u00facleos de Muay Thai. <\/p>\n<p> &quot;\u00c9 mais uma forma que encontramos de movimentar o esporte durante o per\u00edodo mais aguardado do ano, que \u00e9 o ver\u00e3o, al\u00e9m de oferecer, a boa parte dos nossos alunos, a oportunidade de viver um dia de competi\u00e7\u00e3o no balne\u00e1rio campista, mesmo que seja festival, onde todos receber\u00e3o medalhas pela participa\u00e7\u00e3o&quot;, explicou Mantena. <\/p>\n<p> Para mais informa\u00e7\u00f5es, o telefone para contato \u00e9 (22) 99762-4322. <\/p>\n<p> A col\u00f4nia de f\u00e9rias \u00e9 uma a\u00e7\u00e3o do projeto Movimento \u00e9 Vida\/ Esporte \u00e9 Vida em parceria com a Prefeitura de Campos dos Goytacazes e do Sesc-Rio. <\/p>\n<ul>\n<li> <a href=\"https:\/\/g1.globo.com\/rj\/norte-fluminense\/cidade\/campos-dos-goytacazes\/\" class=\"entities__list-itemLink\" data-track-click=\"Campos dos Goytacazes\"> Campos dos Goytacazes <\/a> <\/li>\n<\/ul>\n<h3> <a id=\"js-next-article-desktop-link\" class=\"next-article-desktop-link\"><\/a> <\/h3>\n<h3> <a id=\"js-next-article-smart-link\" class=\"next-article-smart-link\"><\/a> <\/h3>\n<p>Veja tamb\u00e9m<\/p>\n<\/p>\n<\/p>\n<p>       Anterior   Pr\u00f3ximo     <\/p>\n","protected":false},"excerpt":{"rendered":"<p>Projeto esportivo promove 1\u00aa Col\u00f4nia de F\u00e9rias de Ver\u00e3o no Farol de S\u00e3o Tom\u00e9, em Campos As inscri\u00e7\u00f5es come\u00e7am nesta ter\u00e7a-feira (9) e v\u00e3o at\u00e9 a pr\u00f3xima sexta (12). Podem participar da col\u00f4nia, crian\u00e7as e adolescentes com idades entre 6 e 14 anos. Por g1 &mdash; Campos dos Goytacazes 08\/01\/2024 16h50 Atualizado 08\/01\/2024 O projeto [&hellip;]<\/p>\n","protected":false},"author":1,"featured_media":0,"comment_status":"closed","ping_status":"closed","sticky":false,"template":"","format":"standard","meta":{"footnotes":""},"categories":[],"tags":[],"class_list":["post-56170","post","type-post","status-publish","format-standard","hentry"],"_links":{"self":[{"href":"https:\/\/blog.corretoraideal.com.br\/index.php\/wp-json\/wp\/v2\/posts\/56170","targetHints":{"allow":["GET"]}}],"collection":[{"href":"https:\/\/blog.corretoraideal.com.br\/index.php\/wp-json\/wp\/v2\/posts"}],"about":[{"href":"https:\/\/blog.corretoraideal.com.br\/index.php\/wp-json\/wp\/v2\/types\/post"}],"author":[{"embeddable":true,"href":"https:\/\/blog.corretoraideal.com.br\/index.php\/wp-json\/wp\/v2\/users\/1"}],"replies":[{"embeddable":true,"href":"https:\/\/blog.corretoraideal.com.br\/index.php\/wp-json\/wp\/v2\/comments?post=56170"}],"version-history":[{"count":1,"href":"https:\/\/blog.corretoraideal.com.br\/index.php\/wp-json\/wp\/v2\/posts\/56170\/revisions"}],"predecessor-version":[{"id":56172,"href":"https:\/\/blog.corretoraideal.com.br\/index.php\/wp-json\/wp\/v2\/posts\/56170\/revisions\/56172"}],"wp:attachment":[{"href":"https:\/\/blog.corretoraideal.com.br\/index.php\/wp-json\/wp\/v2\/media?parent=56170"}],"wp:term":[{"taxonomy":"category","embeddable":true,"href":"https:\/\/blog.corretoraideal.com.br\/index.php\/wp-json\/wp\/v2\/categories?post=56170"},{"taxonomy":"post_tag","embeddable":true,"href":"https:\/\/blog.corretoraideal.com.br\/index.php\/wp-json\/wp\/v2\/tags?post=56170"}],"curies":[{"name":"wp","href":"https:\/\/api.w.org\/{rel}","templated":true}]}}