{"id":56173,"date":"2024-01-09T00:29:39","date_gmt":"2024-01-09T00:29:39","guid":{"rendered":"https:\/\/blog.corretoraideal.com.br\/?p=56173"},"modified":"2024-01-09T00:29:39","modified_gmt":"2024-01-09T00:29:39","slug":"lula-ja-conversou-com-lewandowski-sobre-justica-anuncio-pode-sair-nesta-terca-feira-9-blog-ana-flor-g1","status":"publish","type":"post","link":"https:\/\/blog.corretoraideal.com.br\/index.php\/2024\/01\/09\/lula-ja-conversou-com-lewandowski-sobre-justica-anuncio-pode-sair-nesta-terca-feira-9-blog-ana-flor-g1\/","title":{"rendered":"Lula j\u00e1 conversou com Lewandowski sobre Justi\u00e7a; an\u00fancio pode sair nesta ter\u00e7a-feira (9) | Blog Ana Flor | G1"},"content":{"rendered":"<br \/>\n<h1>Lula j\u00e1 conversou com Lewandowski sobre Justi\u00e7a; an\u00fancio pode sair nesta ter\u00e7a-feira (9)<\/h1>\n<p> Por <a class=\"multi_signatures\" href=\"https:\/\/g1.globo.com\/autores\/ana-flor\/\">Ana Flor<\/a>, Nilson Klava, g1 &mdash; Bras\u00edlia <\/p>\n<p>  08\/01\/2024 19h25    Atualizado  08\/01\/2024    <\/p>\n<p>                             <img loading=\"lazy\" decoding=\"async\" class=\"aligncenter size-full wp-image-56175\" src=\"https:\/\/blog.corretoraideal.com.br\/wp-content\/uploads\/2024\/01\/lula-ja-conversou-com-lewandowski-sobre-justica-anuncio-pode-sair-nesta-terca-feira-9-1.jpeg\" alt=\"Lula j\u00e1 conversou com Lewandowski sobre Justi\u00e7a; an\u00fancio pode sair nesta ter\u00e7a feira (9)\" width=\"800\" height=\"400\" \/>       <\/p>\n<p> Lula j\u00e1 conversou com Lewandowski sobre Justi\u00e7a; an\u00fancio pode sair nesta ter\u00e7a-feira (9) <\/p>\n<p> Os eventos em lembran\u00e7a aos ataques golpistas de 8 de janeiro de 2023 nesta segunda-feira (8), em Bras\u00edlia, foram tamb\u00e9m espa\u00e7o para articula\u00e7\u00f5es e a respeito da sucess\u00e3o no Minist\u00e9rio da Justi\u00e7a e Seguran\u00e7a P\u00fablica. A previs\u00e3o, segundo fontes, \u00e9 que o an\u00fancio do novo ministro saia nesta ter\u00e7a-feira (9). <\/p>\n<p> Desde o fim de novembro, com a indica\u00e7\u00e3o de <a class href=\"https:\/\/g1.globo.com\/tudo-sobre\/flavio-dino\/\">Fl\u00e1vio Dino<\/a> para o Supremo Tribunal Federal (<a class href=\"https:\/\/g1.globo.com\/tudo-sobre\/supremo-tribunal-federal\/\">STF<\/a>), v\u00e1rios nomes j\u00e1 foram aventados para a pasta, mas fontes com quem o<strong> blog <\/strong>conversou nesta segunda afirmam que Lula n\u00e3o s\u00f3 j\u00e1 definiu que quer o ex-ministro do STF Ricardo Lewandowski na Justi\u00e7a, como j\u00e1 teria conversado sobre o assunto com o amigo que se aposentou da corte em abril, ap\u00f3s 17 anos no STF. <\/p>\n<p> Lewandowski participou dos dois eventos em lembran\u00e7a ao 8 de janeiro de 2023, um no STF e outro no <a class href=\"https:\/\/g1.globo.com\/tudo-sobre\/congresso-nacional\/\">Congresso Nacional<\/a>. Perguntado, n\u00e3o quis comentar o assunto. Mas seu nome j\u00e1 \u00e9 visto como preferido para a vaga h\u00e1 semanas. <\/p>\n<p> Segundo as fontes, Lula esperou o 8 de janeiro para fazer a escolha para n\u00e3o tirar o brilho de Dino justamente nos atos que marcam um ano dos ataques \u00e0s sedes dos tr\u00eas poderes. <\/p>\n<ul>\n<li> <a href=\"https:\/\/g1.globo.com\/tudo-sobre\/congresso-nacional\/\" class=\"entities__list-itemLink\" data-track-click=\"Congresso Nacional\"> Congresso Nacional <\/a> <\/li>\n<li> <a href=\"https:\/\/g1.globo.com\/tudo-sobre\/flavio-dino\/\" class=\"entities__list-itemLink\" data-track-click=\"Fl\u00e1vio Dino\"> Fl\u00e1vio Dino <\/a> <\/li>\n<li> <a href=\"https:\/\/g1.globo.com\/tudo-sobre\/supremo-tribunal-federal\/\" class=\"entities__list-itemLink\" data-track-click=\"STF - Supremo Tribunal Federal\"> STF &#8211; Supremo Tribunal Federal <\/a> <\/li>\n<\/ul>\n<h3> <a id=\"js-next-article-desktop-link\" class=\"next-article-desktop-link\"><\/a> <\/h3>\n<h3> <a id=\"js-next-article-smart-link\" class=\"next-article-smart-link\"><\/a> <\/h3>\n<p>Veja tamb\u00e9m<\/p>\n<\/p>\n<\/p>\n<p>       Anterior   Pr\u00f3ximo     <\/p>\n","protected":false},"excerpt":{"rendered":"<p>Lula j\u00e1 conversou com Lewandowski sobre Justi\u00e7a; an\u00fancio pode sair nesta ter\u00e7a-feira (9) Por Ana Flor, Nilson Klava, g1 &mdash; Bras\u00edlia 08\/01\/2024 19h25 Atualizado 08\/01\/2024 Lula j\u00e1 conversou com Lewandowski sobre Justi\u00e7a; an\u00fancio pode sair nesta ter\u00e7a-feira (9) Os eventos em lembran\u00e7a aos ataques golpistas de 8 de janeiro de 2023 nesta segunda-feira (8), em [&hellip;]<\/p>\n","protected":false},"author":1,"featured_media":0,"comment_status":"closed","ping_status":"closed","sticky":false,"template":"","format":"standard","meta":{"footnotes":""},"categories":[],"tags":[],"class_list":["post-56173","post","type-post","status-publish","format-standard","hentry"],"_links":{"self":[{"href":"https:\/\/blog.corretoraideal.com.br\/index.php\/wp-json\/wp\/v2\/posts\/56173","targetHints":{"allow":["GET"]}}],"collection":[{"href":"https:\/\/blog.corretoraideal.com.br\/index.php\/wp-json\/wp\/v2\/posts"}],"about":[{"href":"https:\/\/blog.corretoraideal.com.br\/index.php\/wp-json\/wp\/v2\/types\/post"}],"author":[{"embeddable":true,"href":"https:\/\/blog.corretoraideal.com.br\/index.php\/wp-json\/wp\/v2\/users\/1"}],"replies":[{"embeddable":true,"href":"https:\/\/blog.corretoraideal.com.br\/index.php\/wp-json\/wp\/v2\/comments?post=56173"}],"version-history":[{"count":1,"href":"https:\/\/blog.corretoraideal.com.br\/index.php\/wp-json\/wp\/v2\/posts\/56173\/revisions"}],"predecessor-version":[{"id":56176,"href":"https:\/\/blog.corretoraideal.com.br\/index.php\/wp-json\/wp\/v2\/posts\/56173\/revisions\/56176"}],"wp:attachment":[{"href":"https:\/\/blog.corretoraideal.com.br\/index.php\/wp-json\/wp\/v2\/media?parent=56173"}],"wp:term":[{"taxonomy":"category","embeddable":true,"href":"https:\/\/blog.corretoraideal.com.br\/index.php\/wp-json\/wp\/v2\/categories?post=56173"},{"taxonomy":"post_tag","embeddable":true,"href":"https:\/\/blog.corretoraideal.com.br\/index.php\/wp-json\/wp\/v2\/tags?post=56173"}],"curies":[{"name":"wp","href":"https:\/\/api.w.org\/{rel}","templated":true}]}}