{"id":56177,"date":"2024-01-09T08:29:45","date_gmt":"2024-01-09T08:29:45","guid":{"rendered":"https:\/\/blog.corretoraideal.com.br\/?p=56177"},"modified":"2024-01-09T08:29:45","modified_gmt":"2024-01-09T08:29:45","slug":"por-vinganca-vigilante-demitido-usa-uniformes-e-chaves-para-entrar-em-agencia-da-caixa-e-furtar-armas-diz-policia-norte-fluminense-g1","status":"publish","type":"post","link":"https:\/\/blog.corretoraideal.com.br\/index.php\/2024\/01\/09\/por-vinganca-vigilante-demitido-usa-uniformes-e-chaves-para-entrar-em-agencia-da-caixa-e-furtar-armas-diz-policia-norte-fluminense-g1\/","title":{"rendered":"Por vingan\u00e7a, vigilante demitido usa uniformes e chaves para entrar em ag\u00eancia da Caixa e furtar armas, diz pol\u00edcia | Norte Fluminense | G1"},"content":{"rendered":"<br \/>\n<h1>Por vingan\u00e7a, vigilante demitido usa uniformes e chaves para entrar em ag\u00eancia da Caixa e furtar armas, diz pol\u00edcia<\/h1>\n<h2>A\u00e7\u00e3o do homem em uma ag\u00eancia de Maca\u00e9 (RJ) foi flagrada por c\u00e2meras de seguran\u00e7a. Ele foi rendido com as armas neste domingo (7), quando passava de carro com placa clonada pela RJ-106.<\/h2>\n<p> Por g1 &mdash; Maca\u00e9 <\/p>\n<p>  08\/01\/2024 16h29    Atualizado  08\/01\/2024    <\/p>\n<p>                                <img loading=\"lazy\" decoding=\"async\" class=\"aligncenter size-full wp-image-56179\" src=\"https:\/\/blog.corretoraideal.com.br\/wp-content\/uploads\/2024\/01\/agencia-da-caixa-economica-federal-e-furtada-em-macae.jpeg\" alt=\"Ag\u00eancia da Caixa Econ\u00f4mica Federal \u00e9 furtada em Maca\u00e9\" width=\"800\" height=\"400\" \/>       <\/p>\n<p> Ag\u00eancia da Caixa Econ\u00f4mica Federal \u00e9 furtada em Maca\u00e9 <\/p>\n<p> Um ex-vigilante da Caixa Econ\u00f4mica Federal, em <a class href=\"https:\/\/g1.globo.com\/rj\/regiao-dos-lagos\/cidade\/macae\/\">Maca\u00e9<\/a>, no Norte Fluminense, entrou uniformizado na ag\u00eancia do bairro Cavaleiros, usando as chaves do estabelecimento, e furtou armas e muni\u00e7\u00f5es usadas pela equipe de seguran\u00e7a. <\/p>\n<p> O caso ocorreu na madrugada do dia 5 de janeiro, mas o homem foi preso neste domingo (7) na RJ-106, quando passava pela rodovia com um ve\u00edculo com a placa clonada. Ao revistar o carro, policiais rodovi\u00e1rios encontraram quatro rev\u00f3lveres de calibre 38 e 26 muni\u00e7\u00f5es do mesmo calibre. <\/p>\n<p>         1 de 1&#013;Ex-vigilante furtou as armas da Caixa Econ\u00f4mica, em Maca\u00e9, uniformizado e usando as chaves do estabelecimento \u2014 Foto: Imagens c\u00e2meras de seguran\u00e7a    <\/p>\n<p> Ex-vigilante furtou as armas da Caixa Econ\u00f4mica, em Maca\u00e9, uniformizado e usando as chaves do estabelecimento \u2014 Foto: Imagens c\u00e2meras de seguran\u00e7a <\/p>\n<p> Ao ser questionado sobre o material, segundo o registro de ocorr\u00eancia, o homem confessou que havia sido demitido por justa causa e queria causar preju\u00edzos, se vingando da empresa terceirizada que presta servi\u00e7o de seguran\u00e7a para a Caixa Econ\u00f4mica Federal. <\/p>\n<p> A a\u00e7\u00e3o no banco foi registrada por c\u00e2meras de seguran\u00e7a. As imagens mostram o homem, de 45 anos, entrando na ag\u00eancia, uniformizado, utilizando as chaves da agencia e do cofre que ainda possu\u00eda. Ap\u00f3s colocar as armas e as muni\u00e7\u00f5es dentro de uma bolsa, ele sai do banco tranquilamente. <\/p>\n<p> O furto chegou a ser comunicado pela empresa de seguran\u00e7a \u00e0 Pol\u00edcia Federal, mas a pris\u00e3o ocorreu dias depois na RJ-106 porque policiais rodovi\u00e1rios desconfiaram do ve\u00edculo que o ex-vigilante usava. O carro seguia de Campos e foi verificada que a placa era clonada de Pato de Minas, no estado de Minas Gerais. <\/p>\n<p> A propriet\u00e1ria do ve\u00edculo, que havia sido roubado na cidade mineira, tamb\u00e9m j\u00e1 havia alertado \u00e0s autoridades de Maca\u00e9 que vinha recebendo, nos \u00faltimos dias, diversas multas em seu nome. <\/p>\n<p> O homem foi encaminhado para a delegacia de Rio das Ostras e autuado por adultera\u00e7\u00e3o de ve\u00edculos, recepta\u00e7\u00e3o, porte ilegal de armas e tamb\u00e9m por furto de armas. <\/p>\n<p> Ele foi transferido na manh\u00e3 desta segunda-feira (8) para a casa de cust\u00f3dia de <a class href=\"https:\/\/g1.globo.com\/rj\/norte-fluminense\/cidade\/campos-dos-goytacazes\/\">Campos dos Goytacazes<\/a>, onde permanecer\u00e1 \u00e0 disposi\u00e7\u00e3o da Justi\u00e7a. <\/p>\n<ul>\n<li> <a href=\"https:\/\/g1.globo.com\/rj\/norte-fluminense\/cidade\/campos-dos-goytacazes\/\" class=\"entities__list-itemLink\" data-track-click=\"Campos dos Goytacazes\"> Campos dos Goytacazes <\/a> <\/li>\n<li> <a href=\"https:\/\/g1.globo.com\/rj\/regiao-dos-lagos\/cidade\/macae\/\" class=\"entities__list-itemLink\" data-track-click=\"Maca\u00e9\"> Maca\u00e9 <\/a> <\/li>\n<\/ul>\n<h3> <a id=\"js-next-article-desktop-link\" class=\"next-article-desktop-link\"><\/a> <\/h3>\n<h3> <a id=\"js-next-article-smart-link\" class=\"next-article-smart-link\"><\/a> <\/h3>\n<p>Veja tamb\u00e9m<\/p>\n<\/p>\n<\/p>\n<p>       Anterior   Pr\u00f3ximo     <\/p>\n","protected":false},"excerpt":{"rendered":"<p>Por vingan\u00e7a, vigilante demitido usa uniformes e chaves para entrar em ag\u00eancia da Caixa e furtar armas, diz pol\u00edcia A\u00e7\u00e3o do homem em uma ag\u00eancia de Maca\u00e9 (RJ) foi flagrada por c\u00e2meras de seguran\u00e7a. Ele foi rendido com as armas neste domingo (7), quando passava de carro com placa clonada pela RJ-106. Por g1 &mdash; [&hellip;]<\/p>\n","protected":false},"author":1,"featured_media":0,"comment_status":"closed","ping_status":"closed","sticky":false,"template":"","format":"standard","meta":{"footnotes":""},"categories":[],"tags":[],"class_list":["post-56177","post","type-post","status-publish","format-standard","hentry"],"_links":{"self":[{"href":"https:\/\/blog.corretoraideal.com.br\/index.php\/wp-json\/wp\/v2\/posts\/56177","targetHints":{"allow":["GET"]}}],"collection":[{"href":"https:\/\/blog.corretoraideal.com.br\/index.php\/wp-json\/wp\/v2\/posts"}],"about":[{"href":"https:\/\/blog.corretoraideal.com.br\/index.php\/wp-json\/wp\/v2\/types\/post"}],"author":[{"embeddable":true,"href":"https:\/\/blog.corretoraideal.com.br\/index.php\/wp-json\/wp\/v2\/users\/1"}],"replies":[{"embeddable":true,"href":"https:\/\/blog.corretoraideal.com.br\/index.php\/wp-json\/wp\/v2\/comments?post=56177"}],"version-history":[{"count":1,"href":"https:\/\/blog.corretoraideal.com.br\/index.php\/wp-json\/wp\/v2\/posts\/56177\/revisions"}],"predecessor-version":[{"id":56180,"href":"https:\/\/blog.corretoraideal.com.br\/index.php\/wp-json\/wp\/v2\/posts\/56177\/revisions\/56180"}],"wp:attachment":[{"href":"https:\/\/blog.corretoraideal.com.br\/index.php\/wp-json\/wp\/v2\/media?parent=56177"}],"wp:term":[{"taxonomy":"category","embeddable":true,"href":"https:\/\/blog.corretoraideal.com.br\/index.php\/wp-json\/wp\/v2\/categories?post=56177"},{"taxonomy":"post_tag","embeddable":true,"href":"https:\/\/blog.corretoraideal.com.br\/index.php\/wp-json\/wp\/v2\/tags?post=56177"}],"curies":[{"name":"wp","href":"https:\/\/api.w.org\/{rel}","templated":true}]}}