{"id":56187,"date":"2024-01-09T15:29:38","date_gmt":"2024-01-09T15:29:38","guid":{"rendered":"https:\/\/blog.corretoraideal.com.br\/?p=56187"},"modified":"2024-01-09T15:29:38","modified_gmt":"2024-01-09T15:29:38","slug":"dolar-abre-em-alta-nesta-terca-feira-ainda-aguardando-dados-de-inflacao-ibovespa-tem-queda-economia-g1","status":"publish","type":"post","link":"https:\/\/blog.corretoraideal.com.br\/index.php\/2024\/01\/09\/dolar-abre-em-alta-nesta-terca-feira-ainda-aguardando-dados-de-inflacao-ibovespa-tem-queda-economia-g1\/","title":{"rendered":"D\u00f3lar abre em alta nesta ter\u00e7a-feira, ainda aguardando dados de infla\u00e7\u00e3o; Ibovespa tem queda | Economia | G1"},"content":{"rendered":"<br \/>\n<h1>D\u00f3lar abre em alta nesta ter\u00e7a-feira, ainda aguardando dados de infla\u00e7\u00e3o; Ibovespa tem queda<\/h1>\n<h2>Na v\u00e9spera, o principal \u00edndice de a\u00e7\u00f5es da bolsa de valores avan\u00e7ou 0,31%, aos 132.427 pontos. J\u00e1 a moeda norte-americana recuou 0,02%, cotada a R$ 4,8707.<\/h2>\n<p> Por g1 <\/p>\n<p>  09\/01\/2024 09h16    Atualizado  09\/01\/2024    <\/p>\n<p>                      1 de 1&#013; Imagem ilustrativa sobre a alta do d\u00f3lar e o mercado de a\u00e7\u00f5es na Bolsa de Valores de S\u00e3o Paulo (B3). \u2014 Foto: KEVIN DAVID\/A7 PRESS\/ESTAD\u00c3O CONTE\u00daDO    <\/p>\n<p> Imagem ilustrativa sobre a alta do d\u00f3lar e o mercado de a\u00e7\u00f5es na Bolsa de Valores de S\u00e3o Paulo (B3). \u2014 Foto: KEVIN DAVID\/A7 PRESS\/ESTAD\u00c3O CONTE\u00daDO <\/p>\n<p> O d\u00f3lar opera em alta nesta ter\u00e7a-feira (9), com investidores esperando dados da infla\u00e7\u00e3o norte-americana ap\u00f3s uma modera\u00e7\u00e3o nas apostas de cortes de juros pelo Federal Reserve em 2024. O <a class href=\"https:\/\/g1.globo.com\/tudo-sobre\/ibovespa\/\">Ibovespa<\/a>, principal \u00edndice da bolsa de valores, tem queda. <\/p>\n<p> Tamb\u00e9m nesta semana saem os pre\u00e7os no Brasil em dezembro, medidos pelo \u00cdndice Nacional de Pre\u00e7os ao Consumidor Amplo (IPCA). A expectativa \u00e9 de que o ano tenha fechado dentro da meta de infla\u00e7\u00e3o, o que ajuda a manter o ritmo de corte de juros pelo Banco Central. <\/p>\n<p> <strong>Veja abaixo o resumo dos mercados.<\/strong> <\/p>\n<p><h2>D\u00f3lar<\/h2>\n<\/p>\n<p> \u00c0s 12h, o d\u00f3lar operava em alta de 0,40%, cotado a R$ 4,8904. <a class href=\"https:\/\/valor.globo.com\/valor-data\/\">Veja mais cota\u00e7\u00f5es.<\/a> <\/p>\n<p> Na v\u00e9spera, a moeda norte-americana fechou em queda de 0,02%, cotada a R$ 4,8707. Com o resultado, acumulou: <\/p>\n<ul>\n<li><strong>queda de 0,02% na semana;<\/strong><\/li>\n<li><strong>alta de 0,38% no m\u00eas e no ano.<\/strong><\/li>\n<\/ul>\n<p><h2>Ibovespa<\/h2>\n<\/p>\n<p> O Ibovespa operava em queda de 0,88%, aos 131.255 pontos. <\/p>\n<p> Ontem, o \u00edndice teve alta de 0,31%, aos 132.427 pontos. Com o resultado, o Ibovespa acumulou: <\/p>\n<ul>\n<li><strong>alta de 0,31% na semana;<\/strong><\/li>\n<li><strong>queda de 1,31% no m\u00eas e no ano.<\/strong><\/li>\n<\/ul>\n<p> <strong>LEIA TAMB\u00c9M<\/strong> <\/p>\n<ul>\n<li><strong>DINHEIRO OU CART\u00c3O? <\/strong><a class href=\"https:\/\/g1.globo.com\/economia\/noticia\/2022\/03\/26\/dinheiro-ou-cartao-qual-a-melhor-forma-de-levar-dolares-em-viagens.ghtml\">Qual a melhor forma de levar d\u00f3lares em viagens?<\/a><\/li>\n<li><strong>D\u00d3LAR: <\/strong><a class href=\"https:\/\/g1.globo.com\/economia\/noticia\/2022\/04\/05\/dolar-qual-o-melhor-momento-para-comprar.ghtml\">Qual o melhor momento para comprar a moeda? <\/a><\/li>\n<\/ul>\n<p>                   <img loading=\"lazy\" decoding=\"async\" class=\"aligncenter size-full wp-image-56189\" src=\"https:\/\/blog.corretoraideal.com.br\/wp-content\/uploads\/2024\/01\/entenda-o-que-faz-o-dolar-subir-ou-descer-3.jpeg\" alt=\"Entenda o que faz o d\u00f3lar subir ou descer\" width=\"800\" height=\"400\" \/>       <\/p>\n<p> Entenda o que faz o d\u00f3lar subir ou descer <\/p>\n<p><h2>O que movimentou os mercados?<\/h2>\n<\/p>\n<p> Investidores seguem aguardando os dados de infla\u00e7\u00e3o para calibrarem as expectativas sobre juros, em mais um dia de corre\u00e7\u00e3o em rela\u00e7\u00e3o ao otimismo do fim de 2023. Com dia de agenda vazia no Brasil, os olhos se voltam novamente para os <a class href=\"https:\/\/g1.globo.com\/tudo-sobre\/estados-unidos\/\">Estados Unidos<\/a>. <\/p>\n<p> O \u00edndice de pre\u00e7os ao consumidor dos EUA (CPI, na sigla em ingl\u00eas) est\u00e1 previsto para quinta-feira e ser\u00e1 olhado com aten\u00e7\u00e3o para desvendar os pr\u00f3ximos passos do Federal Reserve (<a class href=\"https:\/\/g1.globo.com\/tudo-sobre\/fed\/\">Fed<\/a>, banco central dos EUA) na pol\u00edtica monet\u00e1ria. <\/p>\n<p> Ontem, o presidente do Fed de Atlanta, Raphael Bostic, disse que, com a infla\u00e7\u00e3o ainda acima da meta de 2%, sua tend\u00eancia \u00e9 defender que a pol\u00edtica monet\u00e1ria permane\u00e7a r\u00edgida, embora os riscos gerais da economia norte-americana tenham se tornado equilibrados. <\/p>\n<p>&quot;Tenho um vi\u00e9s natural para que seja mais r\u00edgida. Quero ter certeza de que estamos realmente l\u00e1&quot;, disse Bostic.<\/p>\n<p> Os coment\u00e1rios contrariam as expectativas do mercado de cortes na taxa b\u00e1sica a partir de mar\u00e7o. Bostic repetiu sua opini\u00e3o anterior de que prev\u00ea redu\u00e7\u00f5es na taxa b\u00e1sica ainda este ano, com dois cortes de 0,25 ponto percentual provavelmente necess\u00e1rios at\u00e9 o final de 2024, com o primeiro corte em algum momento no terceiro trimestre. <\/p>\n<p> No entanto, ele tamb\u00e9m minimizou o risco de qualquer necessidade iminente de come\u00e7ar a reduzir os juros a fim de manter uma economia andando. Alguns dirigentes entendem que uma manuten\u00e7\u00e3o dos juros poderia gerar um aumento acentuado do desemprego. <\/p>\n<p> &quot;N\u00e3o acho que este seja o ponto em que estamos hoje&quot;, disse Bostic, apesar de reconhecer que &quot;o risco dessa possibilidade definitivamente aumentou&quot;. <\/p>\n<ul>\n<li> <a href=\"https:\/\/g1.globo.com\/politica\/politico\/alexandre-padilha\/\" class=\"entities__list-itemLink\" data-track-click=\"Alexandre Padilha\"> Alexandre Padilha <\/a> <\/li>\n<li> <a href=\"https:\/\/g1.globo.com\/tudo-sobre\/bmf-bovespa\/\" class=\"entities__list-itemLink\" data-track-click=\"B3\"> B3 <\/a> <\/li>\n<li> <a href=\"https:\/\/g1.globo.com\/tudo-sobre\/estados-unidos\/\" class=\"entities__list-itemLink\" data-track-click=\"Estados Unidos\"> Estados Unidos <\/a> <\/li>\n<li> <a href=\"https:\/\/g1.globo.com\/tudo-sobre\/fed\/\" class=\"entities__list-itemLink\" data-track-click=\"FED\"> FED <\/a> <\/li>\n<li> <a href=\"https:\/\/g1.globo.com\/politica\/politico\/fernando-haddad\/\" class=\"entities__list-itemLink\" data-track-click=\"Fernando Haddad\"> Fernando Haddad <\/a> <\/li>\n<li> <a href=\"https:\/\/g1.globo.com\/tudo-sobre\/ibovespa\/\" class=\"entities__list-itemLink\" data-track-click=\"Ibovespa\"> Ibovespa <\/a> <\/li>\n<li> <a href=\"https:\/\/g1.globo.com\/tudo-sobre\/petrobras\/\" class=\"entities__list-itemLink\" data-track-click=\"Petrobras\"> Petrobras <\/a> <\/li>\n<\/ul>\n<h3> <a id=\"js-next-article-desktop-link\" class=\"next-article-desktop-link\"><\/a> <\/h3>\n<h3> <a id=\"js-next-article-smart-link\" class=\"next-article-smart-link\"><\/a> <\/h3>\n<p>Veja tamb\u00e9m<\/p>\n<\/p>\n<\/p>\n<p>       Anterior   Pr\u00f3ximo     <\/p>\n","protected":false},"excerpt":{"rendered":"<p>D\u00f3lar abre em alta nesta ter\u00e7a-feira, ainda aguardando dados de infla\u00e7\u00e3o; Ibovespa tem queda Na v\u00e9spera, o principal \u00edndice de a\u00e7\u00f5es da bolsa de valores avan\u00e7ou 0,31%, aos 132.427 pontos. J\u00e1 a moeda norte-americana recuou 0,02%, cotada a R$ 4,8707. Por g1 09\/01\/2024 09h16 Atualizado 09\/01\/2024 1 de 1&#013; Imagem ilustrativa sobre a alta do [&hellip;]<\/p>\n","protected":false},"author":1,"featured_media":0,"comment_status":"closed","ping_status":"closed","sticky":false,"template":"","format":"standard","meta":{"footnotes":""},"categories":[],"tags":[],"class_list":["post-56187","post","type-post","status-publish","format-standard","hentry"],"_links":{"self":[{"href":"https:\/\/blog.corretoraideal.com.br\/index.php\/wp-json\/wp\/v2\/posts\/56187","targetHints":{"allow":["GET"]}}],"collection":[{"href":"https:\/\/blog.corretoraideal.com.br\/index.php\/wp-json\/wp\/v2\/posts"}],"about":[{"href":"https:\/\/blog.corretoraideal.com.br\/index.php\/wp-json\/wp\/v2\/types\/post"}],"author":[{"embeddable":true,"href":"https:\/\/blog.corretoraideal.com.br\/index.php\/wp-json\/wp\/v2\/users\/1"}],"replies":[{"embeddable":true,"href":"https:\/\/blog.corretoraideal.com.br\/index.php\/wp-json\/wp\/v2\/comments?post=56187"}],"version-history":[{"count":1,"href":"https:\/\/blog.corretoraideal.com.br\/index.php\/wp-json\/wp\/v2\/posts\/56187\/revisions"}],"predecessor-version":[{"id":56190,"href":"https:\/\/blog.corretoraideal.com.br\/index.php\/wp-json\/wp\/v2\/posts\/56187\/revisions\/56190"}],"wp:attachment":[{"href":"https:\/\/blog.corretoraideal.com.br\/index.php\/wp-json\/wp\/v2\/media?parent=56187"}],"wp:term":[{"taxonomy":"category","embeddable":true,"href":"https:\/\/blog.corretoraideal.com.br\/index.php\/wp-json\/wp\/v2\/categories?post=56187"},{"taxonomy":"post_tag","embeddable":true,"href":"https:\/\/blog.corretoraideal.com.br\/index.php\/wp-json\/wp\/v2\/tags?post=56187"}],"curies":[{"name":"wp","href":"https:\/\/api.w.org\/{rel}","templated":true}]}}