{"id":56191,"date":"2024-01-09T16:29:40","date_gmt":"2024-01-09T16:29:40","guid":{"rendered":"https:\/\/blog.corretoraideal.com.br\/?p=56191"},"modified":"2024-01-09T16:29:40","modified_gmt":"2024-01-09T16:29:40","slug":"ces-2024-volkswagen-vai-oferecer-chatgpt-como-item-de-serie-em-seus-carros-tecnologia-g1","status":"publish","type":"post","link":"https:\/\/blog.corretoraideal.com.br\/index.php\/2024\/01\/09\/ces-2024-volkswagen-vai-oferecer-chatgpt-como-item-de-serie-em-seus-carros-tecnologia-g1\/","title":{"rendered":"CES 2024: Volkswagen vai oferecer ChatGPT como item de s\u00e9rie em seus carros | Tecnologia | G1"},"content":{"rendered":"<br \/>\n<h1>CES 2024: Volkswagen vai oferecer ChatGPT como item de s\u00e9rie em seus carros<\/h1>\n<h2>Rob\u00f4 da OpenAI nos ve\u00edculos da montadora alem\u00e3 poder\u00e1 responder a perguntas de conhecimento e controlar a central de entretenimento do carro. Implementa\u00e7\u00e3o come\u00e7a no segundo trimestre de 2024. <\/h2>\n<p> Por g1 <\/p>\n<p>  09\/01\/2024 11h04    Atualizado  09\/01\/2024    <\/p>\n<p>                      1 de 1&#013;Volkswagen vai oferecer ChatGPT como item de s\u00e9rie em seus carros \u2014 Foto: Divulga\u00e7\u00e3o\/Volkswagen    <\/p>\n<p> Volkswagen vai oferecer ChatGPT como item de s\u00e9rie em seus carros \u2014 Foto: Divulga\u00e7\u00e3o\/Volkswagen <\/p>\n<p> A <a class href=\"https:\/\/g1.globo.com\/carros\/marcas\/volkswagen\/\">Volkswagen<\/a> anunciou nesta segunda-feira (8) seus primeiros ve\u00edculos com assistente de voz que integra com o chatbot (rob\u00f4) <a class href=\"https:\/\/g1.globo.com\/tudo-sobre\/chatgpt\/\">ChatGPT<\/a>, permitindo que os motoristas recebam conte\u00fado por voz durante a viagem. <\/p>\n<p> O sistema adotado pela montadora alem\u00e3 foi apresentado na CES 2024, a <a class href=\"https:\/\/g1.globo.com\/inovacao\/noticia\/2024\/01\/08\/inteligencia-artificial-em-tudo-carros-autonomos-e-mais-o-que-esperar-para-a-ces-2024-maior-feira-de-tecnologia-do-mundo.ghtml\">maior feira de tecnologia do mundo, que acontece em Las Vegas (EUA)<\/a>. <\/p>\n<p> O chatbot, que est\u00e1 sendo integrado nos ve\u00edculos VW por meio de uma parceria com a empresa norte-americana de software Cerence, pode controlar o entretenimento no carro e responder a perguntas de conhecimento geral. <\/p>\n<p> No futuro, <strong>ele poder\u00e1 conversar com os motoristas<\/strong> e interagir de outras formas, disse a montadora em comunicado. A tecnologia n\u00e3o ter\u00e1 acesso aos dados do ve\u00edculo: &quot;perguntas e respostas s\u00e3o deletadas imediatamente para garantir o m\u00e1ximo n\u00edvel de prote\u00e7\u00e3o de dados&quot;, completou. <\/p>\n<p>&quot;O <a class href=\"https:\/\/g1.globo.com\/tudo-sobre\/chatgpt\/\">ChatGPT<\/a> \u00e9 oferecido com a \u00faltima gera\u00e7\u00e3o de informa\u00e7\u00e3o e entretenimento nos seguintes modelos: ID.7, ID.4, ID.5, ID.3, al\u00e9m dos rec\u00e9m-lan\u00e7ados Tiguan e Passat, e o novo Golf&quot;, disse a VW em comunicado. <\/p>\n<p> A empresa n\u00e3o revelou os primeiros pa\u00edses a ter a tecnologia em seus autom\u00f3veis, mas adiantou que &quot;ser\u00e1 a primeira fabricante de alto volume a oferecer o <a class href=\"https:\/\/g1.globo.com\/tudo-sobre\/chatgpt\/\">ChatGPT<\/a> como item de s\u00e9rie a partir do segundo trimestre de 2024&quot;. <\/p>\n<p> Segundo o site de tecnologia &quot;TechCrunch&quot;, a implementa\u00e7\u00e3o come\u00e7a na Europa. Os Estados Unidos est\u00e3o &quot;sendo considerados&quot;, revelou o portal. <\/p>\n<p> A GM, dona da Chevrolet, tamb\u00e9m anunciou em mar\u00e7o do ano passado que estava trabalhando em um assistente pessoal digital usando modelos de IA que equipam o <a class href=\"https:\/\/g1.globo.com\/tudo-sobre\/chatgpt\/\">ChatGPT<\/a>. <\/p>\n<p> A Mercedes-Benz realizou um programa de testes em junho passado, permitindo que cerca de 900 mil ve\u00edculos que tinham o sistema &quot;MBUX&quot; da montadora baixassem o <a class href=\"https:\/\/g1.globo.com\/tudo-sobre\/chatgpt\/\">ChatGPT<\/a>, com o objetivo de que os usu\u00e1rios pudessem realizar tarefas como fazer reservas de filmes ou restaurantes enquanto dirigem. <\/p>\n<p><h2>Jovens est\u00e3o trocando o Google pelo TikTok na hora fazer pesquisas<\/h2>\n<\/p>\n<p>                   <img loading=\"lazy\" decoding=\"async\" class=\"aligncenter size-full wp-image-56193\" src=\"https:\/\/blog.corretoraideal.com.br\/wp-content\/uploads\/2024\/01\/jovens-estao-trocando-o-google-pelo-tiktok-na-hora-fazer-pesquisas-1.jpeg\" alt=\"Jovens est\u00e3o trocando o Google pelo TikTok na hora fazer pesquisas\" width=\"800\" height=\"400\" \/>       <\/p>\n<p> Jovens est\u00e3o trocando o Google pelo TikTok na hora fazer pesquisas <\/p>\n<p><h2>Empresa quer escanear a \u00edris de toda a popula\u00e7\u00e3o mundial para coletar dados<\/h2>\n<\/p>\n<p>                   <img loading=\"lazy\" decoding=\"async\" class=\"aligncenter size-full wp-image-56194\" src=\"https:\/\/blog.corretoraideal.com.br\/wp-content\/uploads\/2024\/01\/empresa-quer-escanear-a-iris-de-toda-a-populacao-mundial-para-coletar-dados.jpeg\" alt=\"Empresa quer escanear a \u00edris de toda a popula\u00e7\u00e3o mundial para coletar dados\" width=\"800\" height=\"400\" \/>       <\/p>\n<p> Empresa quer escanear a \u00edris de toda a popula\u00e7\u00e3o mundial para coletar dados <\/p>\n<p><h2>Veja como foi o lan\u00e7amento do foguete Vulcan em miss\u00e3o \u00e0 Lua<\/h2>\n<\/p>\n<p>                   <img loading=\"lazy\" decoding=\"async\" class=\"aligncenter size-full wp-image-56195\" src=\"https:\/\/blog.corretoraideal.com.br\/wp-content\/uploads\/2024\/01\/veja-como-foi-o-lancamento-do-foguete-vulcan-em-missao-a-lua.jpeg\" alt=\"Veja como foi o lan\u00e7amento do foguete Vulcan em miss\u00e3o \u00e0 Lua\" width=\"800\" height=\"400\" \/>       <\/p>\n<p> Veja como foi o lan\u00e7amento do foguete Vulcan em miss\u00e3o \u00e0 Lua <\/p>\n<ul>\n<li> <a href=\"https:\/\/g1.globo.com\/tudo-sobre\/chatgpt\/\" class=\"entities__list-itemLink\" data-track-click=\"Chatgpt\"> Chatgpt <\/a> <\/li>\n<li> <a href=\"https:\/\/g1.globo.com\/carros\/marcas\/volkswagen\/\" class=\"entities__list-itemLink\" data-track-click=\"Volkswagen\"> Volkswagen <\/a> <\/li>\n<\/ul>\n<h3> <a id=\"js-next-article-desktop-link\" class=\"next-article-desktop-link\"><\/a> <\/h3>\n<h3> <a id=\"js-next-article-smart-link\" class=\"next-article-smart-link\"><\/a> <\/h3>\n<p>Veja tamb\u00e9m<\/p>\n<\/p>\n<\/p>\n<p>       Anterior   Pr\u00f3ximo     <\/p>\n","protected":false},"excerpt":{"rendered":"<p>CES 2024: Volkswagen vai oferecer ChatGPT como item de s\u00e9rie em seus carros Rob\u00f4 da OpenAI nos ve\u00edculos da montadora alem\u00e3 poder\u00e1 responder a perguntas de conhecimento e controlar a central de entretenimento do carro. Implementa\u00e7\u00e3o come\u00e7a no segundo trimestre de 2024. Por g1 09\/01\/2024 11h04 Atualizado 09\/01\/2024 1 de 1&#013;Volkswagen vai oferecer ChatGPT como [&hellip;]<\/p>\n","protected":false},"author":1,"featured_media":0,"comment_status":"closed","ping_status":"closed","sticky":false,"template":"","format":"standard","meta":{"footnotes":""},"categories":[],"tags":[],"class_list":["post-56191","post","type-post","status-publish","format-standard","hentry"],"_links":{"self":[{"href":"https:\/\/blog.corretoraideal.com.br\/index.php\/wp-json\/wp\/v2\/posts\/56191","targetHints":{"allow":["GET"]}}],"collection":[{"href":"https:\/\/blog.corretoraideal.com.br\/index.php\/wp-json\/wp\/v2\/posts"}],"about":[{"href":"https:\/\/blog.corretoraideal.com.br\/index.php\/wp-json\/wp\/v2\/types\/post"}],"author":[{"embeddable":true,"href":"https:\/\/blog.corretoraideal.com.br\/index.php\/wp-json\/wp\/v2\/users\/1"}],"replies":[{"embeddable":true,"href":"https:\/\/blog.corretoraideal.com.br\/index.php\/wp-json\/wp\/v2\/comments?post=56191"}],"version-history":[{"count":1,"href":"https:\/\/blog.corretoraideal.com.br\/index.php\/wp-json\/wp\/v2\/posts\/56191\/revisions"}],"predecessor-version":[{"id":56196,"href":"https:\/\/blog.corretoraideal.com.br\/index.php\/wp-json\/wp\/v2\/posts\/56191\/revisions\/56196"}],"wp:attachment":[{"href":"https:\/\/blog.corretoraideal.com.br\/index.php\/wp-json\/wp\/v2\/media?parent=56191"}],"wp:term":[{"taxonomy":"category","embeddable":true,"href":"https:\/\/blog.corretoraideal.com.br\/index.php\/wp-json\/wp\/v2\/categories?post=56191"},{"taxonomy":"post_tag","embeddable":true,"href":"https:\/\/blog.corretoraideal.com.br\/index.php\/wp-json\/wp\/v2\/tags?post=56191"}],"curies":[{"name":"wp","href":"https:\/\/api.w.org\/{rel}","templated":true}]}}