{"id":56201,"date":"2024-01-09T23:29:37","date_gmt":"2024-01-09T23:29:37","guid":{"rendered":"https:\/\/blog.corretoraideal.com.br\/?p=56201"},"modified":"2024-01-09T23:29:37","modified_gmt":"2024-01-09T23:29:37","slug":"firjan-sesi-abre-inscricoes-para-editais-destinados-a-programacao-cultural-em-suas-unidades-em-2024-norte-fluminense-g1","status":"publish","type":"post","link":"https:\/\/blog.corretoraideal.com.br\/index.php\/2024\/01\/09\/firjan-sesi-abre-inscricoes-para-editais-destinados-a-programacao-cultural-em-suas-unidades-em-2024-norte-fluminense-g1\/","title":{"rendered":"Firjan Sesi abre inscri\u00e7\u00f5es para editais destinados \u00e0 programa\u00e7\u00e3o cultural em suas unidades em 2024 | Norte Fluminense | G1"},"content":{"rendered":"<br \/>\n<h1>Firjan Sesi abre inscri\u00e7\u00f5es para editais destinados \u00e0 programa\u00e7\u00e3o cultural em suas unidades em 2024<\/h1>\n<h2>Projetos in\u00e9ditos nas \u00e1reas de artes c\u00eanicas, artes visuais e m\u00fasica podem ser inscritos at\u00e9 31 de janeiro. Ser\u00e3o aceitos projetos n\u00e3o in\u00e9ditos nas \u00e1reas de literatura, teatro adulto e teatro infantil. <\/h2>\n<p> Por g1 &mdash; Itaperuna <\/p>\n<p>  09\/01\/2024 15h00    Atualizado  09\/01\/2024    <\/p>\n<p>                      1 de 1&#013;Projetos culturais selecionados ser\u00e3o apresentados nos espa\u00e7os da Firjan Sesi \u2014 Foto: Firjan Sesi\/Divulga\u00e7\u00e3o    <\/p>\n<p> Projetos culturais selecionados ser\u00e3o apresentados nos espa\u00e7os da Firjan Sesi \u2014 Foto: Firjan Sesi\/Divulga\u00e7\u00e3o <\/p>\n<p> O Firjan Sesi est\u00e1 com inscri\u00e7\u00f5es abertas para editais destinados \u00e0 programa\u00e7\u00e3o cultural em suas unidades em 2024. Ser\u00e3o, ao todo, 70 propostas art\u00edsticas que integrar\u00e3o a programa\u00e7\u00e3o nos teatros da Firjan Sesi e outros espa\u00e7os da institui\u00e7\u00e3o. <\/p>\n<p> Ser\u00e3o investidos R$ 2,5 milh\u00f5es para atender as categorias de teatro, circo, dan\u00e7a, m\u00fasica, fotografia e literatura. Diversidade, inclus\u00e3o e representatividade ser\u00e3o importantes crit\u00e9rios para sele\u00e7\u00e3o, segundo a entidade. <\/p>\n<p> As inscri\u00e7\u00f5es podem ser feitas at\u00e9 o dia 31 de janeiro, em v\u00e1rias categorias, por meio do seguinte link: <a class href=\"https:\/\/editaisculturais.firjan.com.br\" target=\"_blank\" rel=\"noopener noreferrer\">https:\/\/editaisculturais.firjan.com.br<\/a>. <\/p>\n<p> Os resultados da sele\u00e7\u00e3o ser\u00e3o divulgados no dia 1\u00ba de mar\u00e7o de 2024. Somente o resultado da sele\u00e7\u00e3o dos projetos de fotografia ser\u00e3o divulgados antes, no dia 20 de fevereiro de 2024. <\/p>\n<p> Ser\u00e3o aceitos projetos in\u00e9ditos nas \u00e1reas de artes c\u00eanicas (teatro adulto e infantojuvenil, circo e dan\u00e7a), artes visuais e m\u00fasica. <\/p>\n<p> Tamb\u00e9m ser\u00e3o aceitos projetos n\u00e3o in\u00e9ditos nas \u00e1reas de literatura, teatro adulto e teatro infantil. <\/p>\n<p> Os projetos selecionados ser\u00e3o desenvolvidos, entre os meses de mar\u00e7o e novembro, em diferentes espa\u00e7os Firjan SESI. Alguns deles na regi\u00f5es Serrana, Norte e Noroeste do Rio. <strong>Veja abaixo:<\/strong> <\/p>\n<ul>\n<li>Teatros Firjan SESI Centro e Jacarepagu\u00e1 (na capital), Caxias, <a class href=\"https:\/\/g1.globo.com\/rj\/regiao-dos-lagos\/cidade\/macae\/\">Maca\u00e9<\/a>, <a class href=\"https:\/\/g1.globo.com\/rj\/norte-fluminense\/cidade\/campos-dos-goytacazes\/\">Campos dos Goytacazes<\/a> e <a class href=\"https:\/\/g1.globo.com\/rj\/norte-fluminense\/cidade\/itaperuna\/\">Itaperuna<\/a>; <\/li>\n<li>Escolas Firjan SESI Maracan\u00e3 e Jacarepagu\u00e1 (na capital), S\u00e3o Gon\u00e7alo, Barra Mansa, <a class href=\"https:\/\/g1.globo.com\/rj\/regiao-serrana\/cidade\/petropolis\/\">Petr\u00f3polis<\/a> e Resende; <\/li>\n<li>Casa Firjan; <\/li>\n<li>Centro de Refer\u00eancia em Cinema e Audiovisual Firjan SENAI SESI Laranjeiras. <\/li>\n<li> Futuros Arte e Tecnologia (Oi Futuro Flamengo) (em per\u00edodo a ser definido)<\/li>\n<\/ul>\n<p> \u201cO Edital de Cultura Firjan SESI \u00e9 uma tradicional a\u00e7\u00e3o da Firjan voltada exclusivamente para o setor art\u00edstico. A contrata\u00e7\u00e3o de 70 projetos e a aplica\u00e7\u00e3o de R$ 2,5 milh\u00f5es para sua produ\u00e7\u00e3o e distribui\u00e7\u00e3o significa o fortalecimento de algo maior: a Ind\u00fastria Criativa fluminense. Grande potencial de empregabilidade, gerando renda, impostos e empregos direitos e indiretos\u201d, afirma Leo Edde, presidente do Conselho Empresarial da Ind\u00fastria Criativa da Firjan. <\/p>\n<p><h2><strong>Distribui\u00e7\u00e3o dos recursos<\/strong><\/h2>\n<\/p>\n<ul>\n<li>Teatro adulto ou infantojuvenil (in\u00e9dito) \u2013 R$ 30 mil<\/li>\n<li>Circo (in\u00e9dito) \u2013 R$ 30 mil<\/li>\n<li>Dan\u00e7a (in\u00e9dito) \u2013 R$ 30 mil<\/li>\n<li>M\u00fasica (in\u00e9dito) \u2013 R$ 20 mil<\/li>\n<li>Fotografia (in\u00e9dito) \u2013 R$ 8 mil<\/li>\n<li>Literatura (n\u00e3o in\u00e9dito) \u2013 R$ 10 mil<\/li>\n<li>Teatro para crian\u00e7as (n\u00e3o in\u00e9dito\/circula\u00e7\u00e3o) \u2013 R$ 75 mil<\/li>\n<li>Teatro adulto (n\u00e3o in\u00e9dito\/circula\u00e7\u00e3o) \u2013 R$ 100 mil<\/li>\n<\/ul>\n<ul>\n<li> <a href=\"https:\/\/g1.globo.com\/rj\/norte-fluminense\/cidade\/campos-dos-goytacazes\/\" class=\"entities__list-itemLink\" data-track-click=\"Campos dos Goytacazes\"> Campos dos Goytacazes <\/a> <\/li>\n<li> <a href=\"https:\/\/g1.globo.com\/rj\/norte-fluminense\/cidade\/itaperuna\/\" class=\"entities__list-itemLink\" data-track-click=\"Itaperuna\"> Itaperuna <\/a> <\/li>\n<li> <a href=\"https:\/\/g1.globo.com\/rj\/regiao-dos-lagos\/cidade\/macae\/\" class=\"entities__list-itemLink\" data-track-click=\"Maca\u00e9\"> Maca\u00e9 <\/a> <\/li>\n<li> <a href=\"https:\/\/g1.globo.com\/rj\/regiao-serrana\/cidade\/petropolis\/\" class=\"entities__list-itemLink\" data-track-click=\"Petr\u00f3polis\"> Petr\u00f3polis <\/a> <\/li>\n<\/ul>\n<h3> <a id=\"js-next-article-desktop-link\" class=\"next-article-desktop-link\"><\/a> <\/h3>\n<h3> <a id=\"js-next-article-smart-link\" class=\"next-article-smart-link\"><\/a> <\/h3>\n<p>Veja tamb\u00e9m<\/p>\n<\/p>\n<\/p>\n<p>       Anterior   Pr\u00f3ximo     <\/p>\n","protected":false},"excerpt":{"rendered":"<p>Firjan Sesi abre inscri\u00e7\u00f5es para editais destinados \u00e0 programa\u00e7\u00e3o cultural em suas unidades em 2024 Projetos in\u00e9ditos nas \u00e1reas de artes c\u00eanicas, artes visuais e m\u00fasica podem ser inscritos at\u00e9 31 de janeiro. Ser\u00e3o aceitos projetos n\u00e3o in\u00e9ditos nas \u00e1reas de literatura, teatro adulto e teatro infantil. Por g1 &mdash; Itaperuna 09\/01\/2024 15h00 Atualizado 09\/01\/2024 [&hellip;]<\/p>\n","protected":false},"author":1,"featured_media":0,"comment_status":"closed","ping_status":"closed","sticky":false,"template":"","format":"standard","meta":{"footnotes":""},"categories":[],"tags":[],"class_list":["post-56201","post","type-post","status-publish","format-standard","hentry"],"_links":{"self":[{"href":"https:\/\/blog.corretoraideal.com.br\/index.php\/wp-json\/wp\/v2\/posts\/56201","targetHints":{"allow":["GET"]}}],"collection":[{"href":"https:\/\/blog.corretoraideal.com.br\/index.php\/wp-json\/wp\/v2\/posts"}],"about":[{"href":"https:\/\/blog.corretoraideal.com.br\/index.php\/wp-json\/wp\/v2\/types\/post"}],"author":[{"embeddable":true,"href":"https:\/\/blog.corretoraideal.com.br\/index.php\/wp-json\/wp\/v2\/users\/1"}],"replies":[{"embeddable":true,"href":"https:\/\/blog.corretoraideal.com.br\/index.php\/wp-json\/wp\/v2\/comments?post=56201"}],"version-history":[{"count":1,"href":"https:\/\/blog.corretoraideal.com.br\/index.php\/wp-json\/wp\/v2\/posts\/56201\/revisions"}],"predecessor-version":[{"id":56203,"href":"https:\/\/blog.corretoraideal.com.br\/index.php\/wp-json\/wp\/v2\/posts\/56201\/revisions\/56203"}],"wp:attachment":[{"href":"https:\/\/blog.corretoraideal.com.br\/index.php\/wp-json\/wp\/v2\/media?parent=56201"}],"wp:term":[{"taxonomy":"category","embeddable":true,"href":"https:\/\/blog.corretoraideal.com.br\/index.php\/wp-json\/wp\/v2\/categories?post=56201"},{"taxonomy":"post_tag","embeddable":true,"href":"https:\/\/blog.corretoraideal.com.br\/index.php\/wp-json\/wp\/v2\/tags?post=56201"}],"curies":[{"name":"wp","href":"https:\/\/api.w.org\/{rel}","templated":true}]}}