{"id":56204,"date":"2024-01-10T00:29:43","date_gmt":"2024-01-10T00:29:43","guid":{"rendered":"https:\/\/blog.corretoraideal.com.br\/?p=56204"},"modified":"2024-01-10T00:29:43","modified_gmt":"2024-01-10T00:29:43","slug":"voa-brasil-programa-com-passagens-por-r-200-para-aposentados-e-alunos-do-prouni-deve-sair-ate-fevereiro-diz-ministro-politica-g1","status":"publish","type":"post","link":"https:\/\/blog.corretoraideal.com.br\/index.php\/2024\/01\/10\/voa-brasil-programa-com-passagens-por-r-200-para-aposentados-e-alunos-do-prouni-deve-sair-ate-fevereiro-diz-ministro-politica-g1\/","title":{"rendered":"Voa Brasil: programa com passagens por R$ 200 para aposentados e alunos do Prouni deve sair at\u00e9 fevereiro, diz ministro | Pol\u00edtica | G1"},"content":{"rendered":"<br \/>\n<h1>Voa Brasil: programa com passagens por R$ 200 para aposentados e alunos do Prouni deve sair at\u00e9 fevereiro, diz ministro<\/h1>\n<h2>Silvio Costa Filho afirmou que programa deve beneficiar mais de 21 milh\u00f5es de brasileiros e que governo busca outras medidas para baixar pre\u00e7os das passagens a\u00e9reas. <\/h2>\n<p> Por <a class=\"multi_signatures\" href=\"https:\/\/g1.globo.com\/autores\/pedro-henrique-gomes\/\">Pedro Henrique Gomes<\/a>, g1 &mdash; Bras\u00edlia <\/p>\n<p>  09\/01\/2024 18h38    Atualizado  09\/01\/2024    <\/p>\n<ul>\n<li>\n<p> O ministro de Portos e Aeroportos afirmou nesta ter\u00e7a-feira que o Voa Brasil, programa anunciado em mar\u00e7o de 2023, sair\u00e1 do papel at\u00e9 o in\u00edcio de fevereiro <\/p>\n<\/li>\n<li>\n<p> Segundo Silvio Costa Filho, aposentados do INSS e alunos do Prouni poder\u00e3o comprar passagens a\u00e9reas por R$ 200 <\/p>\n<\/li>\n<li>\n<p> Conforme o ministro, cerca de 21 milh\u00f5es de brasileiros poder\u00e3o ser beneficiados com o programa <\/p>\n<\/li>\n<li>\n<p> Ele deu as declara\u00e7\u00f5es depois de participar de reuni\u00e3o com Lula no Pal\u00e1cio do Planalto <\/p>\n<\/li>\n<\/ul>\n<p> O ministro de Portos e Aeroportos afirmou nesta ter\u00e7a-feira que o Voa Brasil, programa anunciado em mar\u00e7o de 2023, sair\u00e1 do papel at\u00e9 o in\u00edcio de fevereiro <\/p>\n<p> Segundo Silvio Costa Filho, aposentados do INSS e alunos do Prouni poder\u00e3o comprar passagens a\u00e9reas por R$ 200 <\/p>\n<p> Conforme o ministro, cerca de 21 milh\u00f5es de brasileiros poder\u00e3o ser beneficiados com o programa <\/p>\n<p> Ele deu as declara\u00e7\u00f5es depois de participar de reuni\u00e3o com Lula no Pal\u00e1cio do Planalto <\/p>\n<p>         1 de 1&#013;Silvio Costa Filho (\u00e0 direita de Lula) durante reuni\u00e3o com o presidente no Pal\u00e1cio do Planalto nesta ter\u00e7a \u2014 Foto: Ricardo Stuckert\/Presid\u00eancia da Rep\u00fablica    <\/p>\n<p> Silvio Costa Filho (\u00e0 direita de Lula) durante reuni\u00e3o com o presidente no Pal\u00e1cio do Planalto nesta ter\u00e7a \u2014 Foto: Ricardo Stuckert\/Presid\u00eancia da Rep\u00fablica <\/p>\n<p> O ministro de Portos e Aeroportos, Silvio Costa Filho, afirmou nesta ter\u00e7a-feira (9) que o governo deve lan\u00e7ar at\u00e9 fevereiro o Voa Brasil, programa de passagens de at\u00e9 R$ 200 para aposentados e alunos do Programa Universidade Para Todos (Prouni) \u2013 de bolsas universit\u00e1rias para alunos de baixa renda. <\/p>\n<p> De acordo com Costa Filho, as passagens poder\u00e3o ser compradas ap\u00f3s o an\u00fancio do programa pelo presidente Luiz In\u00e1cio <a class href=\"https:\/\/g1.globo.com\/politica\/politico\/lula\/\">Lula<\/a> da Silva (PT). <\/p>\n<p>&quot;A gente est\u00e1 trabalhando para que j\u00e1 no come\u00e7o de fevereiro, aquele que entrar no site do Voa Brasil vai ter acesso \u00e0 disponibilidade da compra de passagem. Por isso que a gente quer j\u00e1 no dia do an\u00fancio do presidente, possivelmente na primeira quinzena de fevereiro, a gente j\u00e1 poder ter isso pronto para j\u00e1 o brasileiro, o aposentado e o aluno do Prouni ter acesso ao programa&quot;, disse.<\/p>\n<p> O <a class href=\"https:\/\/g1.globo.com\/turismo-e-viagem\/noticia\/2023\/03\/13\/governo-prepara-plano-de-venda-de-passagens-aereas-por-r-200.ghtml\">Voa Brasil foi anunciado em mar\u00e7o de 2023 pelo ent\u00e3o ministro de Portos e Aeroportos, M\u00e1rcio Fran\u00e7a<\/a>, que deixou a pasta sem lan\u00e7ar o programa. Silvio Costa Filho <a class href=\"https:\/\/g1.globo.com\/politica\/noticia\/2023\/09\/13\/silvio-costa-filho-do-republicanos-assume-o-comando-do-ministerio-dos-portos-e-aeroportos.ghtml\">assumiu o minist\u00e9rio em setembro<\/a> e, em dezembro, <a class href=\"https:\/\/g1.globo.com\/politica\/noticia\/2023\/12\/18\/prometido-para-este-ano-voa-brasil-so-sera-anunciado-em-2024-diz-ministro-dos-portos-e-aeroportos.ghtml\">disse que a iniciativa s\u00f3 sairia do papel em 2024<\/a>. <\/p>\n<p> Nesta ter\u00e7a-feira, o ministro afirmou que mais de 20,8 milh\u00f5es de aposentados do <a class href=\"https:\/\/g1.globo.com\/tudo-sobre\/inss\/\">INSS<\/a> que ganham at\u00e9 dois sal\u00e1rios m\u00ednimos ser\u00e3o beneficiados pelo programa. Al\u00e9m disso, cerca de 600 mil estudantes do ProUni tamb\u00e9m poder\u00e3o adquirir as passagens por meio do Voa Brasil. <\/p>\n<p> &quot;Essa \u00e9 a primeira etapa do programa. A partir da\u00ed, a gente vendo que o programa funcionou, a gente vai tentar cada vez mais, ao lado das a\u00e9reas, buscar a amplia\u00e7\u00e3o do programa. Mas a gente n\u00e3o teria, como Estado brasileiro, ampliar o programa para outros segmentos da sociedade&quot;, afirmou Silvio Costa. <\/p>\n<p>                   <img loading=\"lazy\" decoding=\"async\" class=\"aligncenter size-full wp-image-56206\" src=\"https:\/\/blog.corretoraideal.com.br\/wp-content\/uploads\/2024\/01\/criminosos-estao-usando-o-nome-do-programa-voa-brasil-que-nem-foi-lancado-para-aplicar-golpes.jpeg\" alt=\"Criminosos est\u00e3o usando o nome do programa Voa Brasil, que nem foi lan\u00e7ado, para aplicar golpes\" width=\"800\" height=\"400\" \/>       <\/p>\n<p> Criminosos est\u00e3o usando o nome do programa Voa Brasil, que nem foi lan\u00e7ado, para aplicar golpes <\/p>\n<p> O ministro disse ainda que o programa pretende incluir entre 2,5 milh\u00f5es e 3 milh\u00f5es de novos passageiros no mercado da avia\u00e7\u00e3o brasileira. Esse n\u00famero se refere a pessoas que viajaram h\u00e1 mais de um ano ou que nunca se deslocaram pela avia\u00e7\u00e3o comercial. <\/p>\n<p> Silvio Costa Filho tamb\u00e9m afirmou que o governo federal tem trabalhado para diminuir o pre\u00e7o do querosene de avia\u00e7\u00e3o e a judicializa\u00e7\u00e3o da rela\u00e7\u00e3o entre companhias a\u00e9reas e passageiros para baixar os pre\u00e7os dos bilhetes. Al\u00e9m disso, faz um esfor\u00e7o junto ao Banco Nacional do Desenvolvimento Econ\u00f4mico e Social (<a class href=\"https:\/\/g1.globo.com\/tudo-sobre\/bndes\/\">BNDES<\/a>) para aumentar o cr\u00e9dito para as empresas. <\/p>\n<p> &quot;O que n\u00f3s vamos combater, trabalhar para combater, s\u00e3o alguns aumentos abusivos que est\u00e3o tendo, penalizando o cidad\u00e3o brasileiro. Isso a gente n\u00e3o pode aceitar. E por isso que a gente tem trabalhado junto \u00e0s a\u00e9reas para que elas possam de fato rever alguns pre\u00e7os que t\u00eam praticados no mercado&quot;, afirmou. <\/p>\n<ul>\n<li> <a href=\"https:\/\/g1.globo.com\/tudo-sobre\/bndes\/\" class=\"entities__list-itemLink\" data-track-click=\"BNDES\"> BNDES <\/a> <\/li>\n<li> <a href=\"https:\/\/g1.globo.com\/tudo-sobre\/inss\/\" class=\"entities__list-itemLink\" data-track-click=\"INSS\"> INSS <\/a> <\/li>\n<li> <a href=\"https:\/\/g1.globo.com\/politica\/politico\/lula\/\" class=\"entities__list-itemLink\" data-track-click=\"Lula\"> Lula <\/a> <\/li>\n<\/ul>\n<h3> <a id=\"js-next-article-desktop-link\" class=\"next-article-desktop-link\"><\/a> <\/h3>\n<h3> <a id=\"js-next-article-smart-link\" class=\"next-article-smart-link\"><\/a> <\/h3>\n<p>Veja tamb\u00e9m<\/p>\n<\/p>\n<\/p>\n<p>       Anterior   Pr\u00f3ximo     <\/p>\n","protected":false},"excerpt":{"rendered":"<p>Voa Brasil: programa com passagens por R$ 200 para aposentados e alunos do Prouni deve sair at\u00e9 fevereiro, diz ministro Silvio Costa Filho afirmou que programa deve beneficiar mais de 21 milh\u00f5es de brasileiros e que governo busca outras medidas para baixar pre\u00e7os das passagens a\u00e9reas. Por Pedro Henrique Gomes, g1 &mdash; Bras\u00edlia 09\/01\/2024 18h38 [&hellip;]<\/p>\n","protected":false},"author":1,"featured_media":0,"comment_status":"closed","ping_status":"closed","sticky":false,"template":"","format":"standard","meta":{"footnotes":""},"categories":[],"tags":[],"class_list":["post-56204","post","type-post","status-publish","format-standard","hentry"],"_links":{"self":[{"href":"https:\/\/blog.corretoraideal.com.br\/index.php\/wp-json\/wp\/v2\/posts\/56204","targetHints":{"allow":["GET"]}}],"collection":[{"href":"https:\/\/blog.corretoraideal.com.br\/index.php\/wp-json\/wp\/v2\/posts"}],"about":[{"href":"https:\/\/blog.corretoraideal.com.br\/index.php\/wp-json\/wp\/v2\/types\/post"}],"author":[{"embeddable":true,"href":"https:\/\/blog.corretoraideal.com.br\/index.php\/wp-json\/wp\/v2\/users\/1"}],"replies":[{"embeddable":true,"href":"https:\/\/blog.corretoraideal.com.br\/index.php\/wp-json\/wp\/v2\/comments?post=56204"}],"version-history":[{"count":1,"href":"https:\/\/blog.corretoraideal.com.br\/index.php\/wp-json\/wp\/v2\/posts\/56204\/revisions"}],"predecessor-version":[{"id":56207,"href":"https:\/\/blog.corretoraideal.com.br\/index.php\/wp-json\/wp\/v2\/posts\/56204\/revisions\/56207"}],"wp:attachment":[{"href":"https:\/\/blog.corretoraideal.com.br\/index.php\/wp-json\/wp\/v2\/media?parent=56204"}],"wp:term":[{"taxonomy":"category","embeddable":true,"href":"https:\/\/blog.corretoraideal.com.br\/index.php\/wp-json\/wp\/v2\/categories?post=56204"},{"taxonomy":"post_tag","embeddable":true,"href":"https:\/\/blog.corretoraideal.com.br\/index.php\/wp-json\/wp\/v2\/tags?post=56204"}],"curies":[{"name":"wp","href":"https:\/\/api.w.org\/{rel}","templated":true}]}}