{"id":56208,"date":"2024-01-10T01:29:36","date_gmt":"2024-01-10T01:29:36","guid":{"rendered":"https:\/\/blog.corretoraideal.com.br\/?p=56208"},"modified":"2024-01-10T01:29:36","modified_gmt":"2024-01-10T01:29:36","slug":"apos-posse-de-noboa-alckmin-conversou-com-presidente-do-equador-sobre-combate-ao-narcotrafico-blog-ana-flor-g1","status":"publish","type":"post","link":"https:\/\/blog.corretoraideal.com.br\/index.php\/2024\/01\/10\/apos-posse-de-noboa-alckmin-conversou-com-presidente-do-equador-sobre-combate-ao-narcotrafico-blog-ana-flor-g1\/","title":{"rendered":"Ap\u00f3s posse de Noboa, Alckmin conversou com presidente do Equador sobre combate ao narcotr\u00e1fico | Blog Ana Flor | G1"},"content":{"rendered":"<br \/>\n<h1>Ap\u00f3s posse de Noboa, Alckmin conversou com presidente do Equador sobre combate ao narcotr\u00e1fico<\/h1>\n<p> Por <a class=\"multi_signatures\" href=\"https:\/\/g1.globo.com\/autores\/ricardo-abreu\/\">Ricardo Abreu<\/a>, <a class=\"multi_signatures\" href=\"https:\/\/g1.globo.com\/autores\/ana-flor\/\">Ana Flor<\/a> <\/p>\n<p>  09\/01\/2024 21h08    Atualizado  09\/01\/2024    <\/p>\n<p>                   1 de 1&#013;O vice-presidente da Rep\u00fablica, Geraldo Alckmin, foi recebido por Daniel Noboa, ap\u00f3s posse do presidente do Equador \u2014 Foto: Divulga\u00e7\u00e3o\/VPR    <\/p>\n<p> O vice-presidente da Rep\u00fablica, Geraldo Alckmin, foi recebido por Daniel Noboa, ap\u00f3s posse do presidente do Equador \u2014 Foto: Divulga\u00e7\u00e3o\/VPR <\/p>\n<p> O vice-presidente <a class href=\"https:\/\/g1.globo.com\/politica\/politico\/geraldo-alckmin\/\">Geraldo Alckmin<\/a> (<a class href=\"https:\/\/g1.globo.com\/politica\/partido\/psb\/\">PSB<\/a>) conversou com o presidente do Equador, <a class href=\"https:\/\/g1.globo.com\/tudo-sobre\/daniel-noboa\/\">Daniel Noboa<\/a>, no fim de novembro do ano passado, sobre o combate ao narcotr\u00e1fico na Am\u00e9rica do Sul. <\/p>\n<p> O encontro ocorreu no dia 23 de novembro, ap\u00f3s a posse de Noboa como presidente equatoriano. Alckmin representou o Brasil na cerim\u00f4nia. <\/p>\n<p> Segundo fontes do Planalto, &quot;80% da reuni\u00e3o girou em torno do combate ao narcotr\u00e1fico e em como o crime \u00e9 um problema cr\u00edtico&quot; no Equador. <\/p>\n<p> O combate ao narcotr\u00e1fico foi um dos principais temas da campanha de Noboa, que <a class href=\"https:\/\/g1.globo.com\/mundo\/noticia\/2024\/01\/09\/presidente-do-equador-declara-conflito-armado-interno-apos-dia-de-ataques-em-serie-de-criminosos.ghtml\">decretou nesta ter\u00e7a-feira (9) &quot;conflito armado interno&quot; no pa\u00eds, em meio \u00e0 escalada de viol\u00eancia no Equador<\/a>. Entre as a\u00e7\u00f5es criminosas realizadas, est\u00e1 a tomada de uma emissora de TV. <\/p>\n<p> A medida anunciada por Daniel Noboa autoriza a interven\u00e7\u00e3o do Ex\u00e9rcito e da Pol\u00edcia Nacional\u00a0no pa\u00eds contra fac\u00e7\u00f5es criminosas. <\/p>\n<p><h2><a class href=\"https:\/\/g1.globo.com\/politica\/politico\/lula\/\">Lula<\/a> acompanha tens\u00e3o no Equador<\/h2>\n<\/p>\n<p> O presidente Lula est\u00e1 atento aos desdobramentos no Equador e deve fazer, nesta quarta-feira (10), uma reuni\u00e3o com o Chanceler, <a class href=\"https:\/\/g1.globo.com\/politica\/politico\/mauro-vieira\/\">Mauro Vieira<\/a>, com a participa\u00e7\u00e3o do assessor especial da Presid\u00eancia da Rep\u00fablica, <a class href=\"https:\/\/g1.globo.com\/tudo-sobre\/celso-amorim\/\">Celso Amorim<\/a>. <\/p>\n<p> H\u00e1 preocupa\u00e7\u00e3o no Pal\u00e1cio do Planalto de que a escalada da viol\u00eancia atinja brasileiros que vivem no Equador. <\/p>\n<p> O Itamaraty acompanha a den\u00fancia de que <a class href=\"https:\/\/g1.globo.com\/sp\/sao-paulo\/noticia\/2024\/01\/09\/itamaraty-monitora-denuncia-de-sequestro-de-brasileiro-no-equador-filho-pede-ajuda.ghtml\">um brasileiro foi sequestrado por criminosos armados em meio \u00e0 crise na seguran\u00e7a p\u00fablica<\/a> equatoriana. <\/p>\n<ul>\n<li> <a href=\"https:\/\/g1.globo.com\/tudo-sobre\/celso-amorim\/\" class=\"entities__list-itemLink\" data-track-click=\"Celso Amorim\"> Celso Amorim <\/a> <\/li>\n<li> <a href=\"https:\/\/g1.globo.com\/tudo-sobre\/daniel-noboa\/\" class=\"entities__list-itemLink\" data-track-click=\"Daniel Noboa\"> Daniel Noboa <\/a> <\/li>\n<li> <a href=\"https:\/\/g1.globo.com\/politica\/politico\/geraldo-alckmin\/\" class=\"entities__list-itemLink\" data-track-click=\"Geraldo Alckmin\"> Geraldo Alckmin <\/a> <\/li>\n<li> <a href=\"https:\/\/g1.globo.com\/politica\/politico\/lula\/\" class=\"entities__list-itemLink\" data-track-click=\"Lula\"> Lula <\/a> <\/li>\n<li> <a href=\"https:\/\/g1.globo.com\/politica\/politico\/mauro-vieira\/\" class=\"entities__list-itemLink\" data-track-click=\"Mauro Vieira\"> Mauro Vieira <\/a> <\/li>\n<li> <a href=\"https:\/\/g1.globo.com\/politica\/partido\/psb\/\" class=\"entities__list-itemLink\" data-track-click=\"PSB\"> PSB <\/a> <\/li>\n<li> <a href=\"https:\/\/g1.globo.com\/mundo\/equador\/cidade\/quito.html\" class=\"entities__list-itemLink\" data-track-click=\"Quito\"> Quito <\/a> <\/li>\n<\/ul>\n<h3> <a id=\"js-next-article-desktop-link\" class=\"next-article-desktop-link\"><\/a> <\/h3>\n<h3> <a id=\"js-next-article-smart-link\" class=\"next-article-smart-link\"><\/a> <\/h3>\n<p>Veja tamb\u00e9m<\/p>\n<\/p>\n<\/p>\n<p>       Anterior   Pr\u00f3ximo     <\/p>\n","protected":false},"excerpt":{"rendered":"<p>Ap\u00f3s posse de Noboa, Alckmin conversou com presidente do Equador sobre combate ao narcotr\u00e1fico Por Ricardo Abreu, Ana Flor 09\/01\/2024 21h08 Atualizado 09\/01\/2024 1 de 1&#013;O vice-presidente da Rep\u00fablica, Geraldo Alckmin, foi recebido por Daniel Noboa, ap\u00f3s posse do presidente do Equador \u2014 Foto: Divulga\u00e7\u00e3o\/VPR O vice-presidente da Rep\u00fablica, Geraldo Alckmin, foi recebido por Daniel [&hellip;]<\/p>\n","protected":false},"author":1,"featured_media":0,"comment_status":"closed","ping_status":"closed","sticky":false,"template":"","format":"standard","meta":{"footnotes":""},"categories":[],"tags":[],"class_list":["post-56208","post","type-post","status-publish","format-standard","hentry"],"_links":{"self":[{"href":"https:\/\/blog.corretoraideal.com.br\/index.php\/wp-json\/wp\/v2\/posts\/56208","targetHints":{"allow":["GET"]}}],"collection":[{"href":"https:\/\/blog.corretoraideal.com.br\/index.php\/wp-json\/wp\/v2\/posts"}],"about":[{"href":"https:\/\/blog.corretoraideal.com.br\/index.php\/wp-json\/wp\/v2\/types\/post"}],"author":[{"embeddable":true,"href":"https:\/\/blog.corretoraideal.com.br\/index.php\/wp-json\/wp\/v2\/users\/1"}],"replies":[{"embeddable":true,"href":"https:\/\/blog.corretoraideal.com.br\/index.php\/wp-json\/wp\/v2\/comments?post=56208"}],"version-history":[{"count":1,"href":"https:\/\/blog.corretoraideal.com.br\/index.php\/wp-json\/wp\/v2\/posts\/56208\/revisions"}],"predecessor-version":[{"id":56210,"href":"https:\/\/blog.corretoraideal.com.br\/index.php\/wp-json\/wp\/v2\/posts\/56208\/revisions\/56210"}],"wp:attachment":[{"href":"https:\/\/blog.corretoraideal.com.br\/index.php\/wp-json\/wp\/v2\/media?parent=56208"}],"wp:term":[{"taxonomy":"category","embeddable":true,"href":"https:\/\/blog.corretoraideal.com.br\/index.php\/wp-json\/wp\/v2\/categories?post=56208"},{"taxonomy":"post_tag","embeddable":true,"href":"https:\/\/blog.corretoraideal.com.br\/index.php\/wp-json\/wp\/v2\/tags?post=56208"}],"curies":[{"name":"wp","href":"https:\/\/api.w.org\/{rel}","templated":true}]}}