{"id":56215,"date":"2024-01-10T09:29:47","date_gmt":"2024-01-10T09:29:47","guid":{"rendered":"https:\/\/blog.corretoraideal.com.br\/?p=56215"},"modified":"2024-01-10T09:29:47","modified_gmt":"2024-01-10T09:29:47","slug":"comeca-em-macae-o-primeiro-levantamento-do-indice-rapido-para-o-aedes-aegypti-de-2024-norte-fluminense-g1","status":"publish","type":"post","link":"https:\/\/blog.corretoraideal.com.br\/index.php\/2024\/01\/10\/comeca-em-macae-o-primeiro-levantamento-do-indice-rapido-para-o-aedes-aegypti-de-2024-norte-fluminense-g1\/","title":{"rendered":"Come\u00e7a, em Maca\u00e9, o primeiro Levantamento do \u00cdndice R\u00e1pido para o Aedes aegypti de 2024 | Norte Fluminense | G1"},"content":{"rendered":"<br \/>\n<h1>Come\u00e7a, em Maca\u00e9, o primeiro Levantamento do \u00cdndice R\u00e1pido para o Aedes aegypti de 2024<\/h1>\n<h2>Equipes da Vigil\u00e2ncia Ambiental em Sa\u00fade percorrem bairros da cidade para identificar, por meio de amostragem, a incid\u00eancia do mosquito transmissor da dengue, zika e chikungunya.<\/h2>\n<p> Por g1 &mdash; Maca\u00e9 <\/p>\n<p>  09\/01\/2024 12h16    Atualizado  09\/01\/2024    <\/p>\n<p>                      1 de 3&#013;Agentes da Cevas, em Maca\u00e9, inspecionam residencias em todos os bairros no primeiro Liraa de 2024 \u2014 Foto: Bruno Campos\/Prefeitura de Maca\u00e9    <\/p>\n<p> Agentes da Cevas, em Maca\u00e9, inspecionam residencias em todos os bairros no primeiro Liraa de 2024 \u2014 Foto: Bruno Campos\/Prefeitura de Maca\u00e9 <\/p>\n<p> O primeiro Levantamento do \u00cdndice R\u00e1pido para o Aedes aegypti (Liraa) de 2024 come\u00e7ou nesta segunda-feira (8) em <a class href=\"https:\/\/g1.globo.com\/rj\/regiao-dos-lagos\/cidade\/macae\/\">Maca\u00e9<\/a>, no Norte Fluminense. <\/p>\n<p> Equipes da Coordenadoria Especial de Vigil\u00e2ncia Ambiental em Sa\u00fade (Cevas) percorrem todos os bairros da cidade para identificar, por meio de amostragem, a incid\u00eancia do mosquito transmissor da dengue, zika e chikungunya. <\/p>\n<p> O Cevas informou que 120 agentes de endemias v\u00e3o vistoriar aproximadamente seis mil im\u00f3veis distribu\u00eddos em 26 bairros. <\/p>\n<p> O Liraa avalia o \u00edndice de infesta\u00e7\u00e3o predial (IIP) da cidade, al\u00e9m da infesta\u00e7\u00e3o por tipo de dep\u00f3sito e o risco para ocorr\u00eancia de uma epidemia. <\/p>\n<p> \u201cA partir do resultado do levantamento, iremos formular um boletim que nos ajudar\u00e1 a ajustar, ampliar, manter ou criar mais estrat\u00e9gias de combate ao vetor\u201d, disse o coordenador da Cevas, Luan Campos. <\/p>\n<p> Luan ressalta o papel da popula\u00e7\u00e3o durante o a\u00e7\u00e3o dos agentes, j\u00e1 que a \u00fanica forma de evitar a dengue \u00e9 n\u00e3o deixar o mosquito nascer. Para isso, \u00e9 preciso acabar com os criadouros. <\/p>\n<p> \u201c\u00c9 importante que as pessoas sejam receptivas com os agentes, que estar\u00e3o devidamente uniformizados. Em caso de d\u00favida, poder\u00e1 ser feito contato com o \u00f3rg\u00e3o por meio do 0800-022-6461\u201d, frisou. <\/p>\n<p>         2 de 3&#013;Inspe\u00e7\u00e3o em Maca\u00e9 ocorre em locais que podem se tornar foco do mosquito da dengue \u2014 Foto: Bruno Campos\/Prefeitura de Maca\u00e9    <\/p>\n<p> Inspe\u00e7\u00e3o em Maca\u00e9 ocorre em locais que podem se tornar foco do mosquito da dengue \u2014 Foto: Bruno Campos\/Prefeitura de Maca\u00e9 <\/p>\n<p> O supervisor geral da Cevas, Marcelino Rocha, esclarece que os agentes v\u00e3o inspecionar locais com objetos que possam estar sujeitos a acumular \u00e1gua e ser potencial de foco do mosquito. <\/p>\n<p> \u201cQuando o agente encontra o foco, a amostra \u00e9 encaminhada para o laborat\u00f3rio. O resultado \u00e9 inserido no relat\u00f3rio e se for positivo para o Aedes aegypi, esse dado \u00e9 inserido no \u00edndice de infesta\u00e7\u00e3o. Ao coletar a amostra, o agente elimina o objeto ou faz o tratamento do local\u201d, pontuou. <\/p>\n<p><h2>Tend\u00eancia na alta de casos<\/h2>\n<\/p>\n<p> A Secretaria de Estado de Sa\u00fade apontou tend\u00eancia de alta dos casos de dengue no Rio de Janeiro, conforme alerta Luan. <\/p>\n<p> \u201cEstudos apontam para a volta do soro tipo tr\u00eas da dengue, o que alerta para uma epidemia da doen\u00e7a, j\u00e1 que nos \u00faltimos anos os sorotipos mais comuns foram o um e o dois\u201d, disse.<\/p>\n<p> A dengue \u00e9 uma doen\u00e7a transmitida pelo mosquito Aedes aegypti que se reproduz em \u00e1gua limpa e parada. <\/p>\n<p><h2>Os sintomas da doen\u00e7a s\u00e3o: <\/h2>\n<\/p>\n<ul>\n<li>Dor de cabe\u00e7a e nos olhos<\/li>\n<li>Febre alta<\/li>\n<li>Dor nos m\u00fasculos e nas juntas<\/li>\n<li>Manchas vermelhas por todo corpo<\/li>\n<li>Falta de apetite e fraqueza<\/li>\n<\/ul>\n<p><h2>A\u00e7\u00e3o educativa<\/h2>\n<\/p>\n<p>         3 de 3&#013;A\u00e7\u00e3o educativa para combater o Aedes aegypti realizada pela Cevas em Maca\u00e9 \u2014 Foto: Bruno Campos\/Prefeitura de Maca\u00e9    <\/p>\n<p> A\u00e7\u00e3o educativa para combater o Aedes aegypti realizada pela Cevas em Maca\u00e9 \u2014 Foto: Bruno Campos\/Prefeitura de Maca\u00e9 <\/p>\n<p> Al\u00e9m do Levantamento do \u00cdndice R\u00e1pido do Aedes aegypti (Liraa), a Cevas tamb\u00e9m iniciou as a\u00e7\u00f5es de Educa\u00e7\u00e3o em Sa\u00fade em locais de grande circula\u00e7\u00e3o da cidade. Nesta segunda-feira (8), os agentes atuaram no Terminal Central, com uma mesa expositora mostrando o ciclo do mosquito, criadouros e jogos educativos para a garotada. <\/p>\n<p> O vendedor ambulante que atua no local, Gelcimar de Azevedo, aprovou a iniciativa, pois j\u00e1 teve dengue e contou um pouco de sua experi\u00eancia. <\/p>\n<p> \u201cO trabalho de orienta\u00e7\u00e3o \u00e9 important\u00edssimo, pois no dia a dia as pessoas acabam esquecendo alguns detalhes e n\u00e3o verificam se existem vasilhas que possam acumular \u00e1gua. Quando tive a doen\u00e7a fiquei debilitado, com muitas dores no corpo\u201d. <\/p>\n<p><h2>Contatos da Cevas<\/h2>\n<\/p>\n<p> Para solicita\u00e7\u00f5es e den\u00fancias, a popula\u00e7\u00e3o pode entrar em contato a Coordenadoria Especial de Vigil\u00e2ncia em Sa\u00fade, que funciona \u00e0 Rua Tenente Coronel Amado, 225, Centro de Maca\u00e9, ou atrav\u00e9s do email cevas@macae.rj.gov.br ou, ainda, pelo Disque Dengue, com liga\u00e7\u00e3o gratuita: 0800-022-6461. <\/p>\n<ul>\n<li> <a href=\"https:\/\/g1.globo.com\/rj\/regiao-dos-lagos\/cidade\/macae\/\" class=\"entities__list-itemLink\" data-track-click=\"Maca\u00e9\"> Maca\u00e9 <\/a> <\/li>\n<\/ul>\n<h3> <a id=\"js-next-article-desktop-link\" class=\"next-article-desktop-link\"><\/a> <\/h3>\n<h3> <a id=\"js-next-article-smart-link\" class=\"next-article-smart-link\"><\/a> <\/h3>\n<p>Veja tamb\u00e9m<\/p>\n<\/p>\n<\/p>\n<p>       Anterior   Pr\u00f3ximo     <\/p>\n","protected":false},"excerpt":{"rendered":"<p>Come\u00e7a, em Maca\u00e9, o primeiro Levantamento do \u00cdndice R\u00e1pido para o Aedes aegypti de 2024 Equipes da Vigil\u00e2ncia Ambiental em Sa\u00fade percorrem bairros da cidade para identificar, por meio de amostragem, a incid\u00eancia do mosquito transmissor da dengue, zika e chikungunya. Por g1 &mdash; Maca\u00e9 09\/01\/2024 12h16 Atualizado 09\/01\/2024 1 de 3&#013;Agentes da Cevas, em [&hellip;]<\/p>\n","protected":false},"author":1,"featured_media":0,"comment_status":"closed","ping_status":"closed","sticky":false,"template":"","format":"standard","meta":{"footnotes":""},"categories":[],"tags":[],"class_list":["post-56215","post","type-post","status-publish","format-standard","hentry"],"_links":{"self":[{"href":"https:\/\/blog.corretoraideal.com.br\/index.php\/wp-json\/wp\/v2\/posts\/56215","targetHints":{"allow":["GET"]}}],"collection":[{"href":"https:\/\/blog.corretoraideal.com.br\/index.php\/wp-json\/wp\/v2\/posts"}],"about":[{"href":"https:\/\/blog.corretoraideal.com.br\/index.php\/wp-json\/wp\/v2\/types\/post"}],"author":[{"embeddable":true,"href":"https:\/\/blog.corretoraideal.com.br\/index.php\/wp-json\/wp\/v2\/users\/1"}],"replies":[{"embeddable":true,"href":"https:\/\/blog.corretoraideal.com.br\/index.php\/wp-json\/wp\/v2\/comments?post=56215"}],"version-history":[{"count":1,"href":"https:\/\/blog.corretoraideal.com.br\/index.php\/wp-json\/wp\/v2\/posts\/56215\/revisions"}],"predecessor-version":[{"id":56217,"href":"https:\/\/blog.corretoraideal.com.br\/index.php\/wp-json\/wp\/v2\/posts\/56215\/revisions\/56217"}],"wp:attachment":[{"href":"https:\/\/blog.corretoraideal.com.br\/index.php\/wp-json\/wp\/v2\/media?parent=56215"}],"wp:term":[{"taxonomy":"category","embeddable":true,"href":"https:\/\/blog.corretoraideal.com.br\/index.php\/wp-json\/wp\/v2\/categories?post=56215"},{"taxonomy":"post_tag","embeddable":true,"href":"https:\/\/blog.corretoraideal.com.br\/index.php\/wp-json\/wp\/v2\/tags?post=56215"}],"curies":[{"name":"wp","href":"https:\/\/api.w.org\/{rel}","templated":true}]}}