{"id":56218,"date":"2024-01-10T10:30:13","date_gmt":"2024-01-10T10:30:13","guid":{"rendered":"https:\/\/blog.corretoraideal.com.br\/?p=56218"},"modified":"2024-01-10T10:30:13","modified_gmt":"2024-01-10T10:30:13","slug":"melhores-viagens-para-2024-brasilia-e-unica-cidade-brasileira-em-lista-do-new-york-times-turismo-e-viagem-g1","status":"publish","type":"post","link":"https:\/\/blog.corretoraideal.com.br\/index.php\/2024\/01\/10\/melhores-viagens-para-2024-brasilia-e-unica-cidade-brasileira-em-lista-do-new-york-times-turismo-e-viagem-g1\/","title":{"rendered":"Melhores viagens para 2024: Bras\u00edlia \u00e9 \u00fanica cidade brasileira em lista do &#039;New York Times&#039; | Turismo e Viagem | G1"},"content":{"rendered":"<br \/>\n<h1>Melhores viagens para 2024: Bras\u00edlia \u00e9 \u00fanica cidade brasileira em lista do &#039;New York Times&#039;<\/h1>\n<h2>Jornal elegeu 52 lugares em alta para os turistas. Capital brasileira ficou na 32\u00aa posi\u00e7\u00e3o.<\/h2>\n<p> Por g1 &mdash; S\u00e3o Paulo <\/p>\n<p>  10\/01\/2024 05h30    Atualizado  10\/01\/2024    <\/p>\n<p>                      1 de 1&#013;Esplanada dos Minist\u00e9rios, em Bras\u00edlia \u2014 Foto: TV Globo\/Reprodu\u00e7\u00e3o    <\/p>\n<p> Esplanada dos Minist\u00e9rios, em Bras\u00edlia \u2014 Foto: TV Globo\/Reprodu\u00e7\u00e3o <\/p>\n<p> O <a class href=\"https:\/\/g1.globo.com\/tudo-sobre\/brasil\/\"><strong>Brasil<\/strong><\/a> ocupa uma vaga no ranking do jornal &quot;The New York Times&quot;, que elegeu os 52 melhores destinos para se visitar em 2024. Bras\u00edlia foi a cidade escolhida este ano, ocupando a 32\u00ba posi\u00e7\u00e3o na lista. <\/p>\n<p> A capital brasileira foi descrita pela publica\u00e7\u00e3o como uma regi\u00e3o &quot;ofuscada por destinos mais extravagantes, como Rio de Janeiro e Bahia&quot;, mas que tamb\u00e9m tem pontos positivos, como a Esplanada dos Minist\u00e9rios, onde ficam os edif\u00edcios futuristas, os espelhos d&#x27;\u00e1gua e os arcos. <\/p>\n<p> \u2705 <a class href=\"https:\/\/www.whatsapp.com\/channel\/0029VaAxqZz0G0XbwyLjdi1L\" target=\"_blank\" rel=\"noopener noreferrer\"><strong>Clique aqui para seguir o canal de not\u00edcias internacionais do g1 no WhatsApp<\/strong><\/a> <\/p>\n<p> Diferentemente dos anos anteriores, desta vez, o ranking incluiu al\u00e9m de cidades de destaque alguns eventos e passeios tur\u00edsticos que valem a pena conferir. <\/p>\n<p> O primeiro lugar, inclusive, ficou com a ampla regi\u00e3o entre as praias de Mazatl\u00e1n, no M\u00e9xico, e as enseadas escarpadas de Maberly, Newfoundland, ambas na Am\u00e9rica do Norte. Isso porque o territ\u00f3rio ser\u00e1 palco para o Festival Portal Eclipse, no dia 8 de abril, a ser transmitido pela NASA. <\/p>\n<p> Neste mesmo ranking em <a class href=\"https:\/\/g1.globo.com\/turismo-e-viagem\/noticia\/2023\/01\/13\/melhores-lugares-para-turismo-em-2023-lencois-maranhenses-e-manaus-estao-na-lista-do-the-new-york-times.ghtml\"><strong>2023, o territ\u00f3rio brasileiro foi representado por duas regi\u00f5es<\/strong><\/a>: o Parque Nacional dos Len\u00e7\u00f3is Maranhenses e Manaus, nas 11\u00b0 e 41\u00b0 posi\u00e7\u00f5es, respectivamente. <\/p>\n<p><h2>Confira a lista completa<\/h2>\n<\/p>\n<li>The Path of Totality, Am\u00e9rica do Norte<\/li>\n<li>Paris, <a class href=\"https:\/\/g1.globo.com\/tudo-sobre\/franca\/\"><strong>Fran\u00e7a<\/strong><\/a><\/li>\n<li>Yamaguchi, <a class href=\"https:\/\/g1.globo.com\/tudo-sobre\/japao\/\"><strong>Jap\u00e3o<\/strong><\/a><\/li>\n<li>Viagem de trem por vinhedos e vulc\u00f5es na <a class href=\"https:\/\/g1.globo.com\/tudo-sobre\/nova-zelandia\/\"><strong>Nova Zel\u00e2ndia<\/strong><\/a><\/li>\n<li>Maui, Hava\u00ed<\/li>\n<li>Baaj Nwaavjo I\u2019tah Kukveni, Arizona<\/li>\n<li>Singapura, \u00c1sia<\/li>\n<li>O\u2019Higgins, Chile<\/li>\n<li>Ladakh, <a class href=\"https:\/\/g1.globo.com\/tudo-sobre\/india\/\"><strong>\u00cdndia<\/strong><\/a><\/li>\n<li>Genebra, Su\u00ed\u00e7a<\/li>\n<li>Dom\u00ednica, Caribe<\/li>\n<li>Manchester, Inglaterra<\/li>\n<li>Crateras da Lua, Idaho<\/li>\n<li>Baltimore, Maryland<\/li>\n<li>Salar de Uyuni, Bol\u00edvia<\/li>\n<li>Negombo, Sri Lanka<\/li>\n<li>Massa-Carrara, <a class href=\"https:\/\/g1.globo.com\/tudo-sobre\/italia\/\"><strong>It\u00e1lia<\/strong><\/a><\/li>\n<li>Bannau Brycheiniog, Pa\u00eds de Gales<\/li>\n<li>Marrocos, \u00c1frica<\/li>\n<li>Val\u00eancia, <a class href=\"https:\/\/g1.globo.com\/tudo-sobre\/espanha\/\"><strong>Espanha<\/strong><\/a><\/li>\n<li>Kansas City, Missouri<\/li>\n<li>Antananarivo, Madagascar<\/li>\n<li>Pen\u00ednsula de Yucat\u00e1n, <a class href=\"https:\/\/g1.globo.com\/tudo-sobre\/mexico\/\"><strong>M\u00e9xico<\/strong><\/a><\/li>\n<li>Lake Toba, <a class href=\"https:\/\/g1.globo.com\/tudo-sobre\/indonesia\/\"><strong>Indon\u00e9sia<\/strong><\/a><\/li>\n<li>Almaty, Cazaquist\u00e3o<\/li>\n<li>Quito, Equador<\/li>\n<li>Arquip\u00e9lago Mingan, Quebec<\/li>\n<li>Montgomery, Alabama<\/li>\n<li>Tasm\u00e2nia, <a class href=\"https:\/\/g1.globo.com\/tudo-sobre\/australia\/\"><strong>Austr\u00e1lia<\/strong><\/a><\/li>\n<li>Waterford, Irlanda<\/li>\n<li>Parque Nacional Tsavo, Qu\u00eania<\/li>\n<li>Bras\u00edlia, Brasil<\/li>\n<li>El Salvador<\/li>\n<li>Koh Ker, Camboja<\/li>\n<li>Vestmannaeyjar, Isl\u00e2ndia<\/li>\n<li>Montevid\u00e9u, Uruguai<\/li>\n<li>Mustang, Nepal<\/li>\n<li>Viena, \u00c1ustria<\/li>\n<li>Brisbane, Austr\u00e1lia<\/li>\n<li>Pasadena, Calif\u00f3rnia<\/li>\n<li>Hurgada, Egito<\/li>\n<li>\u00c1guas Fronteiri\u00e7as, Minesota<\/li>\n<li>Sal\u00f3nica, <a class href=\"https:\/\/g1.globo.com\/tudo-sobre\/grecia\/\"><strong>Gr\u00e9cia<\/strong><\/a><\/li>\n<li>Normandia, <a class href=\"https:\/\/g1.globo.com\/tudo-sobre\/franca\/\"><strong>Fran\u00e7a<\/strong><\/a><\/li>\n<li>Granada, Caribe<\/li>\n<li>El Caminho da Costa Rica<\/li>\n<li>Alpes Alban\u00eas<\/li>\n<li>Whitehorse, Yukon (<a class href=\"https:\/\/g1.globo.com\/tudo-sobre\/canada\/\"><strong>Canad\u00e1<\/strong><\/a>)<\/li>\n<li>Choquequirao, Peru<\/li>\n<li>Dresda, Alemanha<\/li>\n<li>Reserva da Biosfera da Borboleta Monarca, <a class href=\"https:\/\/g1.globo.com\/tudo-sobre\/mexico\/\"><strong>M\u00e9xico<\/strong><\/a><\/li>\n<li>Flamingo, Fl\u00f3rida<\/li>\n<p>                   <img loading=\"lazy\" decoding=\"async\" class=\"aligncenter size-full wp-image-56220\" src=\"https:\/\/blog.corretoraideal.com.br\/wp-content\/uploads\/2024\/01\/veja-melhores-destinos-brasileiros-de-2023.jpeg\" alt=\"Veja melhores destinos brasileiros de 2023\" width=\"800\" height=\"400\" \/>       <\/p>\n<p> Veja melhores destinos brasileiros de 2023 <\/p>\n<p>                    <img loading=\"lazy\" decoding=\"async\" class=\"aligncenter size-full wp-image-56221\" src=\"https:\/\/blog.corretoraideal.com.br\/wp-content\/uploads\/2024\/01\/veja-quais-sao-as-melhores-praias-do-mundo-para-viajar-em-2023-segundo-turistas.jpeg\" alt=\"Veja quais s\u00e3o as melhores praias do mundo para viajar em 2023, segundo turistas\" width=\"800\" height=\"400\" \/>       <\/p>\n<p> Veja quais s\u00e3o as melhores praias do mundo para viajar em 2023, segundo turistas <\/p>\n<ul> <\/ul>\n<h3> <a id=\"js-next-article-desktop-link\" class=\"next-article-desktop-link\"><\/a> <\/h3>\n<h3> <a id=\"js-next-article-smart-link\" class=\"next-article-smart-link\"><\/a> <\/h3>\n<p>Veja tamb\u00e9m<\/p>\n<\/p>\n<\/p>\n<p>       Anterior   Pr\u00f3ximo     <\/p>\n","protected":false},"excerpt":{"rendered":"<p>Melhores viagens para 2024: Bras\u00edlia \u00e9 \u00fanica cidade brasileira em lista do &#039;New York Times&#039; Jornal elegeu 52 lugares em alta para os turistas. Capital brasileira ficou na 32\u00aa posi\u00e7\u00e3o. Por g1 &mdash; S\u00e3o Paulo 10\/01\/2024 05h30 Atualizado 10\/01\/2024 1 de 1&#013;Esplanada dos Minist\u00e9rios, em Bras\u00edlia \u2014 Foto: TV Globo\/Reprodu\u00e7\u00e3o Esplanada dos Minist\u00e9rios, em Bras\u00edlia [&hellip;]<\/p>\n","protected":false},"author":1,"featured_media":0,"comment_status":"closed","ping_status":"closed","sticky":false,"template":"","format":"standard","meta":{"footnotes":""},"categories":[],"tags":[],"class_list":["post-56218","post","type-post","status-publish","format-standard","hentry"],"_links":{"self":[{"href":"https:\/\/blog.corretoraideal.com.br\/index.php\/wp-json\/wp\/v2\/posts\/56218","targetHints":{"allow":["GET"]}}],"collection":[{"href":"https:\/\/blog.corretoraideal.com.br\/index.php\/wp-json\/wp\/v2\/posts"}],"about":[{"href":"https:\/\/blog.corretoraideal.com.br\/index.php\/wp-json\/wp\/v2\/types\/post"}],"author":[{"embeddable":true,"href":"https:\/\/blog.corretoraideal.com.br\/index.php\/wp-json\/wp\/v2\/users\/1"}],"replies":[{"embeddable":true,"href":"https:\/\/blog.corretoraideal.com.br\/index.php\/wp-json\/wp\/v2\/comments?post=56218"}],"version-history":[{"count":1,"href":"https:\/\/blog.corretoraideal.com.br\/index.php\/wp-json\/wp\/v2\/posts\/56218\/revisions"}],"predecessor-version":[{"id":56222,"href":"https:\/\/blog.corretoraideal.com.br\/index.php\/wp-json\/wp\/v2\/posts\/56218\/revisions\/56222"}],"wp:attachment":[{"href":"https:\/\/blog.corretoraideal.com.br\/index.php\/wp-json\/wp\/v2\/media?parent=56218"}],"wp:term":[{"taxonomy":"category","embeddable":true,"href":"https:\/\/blog.corretoraideal.com.br\/index.php\/wp-json\/wp\/v2\/categories?post=56218"},{"taxonomy":"post_tag","embeddable":true,"href":"https:\/\/blog.corretoraideal.com.br\/index.php\/wp-json\/wp\/v2\/tags?post=56218"}],"curies":[{"name":"wp","href":"https:\/\/api.w.org\/{rel}","templated":true}]}}