{"id":56223,"date":"2024-01-10T11:29:52","date_gmt":"2024-01-10T11:29:52","guid":{"rendered":"https:\/\/blog.corretoraideal.com.br\/?p=56223"},"modified":"2024-01-10T11:29:52","modified_gmt":"2024-01-10T11:29:52","slug":"liberacao-de-agrotoxicos-cai-no-brasil-em-2023-apos-sete-anos-seguidos-de-alta-agronegocios-g1","status":"publish","type":"post","link":"https:\/\/blog.corretoraideal.com.br\/index.php\/2024\/01\/10\/liberacao-de-agrotoxicos-cai-no-brasil-em-2023-apos-sete-anos-seguidos-de-alta-agronegocios-g1\/","title":{"rendered":"Libera\u00e7\u00e3o de agrot\u00f3xicos cai no Brasil em 2023, ap\u00f3s sete anos seguidos de alta | Agroneg\u00f3cios | G1"},"content":{"rendered":"<br \/>\n<h1>Libera\u00e7\u00e3o de agrot\u00f3xicos cai no Brasil em 2023, ap\u00f3s sete anos seguidos de alta<\/h1>\n<h2>Atual governo Lula aprovou 555 pesticidas no primeiro ano, queda de 15% em rela\u00e7\u00e3o a 2022. Apesar disso, n\u00famero de aprova\u00e7\u00f5es \u00e9 o 3\u00ba maior da s\u00e9rie hist\u00f3rica iniciada h\u00e1 24 anos.<\/h2>\n<p> Por <a class=\"multi_signatures\" href=\"https:\/\/g1.globo.com\/autores\/paula-salati\/\">Paula Salati<\/a>, g1 <\/p>\n<p>  10\/01\/2024 05h30    Atualizado  10\/01\/2024    <\/p>\n<ul>\n<li>\n<p> O n\u00famero de agrot\u00f3xicos aprovados no Brasil caiu em 2023, depois de sete anos seguidos de alta. <\/p>\n<\/li>\n<li>\n<p> Ao todo, foram liberados 555 pesticidas. O n\u00famero \u00e9 o terceiro mais alto da s\u00e9rie hist\u00f3rica do Minist\u00e9rio da Agricultura, iniciada h\u00e1 24 anos. <\/p>\n<\/li>\n<li>\n<p> Seguindo a tend\u00eancia dos \u00faltimos anos, a maioria dos agrot\u00f3xicos aprovados s\u00e3o gen\u00e9ricos: aqueles que possuem similares no mercado, por exemplo. <\/p>\n<\/li>\n<li>\n<p> Agora, a aprova\u00e7\u00e3o dos agrot\u00f3xicos deve ficar mais r\u00e1pida. Isso porque o presidente Lula sancionou, no fim do ano passado, a lei que acelera o tempo de an\u00e1lise para liberar estes produtos. <\/p>\n<\/li>\n<\/ul>\n<p> O n\u00famero de agrot\u00f3xicos aprovados no Brasil caiu em 2023, depois de sete anos seguidos de alta. <\/p>\n<p> Ao todo, foram liberados 555 pesticidas. O n\u00famero \u00e9 o terceiro mais alto da s\u00e9rie hist\u00f3rica do Minist\u00e9rio da Agricultura, iniciada h\u00e1 24 anos. <\/p>\n<p> Seguindo a tend\u00eancia dos \u00faltimos anos, a maioria dos agrot\u00f3xicos aprovados s\u00e3o gen\u00e9ricos: aqueles que possuem similares no mercado, por exemplo. <\/p>\n<p> Agora, a aprova\u00e7\u00e3o dos agrot\u00f3xicos deve ficar mais r\u00e1pida. Isso porque o presidente Lula sancionou, no fim do ano passado, a lei que acelera o tempo de an\u00e1lise para liberar estes produtos. <\/p>\n<p>         1 de 1&#013;Imagem de uma aplica\u00e7\u00e3o mecanizada de agrot\u00f3xicos para o controle de pragas e doen\u00e7as. \u2014 Foto: Christiane Congro Comas\/Embrapa    <\/p>\n<p> Imagem de uma aplica\u00e7\u00e3o mecanizada de agrot\u00f3xicos para o controle de pragas e doen\u00e7as. \u2014 Foto: Christiane Congro Comas\/Embrapa <\/p>\n<p> O n\u00famero de libera\u00e7\u00f5es de agrot\u00f3xicos no Brasil caiu em 2023, depois de sete anos seguidos de alta, apontam dados da Coordena\u00e7\u00e3o-Geral de Agrot\u00f3xicos e Afins (CGAA), do <a class href=\"https:\/\/g1.globo.com\/tudo-sobre\/ministerio-da-agricultura\/\">Minist\u00e9rio da Agricultura<\/a>, atualizados na \u00faltima ter\u00e7a-feira (9). <\/p>\n<p> Em seu primeiro ano,<strong> o governo Lula aprovou 555 produtos<\/strong>, <strong>uma<\/strong> <strong>queda de 15%<\/strong> em rela\u00e7\u00e3o a 2022, quando o Brasil liberou 652 agrot\u00f3xicos, <a class href=\"https:\/\/g1.globo.com\/economia\/agronegocios\/noticia\/2023\/02\/06\/aprovacao-de-agrotoxicos-no-brasil-bate-recorde-anual-desde-2016.ghtml\">um recorde da s\u00e9rie hist\u00f3rica<\/a>, iniciada h\u00e1 24 anos. <\/p>\n<p> Apesar da redu\u00e7\u00e3o, a <strong>quantidade de aprova\u00e7\u00f5es em 2023 foi a 3\u00aa maior da s\u00e9rie<\/strong>. <\/p>\n<p> Seguindo a tend\u00eancia dos \u00faltimos anos, <strong>a maioria dos pesticidas aprovados s\u00e3o gen\u00e9ricos (520)<\/strong>, ou seja, &quot;c\u00f3pias&quot; de princ\u00edpios ativos in\u00e9ditos \u2014 que podem ser feitas quando caem as patentes \u2014 ou produtos finais baseados em ingredientes j\u00e1 existentes no mercado. Os outros <strong>35 produtos s\u00e3o in\u00e9ditos<\/strong>. <\/p>\n<p> A partir deste ano, a aprova\u00e7\u00e3o dos agrot\u00f3xicos deve ficar mais r\u00e1pida. Isso porque o presidente Lula sancionou, no final de 2023, a<a class href=\"https:\/\/g1.globo.com\/politica\/noticia\/2023\/12\/28\/lula-sanciona-com-vetos-lei-que-acelera-registro-de-agrotoxicos-no-brasil.ghtml\"> nova lei que acelera o tempo de an\u00e1lise para a libera\u00e7\u00e3o dos produtos<\/a>. <\/p>\n<p><h2>Os n\u00fameros do Minist\u00e9rio da Agricultura mostram tamb\u00e9m que:<\/h2>\n<\/p>\n<ul>\n<li><strong>365 agrot\u00f3xicos foram liberados para os agricultores<\/strong> \u2013 s\u00e3o os chamados &quot;produtos formulados&quot;. Os outros <strong>190 foram para uso na ind\u00fastria<\/strong> \u2013 estes s\u00e3o conhecidos como &quot;produtos t\u00e9cnicos&quot;, mat\u00e9rias-primas utilizadas na fabrica\u00e7\u00e3o dos pesticidas.<\/li>\n<li><strong>do total, 465 s\u00e3o produtos qu\u00edmicos<\/strong>, enquanto <strong>90 s\u00e3o <\/strong><a class href=\"https:\/\/g1.globo.com\/economia\/agronegocios\/noticia\/2022\/06\/21\/hormonios-insetos-virus-entenda-como-os-defensivos-biologicos-podem-ser-alternativas-aos-agrotoxicos.ghtml\"><strong>biol\u00f3gicos<\/strong><\/a><strong> <\/strong>(horm\u00f4nios, insetos, v\u00edrus), que t\u00eam baixo impacto ambiental e s\u00e3o voltados para a agricultura org\u00e2nica \u2013 pela <a class href=\"https:\/\/www.in.gov.br\/en\/web\/dou\/-\/lei-n-14.785-de-27-de-dezembro-de-2023-533959933\" target=\"_blank\" rel=\"noopener noreferrer\">nova legisla\u00e7\u00e3o brasileira<\/a>, eles tamb\u00e9m s\u00e3o chamados de agrot\u00f3xicos.<\/li>\n<\/ul>\n<p><h2>Produtos in\u00e9ditos<\/h2>\n<\/p>\n<p> Dos 35 pesticidas in\u00e9ditos, <strong>24 foram liberados para o uso dos agricultores<\/strong>, enquanto 11 s\u00e3o voltados para as fabricantes de agrot\u00f3xicos. <\/p>\n<p> Entre os que podem ir direto para o campo, destaca-se o Resuris, \u00e0 base de Fluindapir e Clorotalonil, que foi considerado pela Ag\u00eancia Nacional de Vigil\u00e2ncia Sanit\u00e1ria (<a class href=\"https:\/\/g1.globo.com\/tudo-sobre\/anvisa\/\">Anvisa<\/a>) como altamente t\u00f3xico para a sa\u00fade humana. <\/p>\n<p> O Resuris \u00e9 um fungicida usado nas planta\u00e7\u00f5es de milho, soja e amendoim. <\/p>\n<p> J\u00e1 a classifica\u00e7\u00e3o do <a class href=\"https:\/\/g1.globo.com\/tudo-sobre\/ibama\/\">Instituto Brasileiro do Meio Ambiente e dos Recursos Naturais Renov\u00e1veis<\/a> (Ibama) identificou um agrot\u00f3xico &quot;altamente perigoso&quot; e mais 14 &quot;muito perigosos&quot; para o meio ambiente. <\/p>\n<p> A libera\u00e7\u00e3o dos produtos \u00e9 uma decis\u00e3o dos tr\u00eas \u00f3rg\u00e3os: Anvisa, Ibama e Minist\u00e9rio da Agricultura. <\/p>\n<p><h2><strong>Leia tamb\u00e9m:<\/strong><\/h2>\n<\/p>\n<ul>\n<li><strong>Nova lei dos agrot\u00f3xicos: <\/strong><a class href=\"https:\/\/g1.globo.com\/economia\/agronegocios\/noticia\/2024\/01\/09\/nova-lei-dos-agrotoxicos-o-que-o-lula-vetou-e-a-repercussao-entre-ambientalistas-ruralistas-e-a-industria.ghtml?fbclid=IwAR0mLpm2YXr6tXj5ByGJY0XatbZv4BO4RG_04O7Qw9h611byr2fNpqZad4k\">o que o presidente Lula vetou e a repercuss\u00e3o entre ambientalistas, ruralistas e a ind\u00fastria<\/a><\/li>\n<li><a class href=\"https:\/\/g1.globo.com\/economia\/agronegocios\/noticia\/2019\/10\/07\/por-que-a-producao-rural-depende-tanto-de-agrotoxicos.ghtml\">Por que a produ\u00e7\u00e3o de alimentos depende tanto de agrot\u00f3xicos?<\/a><\/li>\n<\/ul>\n<p>                   <img loading=\"lazy\" decoding=\"async\" class=\"aligncenter size-full wp-image-56225\" src=\"https:\/\/blog.corretoraideal.com.br\/wp-content\/uploads\/2024\/01\/como-funciona-uma-fabrica-de-insetos-que-sao-defensivos-agricolas.jpeg\" alt=\"Como funciona uma f\u00e1brica de insetos que s\u00e3o defensivos agr\u00edcolas\" width=\"800\" height=\"400\" \/>       <\/p>\n<p> Como funciona uma f\u00e1brica de insetos que s\u00e3o defensivos agr\u00edcolas <\/p>\n<p>                    <img loading=\"lazy\" decoding=\"async\" class=\"aligncenter size-full wp-image-56226\" src=\"https:\/\/blog.corretoraideal.com.br\/wp-content\/uploads\/2024\/01\/de-onde-vem-a-uva-de-mesa-1.jpeg\" alt=\"De onde vem a uva de mesa\" width=\"800\" height=\"400\" \/>       <\/p>\n<p> De onde vem a uva de mesa <\/p>\n<p>                    <img loading=\"lazy\" decoding=\"async\" class=\"aligncenter size-full wp-image-56227\" src=\"https:\/\/blog.corretoraideal.com.br\/wp-content\/uploads\/2024\/01\/trigo-espera-ate-um-ano-e-passa-por-mais-de-30-processos-antes-de-virar-pao.jpeg\" alt=\"Trigo espera at\u00e9 um ano e passa por mais de 30 processos antes de virar p\u00e3o\" width=\"800\" height=\"400\" \/>       <\/p>\n<p> Trigo espera at\u00e9 um ano e passa por mais de 30 processos antes de virar p\u00e3o <\/p>\n<p>                    <img loading=\"lazy\" decoding=\"async\" class=\"aligncenter size-full wp-image-56228\" src=\"https:\/\/blog.corretoraideal.com.br\/wp-content\/uploads\/2024\/01\/de-onde-vem-o-tomate.jpeg\" alt=\"De Onde Vem o tomate\" width=\"800\" height=\"400\" \/>       <\/p>\n<p> De Onde Vem o tomate <\/p>\n<ul>\n<li> <a href=\"https:\/\/g1.globo.com\/tudo-sobre\/anvisa\/\" class=\"entities__list-itemLink\" data-track-click=\"Anvisa\"> Anvisa <\/a> <\/li>\n<li> <a href=\"https:\/\/g1.globo.com\/tudo-sobre\/ibama\/\" class=\"entities__list-itemLink\" data-track-click=\"Ibama\"> Ibama <\/a> <\/li>\n<li> <a href=\"https:\/\/g1.globo.com\/tudo-sobre\/ministerio-da-agricultura\/\" class=\"entities__list-itemLink\" data-track-click=\"Minist\u00e9rio da Agricultura\"> Minist\u00e9rio da Agricultura <\/a> <\/li>\n<\/ul>\n<h3> <a id=\"js-next-article-desktop-link\" class=\"next-article-desktop-link\"><\/a> <\/h3>\n<h3> <a id=\"js-next-article-smart-link\" class=\"next-article-smart-link\"><\/a> <\/h3>\n<p>Veja tamb\u00e9m<\/p>\n<\/p>\n<\/p>\n<p>       Anterior   Pr\u00f3ximo     <\/p>\n","protected":false},"excerpt":{"rendered":"<p>Libera\u00e7\u00e3o de agrot\u00f3xicos cai no Brasil em 2023, ap\u00f3s sete anos seguidos de alta Atual governo Lula aprovou 555 pesticidas no primeiro ano, queda de 15% em rela\u00e7\u00e3o a 2022. Apesar disso, n\u00famero de aprova\u00e7\u00f5es \u00e9 o 3\u00ba maior da s\u00e9rie hist\u00f3rica iniciada h\u00e1 24 anos. Por Paula Salati, g1 10\/01\/2024 05h30 Atualizado 10\/01\/2024 O [&hellip;]<\/p>\n","protected":false},"author":1,"featured_media":0,"comment_status":"closed","ping_status":"closed","sticky":false,"template":"","format":"standard","meta":{"footnotes":""},"categories":[],"tags":[],"class_list":["post-56223","post","type-post","status-publish","format-standard","hentry"],"_links":{"self":[{"href":"https:\/\/blog.corretoraideal.com.br\/index.php\/wp-json\/wp\/v2\/posts\/56223","targetHints":{"allow":["GET"]}}],"collection":[{"href":"https:\/\/blog.corretoraideal.com.br\/index.php\/wp-json\/wp\/v2\/posts"}],"about":[{"href":"https:\/\/blog.corretoraideal.com.br\/index.php\/wp-json\/wp\/v2\/types\/post"}],"author":[{"embeddable":true,"href":"https:\/\/blog.corretoraideal.com.br\/index.php\/wp-json\/wp\/v2\/users\/1"}],"replies":[{"embeddable":true,"href":"https:\/\/blog.corretoraideal.com.br\/index.php\/wp-json\/wp\/v2\/comments?post=56223"}],"version-history":[{"count":1,"href":"https:\/\/blog.corretoraideal.com.br\/index.php\/wp-json\/wp\/v2\/posts\/56223\/revisions"}],"predecessor-version":[{"id":56229,"href":"https:\/\/blog.corretoraideal.com.br\/index.php\/wp-json\/wp\/v2\/posts\/56223\/revisions\/56229"}],"wp:attachment":[{"href":"https:\/\/blog.corretoraideal.com.br\/index.php\/wp-json\/wp\/v2\/media?parent=56223"}],"wp:term":[{"taxonomy":"category","embeddable":true,"href":"https:\/\/blog.corretoraideal.com.br\/index.php\/wp-json\/wp\/v2\/categories?post=56223"},{"taxonomy":"post_tag","embeddable":true,"href":"https:\/\/blog.corretoraideal.com.br\/index.php\/wp-json\/wp\/v2\/tags?post=56223"}],"curies":[{"name":"wp","href":"https:\/\/api.w.org\/{rel}","templated":true}]}}