{"id":56236,"date":"2024-01-10T17:29:48","date_gmt":"2024-01-10T17:29:48","guid":{"rendered":"https:\/\/blog.corretoraideal.com.br\/?p=56236"},"modified":"2024-01-10T17:29:48","modified_gmt":"2024-01-10T17:29:48","slug":"zuckerberg-inicia-criacao-de-boi-com-a-carne-mais-cara-do-mundo-e-diz-que-rebanho-vai-beber-cerveja-e-comer-macadamia-agronegocios-g1","status":"publish","type":"post","link":"https:\/\/blog.corretoraideal.com.br\/index.php\/2024\/01\/10\/zuckerberg-inicia-criacao-de-boi-com-a-carne-mais-cara-do-mundo-e-diz-que-rebanho-vai-beber-cerveja-e-comer-macadamia-agronegocios-g1\/","title":{"rendered":"Zuckerberg inicia cria\u00e7\u00e3o de boi com a carne mais cara do mundo e diz que rebanho vai beber cerveja e comer macad\u00e2mia | Agroneg\u00f3cios | G1"},"content":{"rendered":"<br \/>\n<h1>Zuckerberg inicia cria\u00e7\u00e3o de boi com a carne mais cara do mundo e diz que rebanho vai beber cerveja e comer macad\u00e2mia<\/h1>\n<h2>Fundador do Facebook est\u00e1 investindo nas ra\u00e7as wagyu e angus. A alimenta\u00e7\u00e3o ser\u00e1 cultivada na pr\u00f3pria fazenda, com ajuda das filhas, disse.<\/h2>\n<p> Por g1 <\/p>\n<p>  10\/01\/2024 14h09    Atualizado  10\/01\/2024    <\/p>\n<p>                      1 de 2&#013;Mark Zuckerberg inicia cria\u00e7\u00e3o de boi com a carne mais cara do mundo \u2014 Foto: Reprodu\u00e7\u00e3o \/ Instagram    <\/p>\n<p> Mark Zuckerberg inicia cria\u00e7\u00e3o de boi com a carne mais cara do mundo \u2014 Foto: Reprodu\u00e7\u00e3o \/ Instagram <\/p>\n<p> <a class href=\"https:\/\/g1.globo.com\/tudo-sobre\/mark-zuckerberg\/\">Mark Zuckerberg<\/a> anunciou nas suas redes sociais, na ter\u00e7a-feira (9), que \u00e9 o mais novo pecuarista no mercado. E a entrada no ramo n\u00e3o foi de qualquer forma: o bilion\u00e1rio est\u00e1<a class href=\"https:\/\/g1.globo.com\/economia\/agronegocios\/noticia\/2021\/08\/04\/boi-japones-wagyu-nao-bebe-mais-cerveja-saiba-tudo-sobre-a-criacao-da-carne-mais-cara-do-mundo.ghtml\"> investindo na cria\u00e7\u00e3o do boi que tem a carne mais cara do mundo, o wagyu<\/a>, al\u00e9m da ra\u00e7a angus. <\/p>\n<p> Segundo o fundador do <a class href=\"https:\/\/g1.globo.com\/tudo-sobre\/facebook\/\">Facebook<\/a>, os animais ir\u00e3o crescer bebendo cerveja e comendo macad\u00e2mia, tudo cultivado na sua propriedade. <\/p>\n<p> No an\u00fancio, Zuckerberg diz que a<strong> sua meta \u00e9 criar a carne bovina com maior qualidade do mundo<\/strong>. <\/p>\n<p> O seu rancho, chamado de Ko&#x27;olau, fica em Kauai, no Hava\u00ed. &quot;Queremos que todo o processo seja local e verticalmente integrado. Cada vaca come 5.000-10.000 libras de comida todos os anos, ent\u00e3o s\u00e3o muitos hectares de macad\u00e2mia&quot;, publicou. <\/p>\n<p> O empres\u00e1rio publicou uma foto de sua filha plantando p\u00e9s de macad\u00e2mia e disse ainda que as crian\u00e7as ir\u00e3o ajudar a cuidar dos animais da propriedade. <\/p>\n<p> &quot;De todos os meus projetos, este \u00e9 o mais delicioso&quot;, disse. <\/p>\n<p>         2 de 2&#013; A alimenta\u00e7\u00e3o ser\u00e1 cultivada na pr\u00f3pria fazenda, com ajuda das filhas, disse Mark Zuckerberg \u2014 Foto: Reprodu\u00e7\u00e3o \/ Instagram    <\/p>\n<p> A alimenta\u00e7\u00e3o ser\u00e1 cultivada na pr\u00f3pria fazenda, com ajuda das filhas, disse Mark Zuckerberg \u2014 Foto: Reprodu\u00e7\u00e3o \/ Instagram <\/p>\n<p> <strong>Leia tamb\u00e9m:<\/strong> <\/p>\n<ul>\n<li><a class href=\"https:\/\/g1.globo.com\/economia\/tecnologia\/inovacao\/noticia\/2021\/08\/27\/carne-wagyu-a-mais-cara-do-mundo-ganha-versao-artificial-criada-com-impressora-3d.ghtml\">Carne wagyu, a mais cara do mundo, ganha vers\u00e3o artificial criada com impressora 3D<\/a><\/li>\n<li><strong>Nova lei dos agrot\u00f3xicos: <\/strong><a class href=\"https:\/\/g1.globo.com\/economia\/agronegocios\/noticia\/2024\/01\/09\/nova-lei-dos-agrotoxicos-o-que-o-lula-vetou-e-a-repercussao-entre-ambientalistas-ruralistas-e-a-industria.ghtml\">o que o Lula vetou e a repercuss\u00e3o entre ambientalistas, ruralistas e a ind\u00fastria<\/a><\/li>\n<\/ul>\n<p><h2>Carne mais cara do mundo<\/h2>\n<\/p>\n<p>                   <img loading=\"lazy\" decoding=\"async\" class=\"aligncenter size-full wp-image-56238\" src=\"https:\/\/blog.corretoraideal.com.br\/wp-content\/uploads\/2024\/01\/conheca-o-boi-wagyu-que-tem-a-carne-mais-cara-do-mundo.jpeg\" alt=\"Conhe\u00e7a o boi wagyu, que tem a carne mais cara do mundo\" width=\"800\" height=\"400\" \/>       <\/p>\n<p> Conhe\u00e7a o boi wagyu, que tem a carne mais cara do mundo <\/p>\n<p> <a class href=\"https:\/\/g1.globo.com\/economia\/agronegocios\/noticia\/2021\/08\/04\/boi-japones-wagyu-nao-bebe-mais-cerveja-saiba-tudo-sobre-a-criacao-da-carne-mais-cara-do-mundo.ghtml\">O wagyu, no Jap\u00e3o, chega a custar, em m\u00e9dia, US$ 1.000 o quilo. <\/a>No Brasil, onde as carnes menos nobres j\u00e1 pesam no bolso do consumidor, o pre\u00e7o m\u00e9dio do quilo \u00e9 R$ 600, mas tamb\u00e9m pode ultrapassar R$ 1.000. <\/p>\n<p> Toda a fama da carne do wagyu se d\u00e1 por causa do tal marmoreio. \u00c9 a gordura intramuscular, que d\u00e1 um visual de m\u00e1rmore para a pe\u00e7a e respons\u00e1vel por sua alta maciez. <\/p>\n<p> O boi japon\u00eas tamb\u00e9m ficou famoso por conta das &quot;mordomias&quot; que recebia, como beber cerveja e receber massagem. Esse tratamento todo especial era muito praticado no Jap\u00e3o antigamente, mas n\u00e3o existe mais na maioria das fazendas e nem \u00e9 mais visto nos grandes confinamentos do pa\u00eds. <\/p>\n<p> Acreditava-se que a cerveja facilitaria a digest\u00e3o do animal, ao provocar relaxamento, enquanto a massagem atuaria como drenagem linf\u00e1tica, ajudando na infiltra\u00e7\u00e3o de gordura para a forma\u00e7\u00e3o do marmoreio. <\/p>\n<p><h2>Veja como \u00e9 a produ\u00e7\u00e3o de outros alimentos:<\/h2>\n<\/p>\n<p>                       <img loading=\"lazy\" decoding=\"async\" class=\"aligncenter size-full wp-image-56239\" src=\"https:\/\/blog.corretoraideal.com.br\/wp-content\/uploads\/2024\/01\/de-onde-vem-a-uva-de-mesa-2.jpeg\" alt=\"De onde vem a uva de mesa\" width=\"800\" height=\"400\" \/>       <\/p>\n<p> De onde vem a uva de mesa <\/p>\n<p>                    <img loading=\"lazy\" decoding=\"async\" class=\"aligncenter size-full wp-image-56240\" src=\"https:\/\/blog.corretoraideal.com.br\/wp-content\/uploads\/2024\/01\/de-onde-vem-o-pessego-1.jpeg\" alt=\"De onde vem o P\u00eassego\" width=\"800\" height=\"400\" \/>       <\/p>\n<p> De onde vem o P\u00eassego <\/p>\n<ul>\n<li> <a href=\"https:\/\/g1.globo.com\/tudo-sobre\/facebook\/\" class=\"entities__list-itemLink\" data-track-click=\"Facebook\"> Facebook <\/a> <\/li>\n<li> <a href=\"https:\/\/g1.globo.com\/tudo-sobre\/mark-zuckerberg\/\" class=\"entities__list-itemLink\" data-track-click=\"Mark Zuckerberg\"> Mark Zuckerberg <\/a> <\/li>\n<\/ul>\n<h3> <a id=\"js-next-article-desktop-link\" class=\"next-article-desktop-link\"><\/a> <\/h3>\n<h3> <a id=\"js-next-article-smart-link\" class=\"next-article-smart-link\"><\/a> <\/h3>\n<p>Veja tamb\u00e9m<\/p>\n<\/p>\n<\/p>\n<p>       Anterior   Pr\u00f3ximo     <\/p>\n","protected":false},"excerpt":{"rendered":"<p>Zuckerberg inicia cria\u00e7\u00e3o de boi com a carne mais cara do mundo e diz que rebanho vai beber cerveja e comer macad\u00e2mia Fundador do Facebook est\u00e1 investindo nas ra\u00e7as wagyu e angus. A alimenta\u00e7\u00e3o ser\u00e1 cultivada na pr\u00f3pria fazenda, com ajuda das filhas, disse. Por g1 10\/01\/2024 14h09 Atualizado 10\/01\/2024 1 de 2&#013;Mark Zuckerberg inicia [&hellip;]<\/p>\n","protected":false},"author":1,"featured_media":0,"comment_status":"closed","ping_status":"closed","sticky":false,"template":"","format":"standard","meta":{"footnotes":""},"categories":[],"tags":[],"class_list":["post-56236","post","type-post","status-publish","format-standard","hentry"],"_links":{"self":[{"href":"https:\/\/blog.corretoraideal.com.br\/index.php\/wp-json\/wp\/v2\/posts\/56236","targetHints":{"allow":["GET"]}}],"collection":[{"href":"https:\/\/blog.corretoraideal.com.br\/index.php\/wp-json\/wp\/v2\/posts"}],"about":[{"href":"https:\/\/blog.corretoraideal.com.br\/index.php\/wp-json\/wp\/v2\/types\/post"}],"author":[{"embeddable":true,"href":"https:\/\/blog.corretoraideal.com.br\/index.php\/wp-json\/wp\/v2\/users\/1"}],"replies":[{"embeddable":true,"href":"https:\/\/blog.corretoraideal.com.br\/index.php\/wp-json\/wp\/v2\/comments?post=56236"}],"version-history":[{"count":1,"href":"https:\/\/blog.corretoraideal.com.br\/index.php\/wp-json\/wp\/v2\/posts\/56236\/revisions"}],"predecessor-version":[{"id":56241,"href":"https:\/\/blog.corretoraideal.com.br\/index.php\/wp-json\/wp\/v2\/posts\/56236\/revisions\/56241"}],"wp:attachment":[{"href":"https:\/\/blog.corretoraideal.com.br\/index.php\/wp-json\/wp\/v2\/media?parent=56236"}],"wp:term":[{"taxonomy":"category","embeddable":true,"href":"https:\/\/blog.corretoraideal.com.br\/index.php\/wp-json\/wp\/v2\/categories?post=56236"},{"taxonomy":"post_tag","embeddable":true,"href":"https:\/\/blog.corretoraideal.com.br\/index.php\/wp-json\/wp\/v2\/tags?post=56236"}],"curies":[{"name":"wp","href":"https:\/\/api.w.org\/{rel}","templated":true}]}}