{"id":56253,"date":"2024-01-11T02:29:39","date_gmt":"2024-01-11T02:29:39","guid":{"rendered":"https:\/\/blog.corretoraideal.com.br\/?p=56253"},"modified":"2024-01-11T02:29:39","modified_gmt":"2024-01-11T02:29:39","slug":"argentina-chega-a-acordo-com-fmi-para-acesso-a-us-47-bilhoes-economia-g1","status":"publish","type":"post","link":"https:\/\/blog.corretoraideal.com.br\/index.php\/2024\/01\/11\/argentina-chega-a-acordo-com-fmi-para-acesso-a-us-47-bilhoes-economia-g1\/","title":{"rendered":"Argentina chega a acordo com FMI para acesso a US$ 4,7 bilh\u00f5es | Economia | G1"},"content":{"rendered":"<br \/>\n<h1>Argentina chega a acordo com FMI para acesso a US$ 4,7 bilh\u00f5es<\/h1>\n<h2>Acerto de &#039;n\u00edvel t\u00e9cnico&#039; ser\u00e1 apresentado para aprova\u00e7\u00e3o do conselho executivo do Fundo. Negocia\u00e7\u00e3o faz parte do programa de d\u00edvida de US$ 44 bilh\u00f5es do pa\u00eds com a organiza\u00e7\u00e3o internacional.<\/h2>\n<p> Por g1 <\/p>\n<p>  10\/01\/2024 21h21    Atualizado  10\/01\/2024    <\/p>\n<p>                      1 de 1&#013;Casa Rosada, sede da presid\u00eancia argentina, em mar\u00e7o de 2019 \u2014 Foto: Reuters\/Agustin Marcarian    <\/p>\n<p> Casa Rosada, sede da presid\u00eancia argentina, em mar\u00e7o de 2019 \u2014 Foto: Reuters\/Agustin Marcarian <\/p>\n<p> A <a class href=\"https:\/\/g1.globo.com\/tudo-sobre\/argentina\/\">Argentina<\/a> chegou a um acordo com o Fundo Monet\u00e1rio Internacional (<a class href=\"https:\/\/g1.globo.com\/tudo-sobre\/fmi\/\">FMI<\/a>) nesta quarta-feira (10) para renegociar a d\u00edvida do pa\u00eds com a organiza\u00e7\u00e3o. <\/p>\n<p> Segundo comunicado do FMI, o acerto de &quot;n\u00edvel t\u00e9cnico&quot; ser\u00e1 apresentado para aprova\u00e7\u00e3o de seu conselho executivo nas pr\u00f3ximas semanas. Caso seja aceito, o pa\u00eds sul-americano ter\u00e1 acesso a <strong>US$ 4,7 bilh\u00f5es<\/strong><strong> <\/strong>adicionais ao programa de d\u00edvida com o Fundo. <\/p>\n<p> O acordo \u00e9 um novo cap\u00edtulo de discuss\u00f5es antigas, que come\u00e7aram com empr\u00e9stimos tomados pela Argentina <a class href=\"https:\/\/g1.globo.com\/economia\/noticia\/2018\/10\/26\/direcao-do-fmi-aprova-emprestimo-de-us-563-bilhoes-para-argentina.ghtml\">durante o governo de Mauricio Macri, em 2018<\/a>. <\/p>\n<p> Mais de tr\u00eas anos depois, <a class href=\"https:\/\/g1.globo.com\/economia\/noticia\/2022\/01\/28\/argentina-fecha-acordo-com-fmi-para-reestruturar-divida-de-mais-de-us-40-bilhoes.ghtml\">o governo de Alberto Fern\u00e1ndez reajustou termos <\/a>para reestruturar a d\u00edvida de <strong>US$ 44 bilh\u00f5es<\/strong>. Em 2023, no entanto, o governo argentino ainda n\u00e3o havia conseguido cumprir com as novas metas dentro do pacote de ajuda. <\/p>\n<p> Agora, as negocia\u00e7\u00f5es seguem com a equipe de <a class href=\"https:\/\/g1.globo.com\/tudo-sobre\/javier-milei\/\">Javier Milei<\/a>, que<a class href=\"https:\/\/g1.globo.com\/mundo\/noticia\/2023\/12\/10\/javier-milei-posse.ghtml\"> tomou posse como presidente do pa\u00eds no m\u00eas passado<\/a>. <\/p>\n<p> Ao justificar o acordo, o FMI disse ter chegado a um entendimento com as autoridades argentinas sobre um &quot;conjunto refor\u00e7ado de pol\u00edticas para restaurar a estabilidade macroecon\u00f4mica do pa\u00eds e colocar o programa [de d\u00edvida com o FMI] de volta ao caminho certo&quot;. <\/p>\n<p>&quot;Este acordo, sujeito a implementa\u00e7\u00e3o pol\u00edtica cont\u00ednua e duradoura, ser\u00e1 apresentado para aprova\u00e7\u00e3o pelo conselho executivo do FMI nas pr\u00f3ximas semanas. Ap\u00f3s a conclus\u00e3o da revis\u00e3o, a Argentina teria acesso a cerca de <strong>US$ 4,7 bilh\u00f5es<\/strong>&quot;, publicou o Fundo.<\/p>\n<p> De acordo com o FMI, o valor adicional tem o objetivo de &quot;apoiar os fortes esfor\u00e7os pol\u00edticos das novas autoridades para restaurar a estabilidade macroecon\u00f4mica e ajudar a Argentina a satisfazer as necessidades da sua balan\u00e7a de pagamentos&quot;. <\/p>\n<p> No documento, a organiza\u00e7\u00e3o tamb\u00e9m atribuiu as recentes falhas do programa aos &quot;graves reveses pol\u00edticos do governo anterior&quot;. <\/p>\n<p>&quot;A nova administra\u00e7\u00e3o j\u00e1 est\u00e1 implementando um ambicioso plano de estabiliza\u00e7\u00e3o, ancorado em uma grande consolida\u00e7\u00e3o fiscal inicial, juntamente com a\u00e7\u00f5es para reconstruir reservas, corrigir desalinhamentos de pre\u00e7os relativos, fortalecer o balan\u00e7o do banco central e criar um sistema mais simples&quot;, escreveu o FMI.<\/p>\n<p><h2>Discuss\u00f5es<\/h2>\n<\/p>\n<p> Nesta semana, integrantes do FMI estavam em Buenos Aires para debater os termos do acordo. As duas partes, segundo o porta-voz do governo argentina, Manuel Ardoni, finalizavam detalhes antes de um an\u00fancio oficial, previsto para esta quarta-feira (10). <\/p>\n<p> Segundo Ardoni, o atual governo pediu revis\u00e3o das metas e dos termos para a devolu\u00e7\u00e3o do dinheiro. O porta-voz disse que o pa\u00eds s\u00f3 poder\u00e1 devolver o empr\u00e9stimo caso a <a class href=\"https:\/\/g1.globo.com\/mundo\/blog\/sandra-cohen\/post\/2023\/12\/28\/lei-onibus-preve-superpoderes-para-milei-ate-o-fim-de-seu-mandato.ghtml\">chamada Lei Omnibus<\/a>, um pacote de medidas e reformas que o governo tenta aprovar no Congresso, entre em vigor. <\/p>\n<p> Em 2023, o governo de Alberto Fern\u00e1ndez lan\u00e7ou um plano econ\u00f4mico eleitoral que foi contra boa parte do acordo firmado anteriormente com o Fundo. <\/p>\n<p> Segundo o jornal argentino &quot;Clar\u00edn&quot;, a inten\u00e7\u00e3o do Governo Milei agora \u00e9 estabelecer novas metas de d\u00e9ficit e acumula\u00e7\u00e3o de reservas, obter isen\u00e7\u00f5es do conselho do FMI para objetivos n\u00e3o alcan\u00e7ados no final de 2023, e desbloquear pelo menos um desembolso pendente de US$ 3,3 bilh\u00f5es para refor\u00e7ar o Banco Central. <\/p>\n<ul>\n<li> <a href=\"https:\/\/g1.globo.com\/tudo-sobre\/argentina\/\" class=\"entities__list-itemLink\" data-track-click=\"Argentina\"> Argentina <\/a> <\/li>\n<li> <a href=\"https:\/\/g1.globo.com\/tudo-sobre\/fmi\/\" class=\"entities__list-itemLink\" data-track-click=\"FMI\"> FMI <\/a> <\/li>\n<li> <a href=\"https:\/\/g1.globo.com\/tudo-sobre\/javier-milei\/\" class=\"entities__list-itemLink\" data-track-click=\"Javier Milei\"> Javier Milei <\/a> <\/li>\n<\/ul>\n<h3> <a id=\"js-next-article-desktop-link\" class=\"next-article-desktop-link\"><\/a> <\/h3>\n<h3> <a id=\"js-next-article-smart-link\" class=\"next-article-smart-link\"><\/a> <\/h3>\n<p>Veja tamb\u00e9m<\/p>\n<\/p>\n<\/p>\n<p>       Anterior   Pr\u00f3ximo     <\/p>\n","protected":false},"excerpt":{"rendered":"<p>Argentina chega a acordo com FMI para acesso a US$ 4,7 bilh\u00f5es Acerto de &#039;n\u00edvel t\u00e9cnico&#039; ser\u00e1 apresentado para aprova\u00e7\u00e3o do conselho executivo do Fundo. Negocia\u00e7\u00e3o faz parte do programa de d\u00edvida de US$ 44 bilh\u00f5es do pa\u00eds com a organiza\u00e7\u00e3o internacional. Por g1 10\/01\/2024 21h21 Atualizado 10\/01\/2024 1 de 1&#013;Casa Rosada, sede da presid\u00eancia [&hellip;]<\/p>\n","protected":false},"author":1,"featured_media":0,"comment_status":"closed","ping_status":"closed","sticky":false,"template":"","format":"standard","meta":{"footnotes":""},"categories":[],"tags":[],"class_list":["post-56253","post","type-post","status-publish","format-standard","hentry"],"_links":{"self":[{"href":"https:\/\/blog.corretoraideal.com.br\/index.php\/wp-json\/wp\/v2\/posts\/56253","targetHints":{"allow":["GET"]}}],"collection":[{"href":"https:\/\/blog.corretoraideal.com.br\/index.php\/wp-json\/wp\/v2\/posts"}],"about":[{"href":"https:\/\/blog.corretoraideal.com.br\/index.php\/wp-json\/wp\/v2\/types\/post"}],"author":[{"embeddable":true,"href":"https:\/\/blog.corretoraideal.com.br\/index.php\/wp-json\/wp\/v2\/users\/1"}],"replies":[{"embeddable":true,"href":"https:\/\/blog.corretoraideal.com.br\/index.php\/wp-json\/wp\/v2\/comments?post=56253"}],"version-history":[{"count":1,"href":"https:\/\/blog.corretoraideal.com.br\/index.php\/wp-json\/wp\/v2\/posts\/56253\/revisions"}],"predecessor-version":[{"id":56255,"href":"https:\/\/blog.corretoraideal.com.br\/index.php\/wp-json\/wp\/v2\/posts\/56253\/revisions\/56255"}],"wp:attachment":[{"href":"https:\/\/blog.corretoraideal.com.br\/index.php\/wp-json\/wp\/v2\/media?parent=56253"}],"wp:term":[{"taxonomy":"category","embeddable":true,"href":"https:\/\/blog.corretoraideal.com.br\/index.php\/wp-json\/wp\/v2\/categories?post=56253"},{"taxonomy":"post_tag","embeddable":true,"href":"https:\/\/blog.corretoraideal.com.br\/index.php\/wp-json\/wp\/v2\/tags?post=56253"}],"curies":[{"name":"wp","href":"https:\/\/api.w.org\/{rel}","templated":true}]}}