{"id":56259,"date":"2024-01-11T07:29:48","date_gmt":"2024-01-11T07:29:48","guid":{"rendered":"https:\/\/blog.corretoraideal.com.br\/?p=56259"},"modified":"2024-01-11T07:29:48","modified_gmt":"2024-01-11T07:29:48","slug":"mercado-argentino-da-choque-de-realidade-a-milei-apos-lua-de-mel-economia-g1","status":"publish","type":"post","link":"https:\/\/blog.corretoraideal.com.br\/index.php\/2024\/01\/11\/mercado-argentino-da-choque-de-realidade-a-milei-apos-lua-de-mel-economia-g1\/","title":{"rendered":"Mercado argentino d\u00e1 choque de realidade a Milei ap\u00f3s &#039;lua de mel&#039; | Economia | G1"},"content":{"rendered":"<br \/>\n<h1>Mercado argentino d\u00e1 choque de realidade a Milei ap\u00f3s &#039;lua de mel&#039;<\/h1>\n<h2>Cen\u00e1rio \u00e9 de queda dos pre\u00e7os de t\u00edtulos, peso enfraquecido e investidores cautelosos com os novos leil\u00f5es de d\u00edvida do governo.<\/h2>\n<p> Por g1 <\/p>\n<p>  10\/01\/2024 16h01    Atualizado  10\/01\/2024    <\/p>\n<p>                                <img loading=\"lazy\" decoding=\"async\" class=\"aligncenter size-full wp-image-56261\" src=\"https:\/\/blog.corretoraideal.com.br\/wp-content\/uploads\/2024\/01\/quem-e-javier-milei-novo-presidente-da-argentina.jpeg\" alt=\"Quem \u00e9 Javier Milei: novo presidente da Argentina\" width=\"800\" height=\"400\" \/>       <\/p>\n<p> Quem \u00e9 Javier Milei: novo presidente da Argentina <\/p>\n<p> Os mercados argentinos, que <a class href=\"https:\/\/g1.globo.com\/economia\/noticia\/2023\/11\/21\/bolsa-argentina-dispara-mais-de-20-na-abertura-com-ajustes-apos-eleicao-e-feriado.ghtml\">dispararam ap\u00f3s Javier Milei vencer as elei\u00e7\u00f5es<\/a>, agora est\u00e3o dando ao l\u00edder ultraliberal uma dose de realidade. <\/p>\n<p> Exatamente um m\u00eas ap\u00f3s a <a class href=\"https:\/\/g1.globo.com\/mundo\/noticia\/2023\/12\/10\/javier-milei-posse.ghtml\">posse do novo presidente argentino<\/a>, o cen\u00e1rio \u00e9 de pre\u00e7os de t\u00edtulos caindo, peso se enfraquecendo novamente e investidores cautelosos com os novos leil\u00f5es de d\u00edvida do governo. <\/p>\n<p> O banho de \u00e1gua fria dos investidores, ap\u00f3s uma lua de mel inicial, ressalta o enorme desafio de Milei para conter a infla\u00e7\u00e3o (que se aproxima de 200%), evitar a agita\u00e7\u00e3o social, reconstruir as reservas do pa\u00eds e resgatar um programa de <strong>US$ 44 bilh\u00f5es<\/strong> com o Fundo Monet\u00e1rio Internacional (<a class href=\"https:\/\/g1.globo.com\/tudo-sobre\/fmi\/\">FMI<\/a>). <\/p>\n<p> Sem maioria no Congresso, o novo presidente argentino tamb\u00e9m enfrenta resist\u00eancia ao seu <a class href=\"https:\/\/g1.globo.com\/mundo\/blog\/sandra-cohen\/post\/2023\/12\/28\/lei-onibus-preve-superpoderes-para-milei-ate-o-fim-de-seu-mandato.ghtml\">projeto de reforma &quot;\u00d3mnibus&quot;<\/a>, que visa privatizar entidades estatais e aumentar os impostos. Um decreto que desregulamenta a economia tamb\u00e9m enfrentou obst\u00e1culos legais (leia mais abaixo). <\/p>\n<p>&quot;A realidade est\u00e1 batendo na cara dele&quot;, disse \u00e0 Reuters o analista financeiro local Marcelo Rojas. &quot;Suas inten\u00e7\u00f5es s\u00e3o boas, mas isso n\u00e3o \u00e9 suficiente e \u00e9 isso que estamos come\u00e7ando a ver.&quot;<\/p>\n<p> Os pre\u00e7os dos t\u00edtulos soberanos do pa\u00eds come\u00e7aram a cair depois de uma forte corrida desde a vit\u00f3ria de Milei em meados de novembro. Um \u00edndice de risco do pa\u00eds atingiu o n\u00edvel mais alto em sete semanas, e um t\u00edtulo destinado aos importadores n\u00e3o conseguiu encontrar compradores. <\/p>\n<p> Enquanto isso, a diferen\u00e7a entre a taxa de c\u00e2mbio oficial do peso-d\u00f3lar e as taxas paralelas \u2014 usadas por muitos para contornar os r\u00edgidos controles de capital \u2014 est\u00e1 aumentando novamente depois que uma grande desvaloriza\u00e7\u00e3o em dezembro a reduziu significativamente. <\/p>\n<p>&quot;O governo est\u00e1 come\u00e7ando a enfrentar seus primeiros obst\u00e1culos. Sua falta de for\u00e7a pol\u00edtica est\u00e1 agora mais evidente: o b\u00f4nus para os importadores n\u00e3o conseguiu decolar e a diferen\u00e7a cambial aumentou novamente mais cedo do que o esperado&quot;, disse a corretora Cohen em uma nota.<\/p>\n<p> Ela acrescentou que o decreto de Milei e o projeto de reforma n\u00e3o parecem promissores, a menos que o presidente esteja disposto a fazer concess\u00f5es. <\/p>\n<p> No entanto, o banco central acumulou quase <strong>US$ 4 bilh\u00f5es<\/strong> em reservas de moeda estrangeira desde que Milei assumiu o cargo, e o \u00edndice de a\u00e7\u00f5es local S&amp;P Merval continua em forte alta, com a empresa petrol\u00edfera estatal YPF sendo impulsionada por conversas sobre privatiza\u00e7\u00e3o. <\/p>\n<p><h2>Olhos na infla\u00e7\u00e3o<\/h2>\n<\/p>\n<p> Enquanto isso, todos os olhos est\u00e3o voltados para a economia, com a <a class href=\"https:\/\/g1.globo.com\/economia\/noticia\/2024\/01\/09\/inflacao-argentina.ghtml\">expectativa de que a infla\u00e7\u00e3o tenha chegado a quase 30% em dezembro<\/a> e ultrapassado 200% no ano passado. Dois quintos da popula\u00e7\u00e3o j\u00e1 est\u00e1 na pobreza. <\/p>\n<p> O pa\u00eds, um importante exportador de gr\u00e3os, tamb\u00e9m est\u00e1 correndo para reviver seu enorme acordo com o <a class href=\"https:\/\/g1.globo.com\/tudo-sobre\/fmi\/\">FMI<\/a>, com negocia\u00e7\u00f5es em Buenos Aires na \u00faltima semana com o objetivo de desbloquear a s\u00e9tima revis\u00e3o do programa e cerca de <strong>US$ 3,3 bilh\u00f5es<\/strong> em recursos. <\/p>\n<p> O economista Aldo Abram, da Funda\u00e7\u00e3o Libertad y Progreso, disse que as perspectivas do mercado dependem muito do sucesso ou fracasso de Milei em suas reformas. <\/p>\n<p> &quot;O lado ruim \u00e9 que, como est\u00e1 acontecendo agora, todas as not\u00edcias que possam desacelerar o progresso do governo criar\u00e3o uma queda ainda maior na demanda por pesos, colocando-nos mais perto da hiperinfla\u00e7\u00e3o&quot;, disse Abram. <\/p>\n<p>&quot;Por outro lado, tudo o que levar \u00e0 confirma\u00e7\u00e3o da mudan\u00e7a de rumo incentivar\u00e1 a prefer\u00eancia por ativos locais, afastando-nos da crise.&quot;<\/p>\n<p><h2>&#x27;Decreta\u00e7o&#x27; de <a class href=\"https:\/\/g1.globo.com\/tudo-sobre\/javier-milei\/\">Javier Milei<\/a><\/h2>\n<\/p>\n<p> O novo presidente da <a class href=\"https:\/\/g1.globo.com\/mundo\/noticia\/2023\/12\/20\/milei-anuncia-decreto-que-estabelece-bases-para-novo-plano-economico.ghtml\">Argentina anunciou em 20 de dezembro o Decreto de Necessidade e Urg\u00eancia (DNU)<\/a>, medida para reformar ou revogar mais de 350 normas. <\/p>\n<p> Entre outros pontos, o decreto desregulamentou o servi\u00e7o de internet via sat\u00e9lite e a medicina privada, flexibilizou o mercado de trabalho e revogou uma s\u00e9rie de leis nacionais. <\/p>\n<p> As mudan\u00e7as incluem tamb\u00e9m a convers\u00e3o de diversas empresas estatais em sociedades an\u00f4nimas, facilitando o processo de privatiza\u00e7\u00e3o dessas institui\u00e7\u00f5es. <\/p>\n<p> A medida foi alvo de questionamentos. Na \u00faltima quinta-feira (4), a Justi\u00e7a do Trabalho da <a class href=\"https:\/\/g1.globo.com\/tudo-sobre\/argentina\/\">Argentina<\/a> concedeu medida cautelar para <a class href=\"https:\/\/g1.globo.com\/mundo\/noticia\/2024\/01\/04\/justica-da-argentina-toma-2a-decisao-para-suspender-reforma-trabalhista-de-milei.ghtml\">suspender a reforma trabalhista \u2014 dentro do pacote \u2014 anunciada por Milei<\/a>. <\/p>\n<p> Um dia antes, o Judici\u00e1rio j\u00e1 tinha suspendido a reforma com uma primeira medida cautelar. As duas decis\u00f5es foram tomadas pelos mesmos ju\u00edzes, mas elas se originaram de a\u00e7\u00f5es distintas, cada uma protocolada por uma central sindical diferente. <\/p>\n<p> A decis\u00e3o mais recente determina que \u00e9 preciso dar uma ordem liminar at\u00e9 que haja uma decis\u00e3o definitiva do caso porque h\u00e1 um grande risco de conflito social e a possibilidade de viol\u00eancia. <\/p>\n<p> <strong>Entre as medidas anunciadas por Milei, est\u00e3o:<\/strong> <\/p>\n<ul>\n<li>Revoga\u00e7\u00e3o da Lei do Aluguel.<\/li>\n<li>Revoga\u00e7\u00e3o da Lei de Abastecimento.<\/li>\n<li>Revoga\u00e7\u00e3o da Lei das G\u00f4ndolas.<\/li>\n<li>Revoga\u00e7\u00e3o da Lei Nacional de Compras.<\/li>\n<li>Revoga\u00e7\u00e3o do Observat\u00f3rio de Pre\u00e7os do Minist\u00e9rio da Economia.<\/li>\n<li>Revoga\u00e7\u00e3o da Lei de Promo\u00e7\u00e3o Industrial.<\/li>\n<li>Revoga\u00e7\u00e3o da Lei de Promo\u00e7\u00e3o Comercial.<\/li>\n<li>Revoga\u00e7\u00e3o da regulamenta\u00e7\u00e3o que impede a privatiza\u00e7\u00e3o de empresas p\u00fablicas.<\/li>\n<li>Revoga\u00e7\u00e3o do regime das empresas estatais.<\/li>\n<li>Transforma\u00e7\u00e3o de todas as empresas do Estado em sociedades an\u00f4nimas para sua subsequente privatiza\u00e7\u00e3o.<\/li>\n<li>Moderniza\u00e7\u00e3o do regime de trabalho para facilitar o processo de gera\u00e7\u00e3o de emprego.<\/li>\n<li>Reforma do C\u00f3digo Aduaneiro para facilitar o com\u00e9rcio internacional.<\/li>\n<li>Revoga\u00e7\u00e3o da Lei de Terras.<\/li>\n<li>Modifica\u00e7\u00e3o da Lei de Combate ao Fogo.<\/li>\n<li>Revoga\u00e7\u00e3o das obriga\u00e7\u00f5es das usinas de a\u00e7\u00facar quanto \u00e0 produ\u00e7\u00e3o.<\/li>\n<li>Libera\u00e7\u00e3o do regime jur\u00eddico aplic\u00e1vel ao setor vitivin\u00edcola.<\/li>\n<li>Revoga\u00e7\u00e3o do sistema nacional de com\u00e9rcio mineiro e do Banco de Informa\u00e7\u00e3o Mineiro.<\/li>\n<li>Autoriza\u00e7\u00e3o para transfer\u00eancia do pacote total ou parcial de a\u00e7\u00f5es da companhias a\u00e9reas argentinas.<\/li>\n<li>Implementa\u00e7\u00e3o da pol\u00edtica de c\u00e9u aberto.<\/li>\n<li>Modifica\u00e7\u00e3o do C\u00f3digo Civil e Comercial para refor\u00e7ar o princ\u00edpio da liberdade contratual entre as partes.<\/li>\n<li>Modifica\u00e7\u00e3o do C\u00f3digo Civil e Comercial para garantir que as obriga\u00e7\u00f5es contratuais em moeda estrangeira sejam pagas na moeda acordada.<\/li>\n<li>Modifica\u00e7\u00e3o do marco regulat\u00f3rio de medicamentos pr\u00e9-pagos e obras sociais.<\/li>\n<li>Elimina\u00e7\u00e3o de restri\u00e7\u00f5es de pre\u00e7os na ind\u00fastria pr\u00e9-paga.<\/li>\n<li>Incorpora\u00e7\u00e3o de empresas de medicamentos pr\u00e9-pagos ao regime de obras sociais.<\/li>\n<li>Estabelecimento das prescri\u00e7\u00f5es m\u00e9dicas eletr\u00f4nicas.<\/li>\n<li>Modifica\u00e7\u00f5es ao regime das empresas farmac\u00eauticas para promover concorr\u00eancia e reduzir custos.<\/li>\n<li>Modifica\u00e7\u00e3o da Lei das Sociedades por A\u00e7\u00f5es para que os clubes de futebol possam se tornar corpora\u00e7\u00f5es.<\/li>\n<li>Desregulamenta\u00e7\u00e3o dos servi\u00e7os de Internet via sat\u00e9lite.<\/li>\n<li>Desregulamenta\u00e7\u00e3o do setor de turismo.<\/li>\n<li>Incorpora\u00e7\u00e3o de ferramentas digitais para procedimentos de registro automotivo.<\/li>\n<\/ul>\n<ul>\n<li> <a href=\"https:\/\/g1.globo.com\/tudo-sobre\/argentina\/\" class=\"entities__list-itemLink\" data-track-click=\"Argentina\"> Argentina <\/a> <\/li>\n<li> <a href=\"https:\/\/g1.globo.com\/tudo-sobre\/fmi\/\" class=\"entities__list-itemLink\" data-track-click=\"FMI\"> FMI <\/a> <\/li>\n<li> <a href=\"https:\/\/g1.globo.com\/tudo-sobre\/javier-milei\/\" class=\"entities__list-itemLink\" data-track-click=\"Javier Milei\"> Javier Milei <\/a> <\/li>\n<\/ul>\n<h3> <a id=\"js-next-article-desktop-link\" class=\"next-article-desktop-link\"><\/a> <\/h3>\n<h3> <a id=\"js-next-article-smart-link\" class=\"next-article-smart-link\"><\/a> <\/h3>\n<p>Veja tamb\u00e9m<\/p>\n<\/p>\n<\/p>\n<p>       Anterior   Pr\u00f3ximo     <\/p>\n","protected":false},"excerpt":{"rendered":"<p>Mercado argentino d\u00e1 choque de realidade a Milei ap\u00f3s &#039;lua de mel&#039; Cen\u00e1rio \u00e9 de queda dos pre\u00e7os de t\u00edtulos, peso enfraquecido e investidores cautelosos com os novos leil\u00f5es de d\u00edvida do governo. Por g1 10\/01\/2024 16h01 Atualizado 10\/01\/2024 Quem \u00e9 Javier Milei: novo presidente da Argentina Os mercados argentinos, que dispararam ap\u00f3s Javier Milei [&hellip;]<\/p>\n","protected":false},"author":1,"featured_media":0,"comment_status":"closed","ping_status":"closed","sticky":false,"template":"","format":"standard","meta":{"footnotes":""},"categories":[],"tags":[],"class_list":["post-56259","post","type-post","status-publish","format-standard","hentry"],"_links":{"self":[{"href":"https:\/\/blog.corretoraideal.com.br\/index.php\/wp-json\/wp\/v2\/posts\/56259","targetHints":{"allow":["GET"]}}],"collection":[{"href":"https:\/\/blog.corretoraideal.com.br\/index.php\/wp-json\/wp\/v2\/posts"}],"about":[{"href":"https:\/\/blog.corretoraideal.com.br\/index.php\/wp-json\/wp\/v2\/types\/post"}],"author":[{"embeddable":true,"href":"https:\/\/blog.corretoraideal.com.br\/index.php\/wp-json\/wp\/v2\/users\/1"}],"replies":[{"embeddable":true,"href":"https:\/\/blog.corretoraideal.com.br\/index.php\/wp-json\/wp\/v2\/comments?post=56259"}],"version-history":[{"count":1,"href":"https:\/\/blog.corretoraideal.com.br\/index.php\/wp-json\/wp\/v2\/posts\/56259\/revisions"}],"predecessor-version":[{"id":56262,"href":"https:\/\/blog.corretoraideal.com.br\/index.php\/wp-json\/wp\/v2\/posts\/56259\/revisions\/56262"}],"wp:attachment":[{"href":"https:\/\/blog.corretoraideal.com.br\/index.php\/wp-json\/wp\/v2\/media?parent=56259"}],"wp:term":[{"taxonomy":"category","embeddable":true,"href":"https:\/\/blog.corretoraideal.com.br\/index.php\/wp-json\/wp\/v2\/categories?post=56259"},{"taxonomy":"post_tag","embeddable":true,"href":"https:\/\/blog.corretoraideal.com.br\/index.php\/wp-json\/wp\/v2\/tags?post=56259"}],"curies":[{"name":"wp","href":"https:\/\/api.w.org\/{rel}","templated":true}]}}