{"id":56267,"date":"2024-01-11T12:29:48","date_gmt":"2024-01-11T12:29:48","guid":{"rendered":"https:\/\/blog.corretoraideal.com.br\/?p=56267"},"modified":"2024-01-11T12:29:48","modified_gmt":"2024-01-11T12:29:48","slug":"ipca-precos-sobem-056-em-dezembro-e-tem-alta-de-462-em-2023-economia-g1","status":"publish","type":"post","link":"https:\/\/blog.corretoraideal.com.br\/index.php\/2024\/01\/11\/ipca-precos-sobem-056-em-dezembro-e-tem-alta-de-462-em-2023-economia-g1\/","title":{"rendered":"IPCA: pre\u00e7os sobem 0,56% em dezembro e t\u00eam alta de 4,62% em 2023 | Economia | G1"},"content":{"rendered":"<br \/>\n<h1>IPCA: pre\u00e7os sobem 0,56% em dezembro e t\u00eam alta de 4,62% em 2023<\/h1>\n<h2>Resultado vem dentro do intervalo da meta de infla\u00e7\u00e3o para o ano, definida pelo Conselho Monet\u00e1rio Nacional (CMN). \u00c9 a primeira vez que a meta foi cumprida desde 2020.<\/h2>\n<p> Por <a class=\"multi_signatures\" href=\"https:\/\/g1.globo.com\/autores\/raphael-martins\/\">Raphael Martins<\/a>, g1 <\/p>\n<p>  11\/01\/2024 09h00    Atualizado  11\/01\/2024    <\/p>\n<p> O \u00cdndice Nacional de Pre\u00e7os ao Consumidor Amplo (<a class href=\"https:\/\/g1.globo.com\/tudo-sobre\/ipca\/\">IPCA<\/a>), considerado a infla\u00e7\u00e3o oficial do pa\u00eds, <strong>mostra que os pre\u00e7os subiram 0,56% em dezembro<\/strong>, segundo dados divulgados nesta quinta-feira (11) pelo Instituto Brasileiro de Geografia e Estat\u00edstica (<a class href=\"https:\/\/g1.globo.com\/tudo-sobre\/ibge\/\">IBGE<\/a>). <\/p>\n<p> Neste m\u00eas, o destaque foi o grupo de Alimenta\u00e7\u00e3o e bebidas, que registrou a maior varia\u00e7\u00e3o (1,11%) e o maior impacto (0,23 ponto percentual) no \u00edndice geral. O resultado do m\u00eas representa uma forte acelera\u00e7\u00e3o, j\u00e1 que o IPCA havia fechado <a class href=\"https:\/\/g1.globo.com\/economia\/noticia\/2023\/12\/12\/ipca-sobe-028percent-em-novembro.ghtml\">novembro com alta de 0,28%<\/a>. Em dezembro de 2022, <a class href=\"https:\/\/g1.globo.com\/economia\/noticia\/2023\/01\/10\/ipca-fica-em-062percent-em-dezembro-aponta-ibge.ghtml\">teve alta de 0,62%.<\/a> <\/p>\n<p> <strong>Com isso, o pa\u00eds teve uma infla\u00e7\u00e3o acumulada de 4,62% em 2023.<\/strong> O resultado, portanto, vem dentro do intervalo da meta de infla\u00e7\u00e3o para o ano, definida pelo Conselho Monet\u00e1rio Nacional (CMN). \u00c9 a primeira vez que a meta foi cumprida desde 2020. <\/p>\n<p> Todos os grupos pesquisados pelo IBGE tiveram alta no m\u00eas. Mas o grupo Alimenta\u00e7\u00e3o e bebidas, principal respons\u00e1vel pela desinfla\u00e7\u00e3o de 2023, foi destaque de alta pelo segundo m\u00eas seguido. Houve acelera\u00e7\u00e3o tanto de produtos in natura como no com\u00e9rcio de alimentos. <\/p>\n<p> De acordo com o IBGE, o subgrupo Alimenta\u00e7\u00e3o no domic\u00edlio subiu 1,34% em dezembro. Os destaques foram a batata-inglesa (19,09%), feij\u00e3o-carioca (13,79%), arroz (5,81%) e frutas (3,37%). <\/p>\n<p> J\u00e1 a Alimenta\u00e7\u00e3o fora do domic\u00edlio teve alta de 0,53% no m\u00eas, acelerando em rela\u00e7\u00e3o ao m\u00eas anterior (0,32%). O instituto destaca as altas do lanche (0,74%) e refei\u00e7\u00e3o (0,48%), que subiram mais que em novembro (0,20% e 0,34%). <\/p>\n<p> \u201cO aumento da temperatura e o maior volume de chuvas em diversas regi\u00f5es do pa\u00eds influenciaram a produ\u00e7\u00e3o dos alimentos, principalmente dos in natura, como os tub\u00e9rculos, hortali\u00e7as e frutas, que s\u00e3o mais sens\u00edveis a essas varia\u00e7\u00f5es clim\u00e1ticas\u201d, explica o gerente do IPCA, Andr\u00e9 Almeida. <\/p>\n<p><h2>Veja o resultado dos grupos do IPCA:<\/h2>\n<\/p>\n<ul>\n<li>Alimenta\u00e7\u00e3o e bebidas: 1,11%;<\/li>\n<li>Habita\u00e7\u00e3o: 0,34%;<\/li>\n<li>Artigos de resid\u00eancia: 0,76%;<\/li>\n<li>Vestu\u00e1rio: 0,70%;<\/li>\n<li>Transportes: 0,48%;<\/li>\n<li>Sa\u00fade e cuidados pessoais: 0,35%;<\/li>\n<li>Despesas pessoais: 0,48%;<\/li>\n<li>Educa\u00e7\u00e3o: 0,24%;<\/li>\n<li>Comunica\u00e7\u00e3o: 0,04%.<\/li>\n<\/ul>\n<p><h2>Meta de infla\u00e7\u00e3o<\/h2>\n<\/p>\n<p> O pa\u00eds n\u00e3o atingia nem mesmo o teto da meta desde 2020. O sistema de metas determina que o Banco Central (BC) deve fazer o manejo da taxa b\u00e1sica de juros, a Selic, para levar a infla\u00e7\u00e3o a um n\u00famero espec\u00edfico a cada ano. <\/p>\n<p> Quem determina esse n\u00famero \u00e9 o Conselho Monet\u00e1rio Nacional (CMN), composto pelos ministros da Fazenda, do Planejamento e pelo pr\u00f3prio presidente do BC. <strong>Em 2023, a meta de infla\u00e7\u00e3o era de 3,25%, com margem de toler\u00e2ncia de 1,5 ponto percentual para mais ou para menos (de 1,75% a 4,75%).<\/strong> <\/p>\n<p> Como mostrou reportagem do <a class href=\"https:\/\/g1.globo.com\/\"><strong>g1<\/strong><\/a>, o <a class href=\"https:\/\/g1.globo.com\/economia\/noticia\/2024\/01\/10\/ipca-contraria-expectativas-e-deve-voltar-ao-intervalo-da-meta-em-2023-entenda.ghtml\">IPCA desacelerou acima do esperado pelos economistas ao longo deste ano.<\/a> O primeiro boletim Focus do ano passado \u2014 relat\u00f3rio divulgado pelo BC com os n\u00fameros esperados por mais de 100 institui\u00e7\u00f5es financeiras do pa\u00eds \u2014 mostrava que os especialistas <a class href=\"https:\/\/g1.globo.com\/economia\/noticia\/2023\/01\/02\/mercado-financeiro-baixa-de-564percent-para-562percent-estimativa-de-inflacao-para-2022.ghtml\">previam uma infla\u00e7\u00e3o fechada de 5,31% em 2023.<\/a> <\/p>\n<p> A infla\u00e7\u00e3o dentro da meta \u00e9 importante porque permite ao Banco Central (BC) continuar o percurso de redu\u00e7\u00e3o da taxa b\u00e1sica de juros, a Selic. O professor de economia da FGV Joelson Sampaio refor\u00e7a tamb\u00e9m que uma infla\u00e7\u00e3o controlada tende a resultar em dois principais pontos: <\/p>\n<ul>\n<li>impactar positivamente a renda das fam\u00edlias; <\/li>\n<li>e permitir redu\u00e7\u00e3o da taxa de juros. <\/li>\n<\/ul>\n<p> \u201cEnt\u00e3o, a taxa Selic \u2014 aliada \u00e0 melhora inflacion\u00e1ria do cen\u00e1rio externo \u2014 explica essa converg\u00eancia da infla\u00e7\u00e3o para a meta em 2023\u201d, conclui Joelson, lembrando o pico inflacion\u00e1rio mundial p\u00f3s pandemia de Covid-19 e guerra na Ucr\u00e2nia. <\/p>\n<p> Al\u00e9m dele, o <a class href=\"https:\/\/g1.globo.com\/\"><strong>g1<\/strong><\/a> ouviu economistas para entender o que mudou, quais fatores levaram a infla\u00e7\u00e3o de volta \u00e0 meta e qual o cen\u00e1rio para 2024. <a class href=\"https:\/\/g1.globo.com\/economia\/noticia\/2024\/01\/10\/ipca-contraria-expectativas-e-deve-voltar-ao-intervalo-da-meta-em-2023-entenda.ghtml\"><strong>Saiba mais aqui.<\/strong><\/a> <\/p>\n<ul>\n<li> <a href=\"https:\/\/g1.globo.com\/tudo-sobre\/banco-central-do-brasil\/\" class=\"entities__list-itemLink\" data-track-click=\"Banco Central do Brasil\"> Banco Central do Brasil <\/a> <\/li>\n<li> <a href=\"https:\/\/g1.globo.com\/tudo-sobre\/ibge\/\" class=\"entities__list-itemLink\" data-track-click=\"IBGE\"> IBGE <\/a> <\/li>\n<li> <a href=\"https:\/\/g1.globo.com\/tudo-sobre\/ipca\/\" class=\"entities__list-itemLink\" data-track-click=\"IPCA\"> IPCA <\/a> <\/li>\n<\/ul>\n<h3> <a id=\"js-next-article-desktop-link\" class=\"next-article-desktop-link\"><\/a> <\/h3>\n<h3> <a id=\"js-next-article-smart-link\" class=\"next-article-smart-link\"><\/a> <\/h3>\n<p>Veja tamb\u00e9m<\/p>\n<\/p>\n<\/p>\n<p>       Anterior   Pr\u00f3ximo     <\/p>\n","protected":false},"excerpt":{"rendered":"<p>IPCA: pre\u00e7os sobem 0,56% em dezembro e t\u00eam alta de 4,62% em 2023 Resultado vem dentro do intervalo da meta de infla\u00e7\u00e3o para o ano, definida pelo Conselho Monet\u00e1rio Nacional (CMN). \u00c9 a primeira vez que a meta foi cumprida desde 2020. Por Raphael Martins, g1 11\/01\/2024 09h00 Atualizado 11\/01\/2024 O \u00cdndice Nacional de Pre\u00e7os [&hellip;]<\/p>\n","protected":false},"author":1,"featured_media":0,"comment_status":"closed","ping_status":"closed","sticky":false,"template":"","format":"standard","meta":{"footnotes":""},"categories":[],"tags":[],"class_list":["post-56267","post","type-post","status-publish","format-standard","hentry"],"_links":{"self":[{"href":"https:\/\/blog.corretoraideal.com.br\/index.php\/wp-json\/wp\/v2\/posts\/56267","targetHints":{"allow":["GET"]}}],"collection":[{"href":"https:\/\/blog.corretoraideal.com.br\/index.php\/wp-json\/wp\/v2\/posts"}],"about":[{"href":"https:\/\/blog.corretoraideal.com.br\/index.php\/wp-json\/wp\/v2\/types\/post"}],"author":[{"embeddable":true,"href":"https:\/\/blog.corretoraideal.com.br\/index.php\/wp-json\/wp\/v2\/users\/1"}],"replies":[{"embeddable":true,"href":"https:\/\/blog.corretoraideal.com.br\/index.php\/wp-json\/wp\/v2\/comments?post=56267"}],"version-history":[{"count":1,"href":"https:\/\/blog.corretoraideal.com.br\/index.php\/wp-json\/wp\/v2\/posts\/56267\/revisions"}],"predecessor-version":[{"id":56269,"href":"https:\/\/blog.corretoraideal.com.br\/index.php\/wp-json\/wp\/v2\/posts\/56267\/revisions\/56269"}],"wp:attachment":[{"href":"https:\/\/blog.corretoraideal.com.br\/index.php\/wp-json\/wp\/v2\/media?parent=56267"}],"wp:term":[{"taxonomy":"category","embeddable":true,"href":"https:\/\/blog.corretoraideal.com.br\/index.php\/wp-json\/wp\/v2\/categories?post=56267"},{"taxonomy":"post_tag","embeddable":true,"href":"https:\/\/blog.corretoraideal.com.br\/index.php\/wp-json\/wp\/v2\/tags?post=56267"}],"curies":[{"name":"wp","href":"https:\/\/api.w.org\/{rel}","templated":true}]}}