{"id":56279,"date":"2024-01-11T23:30:00","date_gmt":"2024-01-11T23:30:00","guid":{"rendered":"https:\/\/blog.corretoraideal.com.br\/?p=56279"},"modified":"2024-01-11T23:30:00","modified_gmt":"2024-01-11T23:30:00","slug":"video-hyundai-anuncia-conceito-de-carro-voador-na-ces-2024-e-promete-producao-a-partir-de-2028-inovacao-g1","status":"publish","type":"post","link":"https:\/\/blog.corretoraideal.com.br\/index.php\/2024\/01\/11\/video-hyundai-anuncia-conceito-de-carro-voador-na-ces-2024-e-promete-producao-a-partir-de-2028-inovacao-g1\/","title":{"rendered":"V\u00cdDEO: Hyundai anuncia conceito de &#039;carro voador&#039; na CES 2024 e promete produ\u00e7\u00e3o a partir de 2028 | Inova\u00e7\u00e3o | G1"},"content":{"rendered":"<br \/>\n<h1>V\u00cdDEO: Hyundai anuncia conceito de &#039;carro voador&#039; na CES 2024 e promete produ\u00e7\u00e3o a partir de 2028<\/h1>\n<h2>Aeronave S-A2 \u00e9 evolu\u00e7\u00e3o de modelo apresentado em 2020 pela Supernal, divis\u00e3o de mobilidade a\u00e9rea da Hyundai. Fabricante diz que o ve\u00edculo poder\u00e1 fazer viagens de at\u00e9 60 km.<\/h2>\n<p> Por g1 <\/p>\n<p>  11\/01\/2024 13h19    Atualizado  11\/01\/2024    <\/p>\n<p>                                <img loading=\"lazy\" decoding=\"async\" class=\"aligncenter size-full wp-image-56281\" src=\"https:\/\/blog.corretoraideal.com.br\/wp-content\/uploads\/2024\/01\/hyundai-apresenta-conceito-de.jpeg\" alt=\"Hyundai apresenta conceito de \" width=\"800\" height=\"400\" \/>       <\/p>\n<p> Hyundai apresenta conceito de &#8216;carro voador&#8217; na CES 2024 <\/p>\n<p> A <a class href=\"https:\/\/g1.globo.com\/carros\/marcas\/hyundai\/\">Hyundai<\/a>, por meio de sua divis\u00e3o de mobilidade a\u00e9rea Supernal, anunciou o projeto do seu &quot;carro voador&quot; chamado S-A2, que deve ser produzido a partir de 2028. A divulga\u00e7\u00e3o aconteceu na CES 2024, <a class href=\"https:\/\/g1.globo.com\/inovacao\/noticia\/2024\/01\/08\/inteligencia-artificial-em-tudo-carros-autonomos-e-mais-o-que-esperar-para-a-ces-2024-maior-feira-de-tecnologia-do-mundo.ghtml\">principal evento de tecnologia do mundo<\/a>, que acontece em Las Vegas, nos EUA. <\/p>\n<p> \u27a1\ufe0f <strong>Al\u00e9m do piloto, o S-A2 deve ter capacidade para at\u00e9 4 passageiros<\/strong>, o necess\u00e1rio para funcionar como t\u00e1xi a\u00e9reo urbano, principal objetivos das empresas; <\/p>\n<p> \u27a1\ufe0f <strong>O modelo \u00e9 el\u00e9trico e tem decolagem e pouso verticais (eVTOL)<\/strong>, sigla em ingl\u00eas para ve\u00edculo el\u00e9trico de pouso e decolagem vertical. <a class href=\"https:\/\/g1.globo.com\/inovacao\/noticia\/2022\/07\/20\/hyundai-divulga-projeto-de-carro-voador-para-viagens-urbanas-nos-eua-a-partir-de-2028.ghtml\">Ele \u00e9 uma evolu\u00e7\u00e3o do S-A1<\/a>, mostrado pela marca pela primeira vez em 2020; <\/p>\n<p> \u27a1\ufe0fO ve\u00edculo poder\u00e1 atingir velocidade m\u00e1xima de 190 km\/h e altitude de cerca de 460 metros (1.500 p\u00e9s). <strong>Ele tem bateria com capacidade suficiente realizar trajetos de at\u00e9 60 km<\/strong>; <\/p>\n<p> \u27a1\ufe0f <strong>As empresas afirmam que a aeronave ter\u00e1 baixo n\u00edvel de polui\u00e7\u00e3o sonora<\/strong> emitindo 65 decib\u00e9is (dB) nas fases verticais de decolagem e pouso e 45 dB durante o cruzeiro horizontal. Em compara\u00e7\u00e3o, um helic\u00f3ptero m\u00e9dio produz entre 96 dB e 107 dB. <\/p>\n<p> O presidente da Hyundai e CEO da Supernal, Jaiwon Shin, disse que a expectative \u00e9 por uma enorme expans\u00e3o dos eVTOLs como alternativas a t\u00e1xis e carros de aplicativo. O mercado \u00e9 &quot;potencialmente de centenas de milhares&quot; de aeronaves, segundo o executivo. <\/p>\n<p> <strong>LEIA TAMB\u00c9M:<\/strong> <\/p>\n<ul>\n<li><a class href=\"https:\/\/g1.globo.com\/tecnologia\/noticia\/2024\/01\/09\/ces-2024-volkswagen-vai-oferecer-chatgpt-como-item-de-serie-em-seus-carros.ghtml\">Volkswagen vai oferecer ChatGPT como item de s\u00e9rie em seus carros<\/a><\/li>\n<li><a class href=\"https:\/\/g1.globo.com\/tecnologia\/noticia\/2024\/01\/11\/whatsapp-comeca-a-liberar-editor-de-figurinhas-no-iphone-veja-como-usar.ghtml\">WhatsApp come\u00e7a a liberar editor de figurinhas no iPhone; veja como usar<\/a><\/li>\n<li><a class href=\"https:\/\/g1.globo.com\/inovacao\/noticia\/2023\/12\/28\/chinesa-xiaomi-apresenta-seu-primeiro-carro-eletrico.ghtml\">Conhe\u00e7a o SU7, primeiro carro el\u00e9trico da Xiaomi<\/a><\/li>\n<\/ul>\n<p>         1 de 3&#013;eVTOL S-A2 foi criado pela Supernal, da Hyundai \u2014 Foto: Hyundai &#8211; Divulga\u00e7\u00e3o    <\/p>\n<p> eVTOL S-A2 foi criado pela Supernal, da Hyundai \u2014 Foto: Hyundai &#8211; Divulga\u00e7\u00e3o <\/p>\n<p>         2 de 3&#013;eVTOL S-A2 foi criado pela Supernal, da Hyundai \u2014 Foto: Hyundai &#8211; Divulga\u00e7\u00e3o    <\/p>\n<p> eVTOL S-A2 foi criado pela Supernal, da Hyundai \u2014 Foto: Hyundai &#8211; Divulga\u00e7\u00e3o <\/p>\n<p>         3 de 3&#013;eVTOL S-A2 foi criado pela Supernal, da Hyundai \u2014 Foto: Hyundai &#8211; Divulga\u00e7\u00e3o    <\/p>\n<p> eVTOL S-A2 foi criado pela Supernal, da Hyundai \u2014 Foto: Hyundai &#8211; Divulga\u00e7\u00e3o <\/p>\n<p><h2>Relembre a primeira vers\u00e3o do eVTOL da Hyundai<\/h2>\n<\/p>\n<p>                   <img loading=\"lazy\" decoding=\"async\" class=\"aligncenter size-full wp-image-56282\" src=\"https:\/\/blog.corretoraideal.com.br\/wp-content\/uploads\/2024\/01\/s-a1-projeto-de-evtol-apresentado-pela-hyundai-em-2020.jpeg\" alt=\"S A1, projeto de eVTOL apresentado pela Hyundai em 2020\" width=\"800\" height=\"400\" \/>       <\/p>\n<p> S-A1, projeto de eVTOL apresentado pela Hyundai em 2020 <\/p>\n<ul>\n<li> <a href=\"https:\/\/g1.globo.com\/carros\/marcas\/hyundai\/\" class=\"entities__list-itemLink\" data-track-click=\"Hyundai\"> Hyundai <\/a> <\/li>\n<\/ul>\n<h3> <a id=\"js-next-article-desktop-link\" class=\"next-article-desktop-link\"><\/a> <\/h3>\n<h3> <a id=\"js-next-article-smart-link\" class=\"next-article-smart-link\"><\/a> <\/h3>\n<p>Veja tamb\u00e9m<\/p>\n<\/p>\n<\/p>\n<p>       Anterior   Pr\u00f3ximo     <\/p>\n","protected":false},"excerpt":{"rendered":"<p>V\u00cdDEO: Hyundai anuncia conceito de &#039;carro voador&#039; na CES 2024 e promete produ\u00e7\u00e3o a partir de 2028 Aeronave S-A2 \u00e9 evolu\u00e7\u00e3o de modelo apresentado em 2020 pela Supernal, divis\u00e3o de mobilidade a\u00e9rea da Hyundai. Fabricante diz que o ve\u00edculo poder\u00e1 fazer viagens de at\u00e9 60 km. Por g1 11\/01\/2024 13h19 Atualizado 11\/01\/2024 Hyundai apresenta conceito [&hellip;]<\/p>\n","protected":false},"author":1,"featured_media":0,"comment_status":"closed","ping_status":"closed","sticky":false,"template":"","format":"standard","meta":{"footnotes":""},"categories":[],"tags":[],"class_list":["post-56279","post","type-post","status-publish","format-standard","hentry"],"_links":{"self":[{"href":"https:\/\/blog.corretoraideal.com.br\/index.php\/wp-json\/wp\/v2\/posts\/56279","targetHints":{"allow":["GET"]}}],"collection":[{"href":"https:\/\/blog.corretoraideal.com.br\/index.php\/wp-json\/wp\/v2\/posts"}],"about":[{"href":"https:\/\/blog.corretoraideal.com.br\/index.php\/wp-json\/wp\/v2\/types\/post"}],"author":[{"embeddable":true,"href":"https:\/\/blog.corretoraideal.com.br\/index.php\/wp-json\/wp\/v2\/users\/1"}],"replies":[{"embeddable":true,"href":"https:\/\/blog.corretoraideal.com.br\/index.php\/wp-json\/wp\/v2\/comments?post=56279"}],"version-history":[{"count":1,"href":"https:\/\/blog.corretoraideal.com.br\/index.php\/wp-json\/wp\/v2\/posts\/56279\/revisions"}],"predecessor-version":[{"id":56283,"href":"https:\/\/blog.corretoraideal.com.br\/index.php\/wp-json\/wp\/v2\/posts\/56279\/revisions\/56283"}],"wp:attachment":[{"href":"https:\/\/blog.corretoraideal.com.br\/index.php\/wp-json\/wp\/v2\/media?parent=56279"}],"wp:term":[{"taxonomy":"category","embeddable":true,"href":"https:\/\/blog.corretoraideal.com.br\/index.php\/wp-json\/wp\/v2\/categories?post=56279"},{"taxonomy":"post_tag","embeddable":true,"href":"https:\/\/blog.corretoraideal.com.br\/index.php\/wp-json\/wp\/v2\/tags?post=56279"}],"curies":[{"name":"wp","href":"https:\/\/api.w.org\/{rel}","templated":true}]}}