{"id":56316,"date":"2024-01-12T14:29:43","date_gmt":"2024-01-12T14:29:43","guid":{"rendered":"https:\/\/blog.corretoraideal.com.br\/?p=56316"},"modified":"2024-01-12T14:29:43","modified_gmt":"2024-01-12T14:29:43","slug":"google-demite-centenas-de-funcionarios-em-todo-o-mundo-tecnologia-g1","status":"publish","type":"post","link":"https:\/\/blog.corretoraideal.com.br\/index.php\/2024\/01\/12\/google-demite-centenas-de-funcionarios-em-todo-o-mundo-tecnologia-g1\/","title":{"rendered":"Google demite centenas de funcion\u00e1rios em todo o mundo | Tecnologia | G1"},"content":{"rendered":"<br \/>\n<h1>Google demite centenas de funcion\u00e1rios em todo o mundo <\/h1>\n<h2>A gigante das buscas disse que vai desligar pessoas em sua unidade de assistente de voz, realidade aumentada e de hardware; dois executivos est\u00e3o deixando a empresa. <\/h2>\n<p> Por <a class=\"multi_signatures\" href=\"https:\/\/g1.globo.com\/autores\/darlan-helder\/\">Darlan Helder<\/a>, g1 <\/p>\n<p>  11\/01\/2024 09h33    Atualizado  11\/01\/2024    <\/p>\n<ul>\n<li>\n<p> A dona do Google confirmou na noite desta quarta-feira (10) o desligamento de centenas de funcion\u00e1rios globalmente. <\/p>\n<\/li>\n<li>\n<p> A empresa n\u00e3o divulgou um n\u00famero, mas disse que equipes de v\u00e1rias \u00e1reas est\u00e3o sendo afetadas. <\/p>\n<\/li>\n<li>\n<p> Al\u00e9m disso, os cofundadores da Fitbit, empresa do Google que atua no ramo de rel\u00f3gios inteligentes, tamb\u00e9m est\u00e3o deixando a gigante das buscas. <\/p>\n<\/li>\n<\/ul>\n<p> A dona do Google confirmou na noite desta quarta-feira (10) o desligamento de centenas de funcion\u00e1rios globalmente. <\/p>\n<p> A empresa n\u00e3o divulgou um n\u00famero, mas disse que equipes de v\u00e1rias \u00e1reas est\u00e3o sendo afetadas. <\/p>\n<p> Al\u00e9m disso, os cofundadores da Fitbit, empresa do Google que atua no ramo de rel\u00f3gios inteligentes, tamb\u00e9m est\u00e3o deixando a gigante das buscas. <\/p>\n<p>         1 de 1&#013;Google, tecnologia, buscas, neg\u00f3cios, business \u2014 Foto: Charles Platiau\/File Photo\/Reuters    <\/p>\n<p> Google, tecnologia, buscas, neg\u00f3cios, business \u2014 Foto: Charles Platiau\/File Photo\/Reuters <\/p>\n<p> Buscando reduzir custos, a <a class href=\"https:\/\/g1.globo.com\/tudo-sobre\/alphabet\/\">Alphabet<\/a>, dona do <a class href=\"https:\/\/g1.globo.com\/tudo-sobre\/google\/\">Google<\/a>, anunciou na noite desta quarta-feira (10) a demiss\u00e3o de centenas de funcion\u00e1rios em diversas \u00e1reas no mundo todo. <\/p>\n<p> Segundo a ag\u00eancia Reuters, o <a class href=\"https:\/\/g1.globo.com\/tudo-sobre\/google\/\">Google<\/a> disse que ainda vai desligar &quot;centenas de pessoas&quot; em sua unidade de assistente de voz (<a class href=\"https:\/\/g1.globo.com\/tudo-sobre\/google\/\">Google<\/a> Assistente), de realidade aumentada e, tamb\u00e9m, a equipe de hardware, respons\u00e1vel pelos <a class href=\"https:\/\/g1.globo.com\/tecnologia\/noticia\/2021\/10\/19\/pixel-6-primeiro-celular-com-chip-do-google-e-lancado-nos-eua.ghtml\">celulares Pixel<\/a>, linha Nest (alto-falante inteligente) e Fitbit (rel\u00f3gio inteligente). <\/p>\n<p> Muitas fun\u00e7\u00f5es na equipe central de engenharia tamb\u00e9m est\u00e3o sendo afetadas, confirmou a gigante das buscas. <\/p>\n<p> Em nota enviada ao <a class href=\"https:\/\/g1.globo.com\/\"><strong>g1<\/strong><\/a>, o <a class href=\"https:\/\/g1.globo.com\/tudo-sobre\/google\/\">Google<\/a> n\u00e3o deu detalhes do impactado das demiss\u00f5es no Brasil, mas disse que &quot;alguns times continuam a fazer parte das mudan\u00e7as organizacionais, que incluem a elimina\u00e7\u00e3o de alguns cargos globalmente&quot; (leia o posicionamento ao final da reportagem). <\/p>\n<p> Al\u00e9m disso, os cofundadores da Fitbit, James Park e Eric Friedman, est\u00e3o deixando a empresa. O <a class href=\"https:\/\/g1.globo.com\/economia\/tecnologia\/noticia\/2019\/11\/01\/google-compra-fabricante-de-relogios-e-pulseiras-inteligentes-fitbit.ghtml\">Google comprou a Fitbit, que atua no ramo monitoramento de sa\u00fade e condicionamento f\u00edsico<\/a>, por US$ 2,1 bilh\u00f5es em 2019, mas continuou lan\u00e7ando vers\u00f5es de seu Pixel Watch, um produto que concorre com alguns dos dispositivos da Fitbit e tamb\u00e9m com o Apple Watch. <\/p>\n<p> A reorganiza\u00e7\u00e3o de determinadas equipes ocorre em um momento em que empresas como a <a class href=\"https:\/\/g1.globo.com\/tudo-sobre\/microsoft\/\">Microsoft<\/a>, <a class href=\"https:\/\/g1.globo.com\/tudo-sobre\/meta\/\">Meta<\/a> (dona do Facebook, Instagram e WhatsApp) e <a class href=\"https:\/\/g1.globo.com\/tudo-sobre\/google\/\">Google<\/a> <a class href=\"https:\/\/g1.globo.com\/tecnologia\/noticia\/2023\/11\/01\/biden-assina-1o-decreto-para-regulamentar-inteligencia-artificial-nos-eua-veja-os-principais-pontos.ghtml\">apostam na crescente ado\u00e7\u00e3o da tecnologia de intelig\u00eancia artificial (IA) generativa<\/a> ap\u00f3s o sucesso do ChatGPT da OpenAI. <\/p>\n<p> No ano passado, o <a class href=\"https:\/\/g1.globo.com\/tudo-sobre\/google\/\">Google<\/a> anunciou planos para adicionar recursos de IA generativa ao seu assistente virtual. A IA permitiria que o assistente fizesse coisas como ajudar as pessoas a planejar uma viagem ou colocar os e-mails em dia e, em seguida, fazer perguntas de acompanhamento. <\/p>\n<p> Em janeiro de 2023, a <a class href=\"https:\/\/g1.globo.com\/tudo-sobre\/alphabet\/\">Alphabet<\/a> anunciou planos para cortar 12 mil empregos, o equivalente a 6% de sua for\u00e7a de trabalho global. Em setembro de 2023, ela tinha 182.381 funcion\u00e1rios em todo o mundo. <\/p>\n<p> <strong>O que diz o <\/strong><a class href=\"https:\/\/g1.globo.com\/tudo-sobre\/google\/\"><strong>Google<\/strong><\/a><strong> Brasil:<\/strong> <\/p>\n<p> &quot;Como j\u00e1 dissemos, temos investido de maneira respons\u00e1vel nas maiores prioridades de nossa companhia e nas oportunidades significativas \u00e0 frente. Para melhor nos posicionar para essas oportunidades, diversos times fizeram mudan\u00e7as na segunda metade de 2023 para se tornarem mais eficientes, alinhando recursos \u00e0s suas principais prioridades. Alguns times continuam a fazer essas mudan\u00e7as organizacionais, que incluem a elimina\u00e7\u00e3o de alguns cargos globalmente. Continuamos a oferecer suporte aos funcion\u00e1rios impactados para que eles possam buscar novas posi\u00e7\u00f5es dentro e fora do <a class href=\"https:\/\/g1.globo.com\/tudo-sobre\/google\/\">Google<\/a>&quot;. <\/p>\n<p> <strong>LEIA TAMB\u00c9M:<\/strong> <\/p>\n<ul>\n<li><a class href=\"https:\/\/g1.globo.com\/tecnologia\/noticia\/2023\/12\/06\/google-lanca-gemini-sua-ia-mais-poderosa-entenda-como-ela-vai-funcionar.ghtml\">Google lan\u00e7a Gemini, sua intelig\u00eancia artificial mais poderosa; veja como ela funciona<\/a><\/li>\n<li><a class href=\"https:\/\/g1.globo.com\/economia\/agronegocios\/noticia\/2024\/01\/10\/mark-zuckerberg-inicia-criacao-de-boi-com-a-carne-mais-cara-do-mundo-e-diz-que-rebanho-vai-beber-cerveja-e-comer-macadamia.ghtml\">Zuckerberg inicia cria\u00e7\u00e3o de boi com a carne mais cara do mundo e diz que rebanho vai beber cerveja e comer macad\u00e2mia<\/a><\/li>\n<li><a class href=\"https:\/\/g1.globo.com\/tecnologia\/noticia\/2023\/12\/13\/conteudo-18-os-bastidores-as-estrategias-e-a-rotina-de-quem-ganha-a-vida-vendendo-nudes-e-videos-de-sexo-no-onlyfans-privacy-e-afins.ghtml\">Conte\u00fado +18: os bastidores, as estrat\u00e9gias e a rotina de quem ganha a vida vendendo nudes e v\u00eddeos de sexo no OnlyFans, Privacy e afins<\/a><\/li>\n<\/ul>\n<p><h2>Como funciona o Gemini, a intelig\u00eancia artificial mais poderosa do <a class href=\"https:\/\/g1.globo.com\/tudo-sobre\/google\/\">Google<\/a><\/h2>\n<\/p>\n<p>                   <img loading=\"lazy\" decoding=\"async\" class=\"aligncenter size-full wp-image-56318\" src=\"https:\/\/blog.corretoraideal.com.br\/wp-content\/uploads\/2024\/01\/como-funciona-o-gemini-a-inteligencia-artificial-mais-poderosa-do-google-1.jpeg\" alt=\"Como funciona o Gemini, a intelig\u00eancia artificial mais poderosa do Google\" width=\"800\" height=\"400\" \/>       <\/p>\n<p> Como funciona o Gemini, a intelig\u00eancia artificial mais poderosa do Google <\/p>\n<p><h2>Jovens est\u00e3o trocando o <a class href=\"https:\/\/g1.globo.com\/tudo-sobre\/google\/\">Google<\/a> pelo TikTok na hora fazer pesquisas<\/h2>\n<\/p>\n<p>                   <img loading=\"lazy\" decoding=\"async\" class=\"aligncenter size-full wp-image-56319\" src=\"https:\/\/blog.corretoraideal.com.br\/wp-content\/uploads\/2024\/01\/jovens-estao-trocando-o-google-pelo-tiktok-na-hora-fazer-pesquisas-3.jpeg\" alt=\"Jovens est\u00e3o trocando o Google pelo TikTok na hora fazer pesquisas\" width=\"800\" height=\"400\" \/>       <\/p>\n<p> Jovens est\u00e3o trocando o Google pelo TikTok na hora fazer pesquisas <\/p>\n<p><h2>Seguran\u00e7a da informa\u00e7\u00e3o em alta: veja como entrar no setor<\/h2>\n<\/p>\n<p>                   <img loading=\"lazy\" decoding=\"async\" class=\"aligncenter size-full wp-image-56320\" src=\"https:\/\/blog.corretoraideal.com.br\/wp-content\/uploads\/2024\/01\/seguranca-da-informacao-em-alta-veja-como-entrar-no-setor.jpeg\" alt=\"Seguran\u00e7a da informa\u00e7\u00e3o em alta: veja como entrar no setor\" width=\"800\" height=\"400\" \/>       <\/p>\n<p> Seguran\u00e7a da informa\u00e7\u00e3o em alta: veja como entrar no setor <\/p>\n<ul>\n<li> <a href=\"https:\/\/g1.globo.com\/tudo-sobre\/alphabet\/\" class=\"entities__list-itemLink\" data-track-click=\"Alphabet\"> Alphabet <\/a> <\/li>\n<li> <a href=\"https:\/\/g1.globo.com\/tudo-sobre\/google\/\" class=\"entities__list-itemLink\" data-track-click=\"Google\"> Google <\/a> <\/li>\n<li> <a href=\"https:\/\/g1.globo.com\/tudo-sobre\/meta\/\" class=\"entities__list-itemLink\" data-track-click=\"Meta\"> Meta <\/a> <\/li>\n<li> <a href=\"https:\/\/g1.globo.com\/tudo-sobre\/microsoft\/\" class=\"entities__list-itemLink\" data-track-click=\"Microsoft\"> Microsoft <\/a> <\/li>\n<\/ul>\n<h3> <a id=\"js-next-article-desktop-link\" class=\"next-article-desktop-link\"><\/a> <\/h3>\n<h3> <a id=\"js-next-article-smart-link\" class=\"next-article-smart-link\"><\/a> <\/h3>\n<p>Veja tamb\u00e9m<\/p>\n<\/p>\n<\/p>\n<p>       Anterior   Pr\u00f3ximo     <\/p>\n","protected":false},"excerpt":{"rendered":"<p>Google demite centenas de funcion\u00e1rios em todo o mundo A gigante das buscas disse que vai desligar pessoas em sua unidade de assistente de voz, realidade aumentada e de hardware; dois executivos est\u00e3o deixando a empresa. Por Darlan Helder, g1 11\/01\/2024 09h33 Atualizado 11\/01\/2024 A dona do Google confirmou na noite desta quarta-feira (10) o [&hellip;]<\/p>\n","protected":false},"author":1,"featured_media":0,"comment_status":"closed","ping_status":"closed","sticky":false,"template":"","format":"standard","meta":{"footnotes":""},"categories":[],"tags":[],"class_list":["post-56316","post","type-post","status-publish","format-standard","hentry"],"_links":{"self":[{"href":"https:\/\/blog.corretoraideal.com.br\/index.php\/wp-json\/wp\/v2\/posts\/56316","targetHints":{"allow":["GET"]}}],"collection":[{"href":"https:\/\/blog.corretoraideal.com.br\/index.php\/wp-json\/wp\/v2\/posts"}],"about":[{"href":"https:\/\/blog.corretoraideal.com.br\/index.php\/wp-json\/wp\/v2\/types\/post"}],"author":[{"embeddable":true,"href":"https:\/\/blog.corretoraideal.com.br\/index.php\/wp-json\/wp\/v2\/users\/1"}],"replies":[{"embeddable":true,"href":"https:\/\/blog.corretoraideal.com.br\/index.php\/wp-json\/wp\/v2\/comments?post=56316"}],"version-history":[{"count":1,"href":"https:\/\/blog.corretoraideal.com.br\/index.php\/wp-json\/wp\/v2\/posts\/56316\/revisions"}],"predecessor-version":[{"id":56321,"href":"https:\/\/blog.corretoraideal.com.br\/index.php\/wp-json\/wp\/v2\/posts\/56316\/revisions\/56321"}],"wp:attachment":[{"href":"https:\/\/blog.corretoraideal.com.br\/index.php\/wp-json\/wp\/v2\/media?parent=56316"}],"wp:term":[{"taxonomy":"category","embeddable":true,"href":"https:\/\/blog.corretoraideal.com.br\/index.php\/wp-json\/wp\/v2\/categories?post=56316"},{"taxonomy":"post_tag","embeddable":true,"href":"https:\/\/blog.corretoraideal.com.br\/index.php\/wp-json\/wp\/v2\/tags?post=56316"}],"curies":[{"name":"wp","href":"https:\/\/api.w.org\/{rel}","templated":true}]}}