{"id":56322,"date":"2024-01-12T18:30:19","date_gmt":"2024-01-12T18:30:19","guid":{"rendered":"https:\/\/blog.corretoraideal.com.br\/?p=56322"},"modified":"2024-01-12T18:30:19","modified_gmt":"2024-01-12T18:30:19","slug":"agua-de-coco-nao-e-tudo-igual-veja-quais-tipos-podem-ser-comercializados-no-brasil-agro-de-gente-pra-gente-g1","status":"publish","type":"post","link":"https:\/\/blog.corretoraideal.com.br\/index.php\/2024\/01\/12\/agua-de-coco-nao-e-tudo-igual-veja-quais-tipos-podem-ser-comercializados-no-brasil-agro-de-gente-pra-gente-g1\/","title":{"rendered":"\u00c1gua de coco n\u00e3o \u00e9 tudo igual: veja quais tipos podem ser comercializados no Brasil | Agro de gente pra gente | G1"},"content":{"rendered":"<br \/>\n<h1>\u00c1gua de coco n\u00e3o \u00e9 tudo igual: veja quais tipos podem ser comercializados no Brasil<\/h1>\n<h2>g1 foi at\u00e9 Carneirinho, em Minas Gerais, para entender como a fruta chega nas prateleiras do supermercado. Veja tamb\u00e9m qual a diferen\u00e7a entre o suco de caixinha e de garrafa.<\/h2>\n<p> Por <a class=\"multi_signatures\" href=\"https:\/\/g1.globo.com\/autores\/vivian-souza\/\">Vivian Souza<\/a>, <a class=\"multi_signatures\" href=\"https:\/\/g1.globo.com\/autores\/celsotavares\/\">Celso Tavares<\/a>, g1 <\/p>\n<p>  12\/01\/2024 05h30    Atualizado  12\/01\/2024    <\/p>\n<p>                             <img loading=\"lazy\" decoding=\"async\" class=\"aligncenter size-full wp-image-56324\" src=\"https:\/\/blog.corretoraideal.com.br\/wp-content\/uploads\/2024\/01\/agua-de-coco-nao-e-tudo-igual-veja-quais-tipos-podem-ser-comercializados-no-brasil-1.jpeg\" alt=\"\u00c1gua de coco n\u00e3o \u00e9 tudo igual: veja quais tipos podem ser comercializados no Brasil\" width=\"800\" height=\"400\" \/>       <\/p>\n<p> \u00c1gua de coco n\u00e3o \u00e9 tudo igual: veja quais tipos podem ser comercializados no Brasil <\/p>\n<p> A \u00e1gua de coco n\u00e3o \u00e9 fraca n\u00e3o, at\u00e9 a Madonna gosta e j\u00e1 investiu em f\u00e1bricas brasileiras. Apesar de ser um s\u00edmbolo do ver\u00e3o, a bebida pode ser encontrada o ano inteiro em garrafas de vidro, pet e de papel nos supermercados &#8211; e cada embalagem interfere na sua durabilidade. <\/p>\n<p> Os rep\u00f3rteres do <a class href=\"https:\/\/g1.globo.com\/\"><strong>g1<\/strong><\/a> Vivian Souza e Celso Tavares foram at\u00e9 <a class href=\"https:\/\/g1.globo.com\/mg\/triangulo-mineiro\/cidade\/carneirinho\/\">Carneirinho<\/a>, em Minas Gerais, para entender como a bebida \u00e9 produzida.<strong> Confira no v\u00eddeo acima<\/strong>. <\/p>\n<p> O <a class href=\"https:\/\/g1.globo.com\/tudo-sobre\/ministerio-da-agricultura\/\">Minist\u00e9rio da Agricultura<\/a> e Pecu\u00e1ria (<a class href=\"https:\/\/g1.globo.com\/tudo-sobre\/ministerio-da-agricultura\/\">Mapa<\/a>) possui uma norma onde informa diferentes formas permitidas para preparar a \u00e1gua de coco para comercializa\u00e7\u00e3o, que s\u00e3o: <\/p>\n<ul>\n<li><strong>padronizada:<\/strong> com adi\u00e7\u00e3o de a\u00e7\u00facares;<\/li>\n<li><strong>concentrada:<\/strong> maior teor de a\u00e7\u00facar natural da fruta, a taxa brix;<\/li>\n<li><strong>desidratada:<\/strong> teor de umidade abaixo de 3%;<\/li>\n<li><strong>reconstitu\u00edda:<\/strong> concentrada ou desidratada com adi\u00e7\u00e3o de \u00e1gua pot\u00e1vel ou de coco.<\/li>\n<\/ul>\n<p> <strong>No epis\u00f3dio voc\u00ea vai ver tamb\u00e9m que:<\/strong> <\/p>\n<p> ?a \u00e1gua de coco fica rosa porque oxida, mas isso n\u00e3o significa que ela est\u00e1 estragada e pode ser consumida; <\/p>\n<p> ?o tipo de coqueiro que mais produz \u00e1gua \u00e9 o an\u00e3o, chamado assim por ter frutos precocemente, mas que pode atingir mais de 10 metros de altura; <\/p>\n<p> ?existem cocos de diversas cores, como o amarelo, mas, quando o assunto \u00e9 a \u00e1gua do coco verde, o Brasil \u00e9 o maior produtor do mundo. <\/p>\n<ul>\n<li><strong>DE ONDE VEM: <\/strong><a class href=\"https:\/\/g1.globo.com\/economia\/agronegocios\/agro-de-gente-pra-gente\/noticia\/2022\/08\/09\/de-onde-vem-o-que-eu-como-serie-do-g1-mostra-caminho-da-comida-ate-a-sua-mesa.ghtml\">caf\u00e9, leite, veja como s\u00e3o produzidos os alimentos<\/a><\/li>\n<li><strong>GENTE DO CAMPO: <\/strong><a class href=\"https:\/\/g1.globo.com\/economia\/agronegocios\/agro-de-gente-pra-gente\/noticia\/2022\/09\/01\/gente-do-campo-serie-do-g1-mostra-quem-faz-o-agro-do-brasil.ghtml\">conhe\u00e7a quem produz os alimentos que chegam at\u00e9 voc\u00ea<\/a><\/li>\n<\/ul>\n<p> <strong>Saiba mais:<\/strong> <\/p>\n<ul>\n<li><strong>\u00c1gua de coco ajuda a combater ressaca; <\/strong><a class href=\"https:\/\/g1.globo.com\/economia\/agronegocios\/noticia\/2023\/02\/21\/agua-de-coco-ajuda-a-combater-ressaca-nutricionista-da-dicas-para-o-pos-carnaval.ghtml\">nutricionista d\u00e1 dicas para o Carnaval<\/a><\/li>\n<li><strong>\u00c1gua de coco, polpa, leite e \u00f3leo:<\/strong><a class href=\"https:\/\/g1.globo.com\/economia\/agronegocios\/noticia\/2023\/02\/23\/agua-de-coco-polpa-leite-e-oleo-conheca-as-diferencas-nutricionais-e-os-cuidados-no-consumo.ghtml\"><strong> <\/strong>conhe\u00e7a as diferen\u00e7as nutricionais e os cuidados no consumo<\/a><\/li>\n<\/ul>\n<p><h2>Cr\u00e9ditos &#x27;De onde vem o que eu como&#x27;:<\/h2>\n<\/p>\n<ul>\n<li><strong>Coordena\u00e7\u00e3o editorial:<\/strong> Luciana de Oliveira<\/li>\n<li><strong>Edi\u00e7\u00e3o e finaliza\u00e7\u00e3o:<\/strong> Rafael Moura<\/li>\n<li><strong>Narra\u00e7\u00e3o:<\/strong> Paula Paiva<\/li>\n<li><strong>Reportagem: <\/strong>Vivian Souza e Celso Tavares<\/li>\n<li><strong>Produ\u00e7\u00e3o: <\/strong>Vivian Souza<\/li>\n<li><strong>Roteiro: <\/strong>Vivian Souza <\/li>\n<li><strong>Coordena\u00e7\u00e3o de v\u00eddeo:<\/strong> Tatiana Caldas e Mariana Mendicelli<\/li>\n<li><strong>Coordena\u00e7\u00e3o de arte: <\/strong>Guilherme Gomes<\/li>\n<li><strong>Dire\u00e7\u00e3o de arte e ilustra\u00e7\u00f5es:<\/strong> Luisa Rivas, Vitoria Coelho, e Veronica Medeiros<\/li>\n<li><strong>Fotografia:<\/strong> Celso Tavares<\/li>\n<li><strong>Motion:<\/strong> Vit\u00f3ria Coelho e Veronica Medeiros<\/li>\n<\/ul>\n<p><h2>Confira a produ\u00e7\u00e3o de outros alimentos<\/h2>\n<\/p>\n<p>                   <img loading=\"lazy\" decoding=\"async\" class=\"aligncenter size-full wp-image-56325\" src=\"https:\/\/blog.corretoraideal.com.br\/wp-content\/uploads\/2024\/01\/de-onde-vem-a-uva-de-mesa-3.jpeg\" alt=\"De onde vem a uva de mesa\" width=\"800\" height=\"400\" \/>       <\/p>\n<p> De onde vem a uva de mesa <\/p>\n<p>                    <img loading=\"lazy\" decoding=\"async\" class=\"aligncenter size-full wp-image-56326\" src=\"https:\/\/blog.corretoraideal.com.br\/wp-content\/uploads\/2024\/01\/trigo-espera-ate-um-ano-e-passa-por-mais-de-30-processos-antes-de-virar-pao-1.jpeg\" alt=\"Trigo espera at\u00e9 um ano e passa por mais de 30 processos antes de virar p\u00e3o\" width=\"800\" height=\"400\" \/>       <\/p>\n<p> Trigo espera at\u00e9 um ano e passa por mais de 30 processos antes de virar p\u00e3o <\/p>\n<p>                    <img loading=\"lazy\" decoding=\"async\" class=\"aligncenter size-full wp-image-56327\" src=\"https:\/\/blog.corretoraideal.com.br\/wp-content\/uploads\/2024\/01\/de-onde-vem-o-espumante.jpeg\" alt=\"De onde vem o espumante\" width=\"800\" height=\"400\" \/>       <\/p>\n<p> De onde vem o espumante <\/p>\n<ul>\n<li> <a href=\"https:\/\/g1.globo.com\/mg\/triangulo-mineiro\/cidade\/carneirinho\/\" class=\"entities__list-itemLink\" data-track-click=\"Carneirinho\"> Carneirinho <\/a> <\/li>\n<li> <a href=\"https:\/\/g1.globo.com\/tudo-sobre\/ministerio-da-agricultura\/\" class=\"entities__list-itemLink\" data-track-click=\"Minist\u00e9rio da Agricultura\"> Minist\u00e9rio da Agricultura <\/a> <\/li>\n<\/ul>\n<h3> <a id=\"js-next-article-desktop-link\" class=\"next-article-desktop-link\"><\/a> <\/h3>\n<h3> <a id=\"js-next-article-smart-link\" class=\"next-article-smart-link\"><\/a> <\/h3>\n<p>Veja tamb\u00e9m<\/p>\n<\/p>\n<\/p>\n<p>       Anterior   Pr\u00f3ximo     <\/p>\n","protected":false},"excerpt":{"rendered":"<p>\u00c1gua de coco n\u00e3o \u00e9 tudo igual: veja quais tipos podem ser comercializados no Brasil g1 foi at\u00e9 Carneirinho, em Minas Gerais, para entender como a fruta chega nas prateleiras do supermercado. Veja tamb\u00e9m qual a diferen\u00e7a entre o suco de caixinha e de garrafa. Por Vivian Souza, Celso Tavares, g1 12\/01\/2024 05h30 Atualizado 12\/01\/2024 [&hellip;]<\/p>\n","protected":false},"author":1,"featured_media":0,"comment_status":"closed","ping_status":"closed","sticky":false,"template":"","format":"standard","meta":{"footnotes":""},"categories":[],"tags":[],"class_list":["post-56322","post","type-post","status-publish","format-standard","hentry"],"_links":{"self":[{"href":"https:\/\/blog.corretoraideal.com.br\/index.php\/wp-json\/wp\/v2\/posts\/56322","targetHints":{"allow":["GET"]}}],"collection":[{"href":"https:\/\/blog.corretoraideal.com.br\/index.php\/wp-json\/wp\/v2\/posts"}],"about":[{"href":"https:\/\/blog.corretoraideal.com.br\/index.php\/wp-json\/wp\/v2\/types\/post"}],"author":[{"embeddable":true,"href":"https:\/\/blog.corretoraideal.com.br\/index.php\/wp-json\/wp\/v2\/users\/1"}],"replies":[{"embeddable":true,"href":"https:\/\/blog.corretoraideal.com.br\/index.php\/wp-json\/wp\/v2\/comments?post=56322"}],"version-history":[{"count":1,"href":"https:\/\/blog.corretoraideal.com.br\/index.php\/wp-json\/wp\/v2\/posts\/56322\/revisions"}],"predecessor-version":[{"id":56328,"href":"https:\/\/blog.corretoraideal.com.br\/index.php\/wp-json\/wp\/v2\/posts\/56322\/revisions\/56328"}],"wp:attachment":[{"href":"https:\/\/blog.corretoraideal.com.br\/index.php\/wp-json\/wp\/v2\/media?parent=56322"}],"wp:term":[{"taxonomy":"category","embeddable":true,"href":"https:\/\/blog.corretoraideal.com.br\/index.php\/wp-json\/wp\/v2\/categories?post=56322"},{"taxonomy":"post_tag","embeddable":true,"href":"https:\/\/blog.corretoraideal.com.br\/index.php\/wp-json\/wp\/v2\/tags?post=56322"}],"curies":[{"name":"wp","href":"https:\/\/api.w.org\/{rel}","templated":true}]}}