{"id":56356,"date":"2024-01-13T07:29:46","date_gmt":"2024-01-13T07:29:46","guid":{"rendered":"https:\/\/blog.corretoraideal.com.br\/?p=56356"},"modified":"2024-01-13T07:29:46","modified_gmt":"2024-01-13T07:29:46","slug":"espaco-mulher-cidada-abre-inscricoes-para-novas-oficinas-nesta-segunda-em-macae-no-rj-norte-fluminense-g1","status":"publish","type":"post","link":"https:\/\/blog.corretoraideal.com.br\/index.php\/2024\/01\/13\/espaco-mulher-cidada-abre-inscricoes-para-novas-oficinas-nesta-segunda-em-macae-no-rj-norte-fluminense-g1\/","title":{"rendered":"Espa\u00e7o Mulher Cidad\u00e3 abre inscri\u00e7\u00f5es para novas oficinas nesta segunda em Maca\u00e9, no RJ | Norte Fluminense | G1"},"content":{"rendered":"<br \/>\n<h1>Espa\u00e7o Mulher Cidad\u00e3 abre inscri\u00e7\u00f5es para novas oficinas nesta segunda em Maca\u00e9, no RJ<\/h1>\n<h2>Objetivo \u00e9 promover capacita\u00e7\u00e3o e diversas atividades gratuitas. As inscri\u00e7\u00f5es devem ser feitas de forma presencial, na sede da Secretaria de Pol\u00edticas para as Mulheres.<\/h2>\n<p> Por g1 &mdash; Maca\u00e9 <\/p>\n<p>  12\/01\/2024 15h31    Atualizado  12\/01\/2024    <\/p>\n<p> O Espa\u00e7o Mulher Cidad\u00e3 abrir\u00e1 inscri\u00e7\u00f5es, na pr\u00f3xima segunda-feira (15), para novas oficinas gratuitas em <a class href=\"https:\/\/g1.globo.com\/rj\/regiao-dos-lagos\/cidade\/macae\/\">Maca\u00e9<\/a>, no Norte Fluminense. <\/p>\n<p> O objetivo \u00e9 oferecer capacita\u00e7\u00e3o e diversas atividades voltadas para o empoderamento e bem-estar femininos. <\/p>\n<p> Neste primeiro trimestre do ano ser\u00e3o oferecidas vagas para as turmas de alongamento, circuito fitness, dan\u00e7a s\u00eanior, canto, defesa pessoal, al\u00e9m de fio de malha, croch\u00ea, ponto cruz e patch apliqu\u00ea. <\/p>\n<p> As inscri\u00e7\u00f5es devem ser feitas de forma presencial, na sede da Secretaria de Pol\u00edticas para as Mulheres, que fica na Rua Dr. Luiz Bellegard, 139, em Imbetiba. As aulas est\u00e3o previstas para come\u00e7arem no dia 1\u00b0 de fevereiro. <\/p>\n<p> Para se inscrever \u00e9 preciso apresentar os seguintes documentos: c\u00f3pia da identidade, CPF, comprovante de resid\u00eancia e uma foto 3&#215;4 atualizada. <\/p>\n<p> As vagas ser\u00e3o preenchidas de acordo com a disponibilidade de cada turma. <\/p>\n<p> Com as oficinas, as mulheres podem aprender uma nova atividade e ampliar a possibilidade de ganho financeiro. <\/p>\n<p> \u201cCom essas a\u00e7\u00f5es possibilitamos que as mulheres estejam inseridas nas pol\u00edticas p\u00fablicas desenvolvidas pela secretaria, conquistem sua autonomia, melhorem a autoestima e a qualidade de vida. A nossa proposta \u00e9 que o Espa\u00e7o Mulher Cidad\u00e3 seja tamb\u00e9m um local de acolhimento e estamos caminhando cada vez melhor nesse sentido\u201d, destaca a coordenadora do Espa\u00e7o Mulher Cidad\u00e3, Raquel Duarte. <\/p>\n<p><h2>Novidade deste ano<\/h2>\n<\/p>\n<p> As oficinas para a sa\u00fade e condicionamento f\u00edsico, como o alongamento e o circuito funcional, s\u00e3o novidade em 2024. <\/p>\n<p> A primeira atividade trabalha a musculatura, postura, respira\u00e7\u00e3o e mente. J\u00e1 o circuito funcionado, segundo o Espa\u00e7o Mulher, &quot;\u00e9 adaptado para todas as idades e necessidades e promove for\u00e7a, consci\u00eancia corporal, resist\u00eancia cardiorrespirat\u00f3ria e melhora da mobilidade&quot;. <\/p>\n<p> Ao longo do ano de 2023, o Espa\u00e7o Mulher Cidad\u00e3 certificou 219 mulheres e realizou 84 cursos e oficinas. <\/p>\n<ul>\n<li> <a href=\"https:\/\/g1.globo.com\/rj\/regiao-dos-lagos\/cidade\/macae\/\" class=\"entities__list-itemLink\" data-track-click=\"Maca\u00e9\"> Maca\u00e9 <\/a> <\/li>\n<\/ul>\n<h3> <a id=\"js-next-article-desktop-link\" class=\"next-article-desktop-link\"><\/a> <\/h3>\n<h3> <a id=\"js-next-article-smart-link\" class=\"next-article-smart-link\"><\/a> <\/h3>\n<p>Veja tamb\u00e9m<\/p>\n<\/p>\n<\/p>\n<p>       Anterior   Pr\u00f3ximo     <\/p>\n","protected":false},"excerpt":{"rendered":"<p>Espa\u00e7o Mulher Cidad\u00e3 abre inscri\u00e7\u00f5es para novas oficinas nesta segunda em Maca\u00e9, no RJ Objetivo \u00e9 promover capacita\u00e7\u00e3o e diversas atividades gratuitas. As inscri\u00e7\u00f5es devem ser feitas de forma presencial, na sede da Secretaria de Pol\u00edticas para as Mulheres. Por g1 &mdash; Maca\u00e9 12\/01\/2024 15h31 Atualizado 12\/01\/2024 O Espa\u00e7o Mulher Cidad\u00e3 abrir\u00e1 inscri\u00e7\u00f5es, na pr\u00f3xima [&hellip;]<\/p>\n","protected":false},"author":1,"featured_media":0,"comment_status":"closed","ping_status":"closed","sticky":false,"template":"","format":"standard","meta":{"footnotes":""},"categories":[],"tags":[],"class_list":["post-56356","post","type-post","status-publish","format-standard","hentry"],"_links":{"self":[{"href":"https:\/\/blog.corretoraideal.com.br\/index.php\/wp-json\/wp\/v2\/posts\/56356","targetHints":{"allow":["GET"]}}],"collection":[{"href":"https:\/\/blog.corretoraideal.com.br\/index.php\/wp-json\/wp\/v2\/posts"}],"about":[{"href":"https:\/\/blog.corretoraideal.com.br\/index.php\/wp-json\/wp\/v2\/types\/post"}],"author":[{"embeddable":true,"href":"https:\/\/blog.corretoraideal.com.br\/index.php\/wp-json\/wp\/v2\/users\/1"}],"replies":[{"embeddable":true,"href":"https:\/\/blog.corretoraideal.com.br\/index.php\/wp-json\/wp\/v2\/comments?post=56356"}],"version-history":[{"count":1,"href":"https:\/\/blog.corretoraideal.com.br\/index.php\/wp-json\/wp\/v2\/posts\/56356\/revisions"}],"predecessor-version":[{"id":56358,"href":"https:\/\/blog.corretoraideal.com.br\/index.php\/wp-json\/wp\/v2\/posts\/56356\/revisions\/56358"}],"wp:attachment":[{"href":"https:\/\/blog.corretoraideal.com.br\/index.php\/wp-json\/wp\/v2\/media?parent=56356"}],"wp:term":[{"taxonomy":"category","embeddable":true,"href":"https:\/\/blog.corretoraideal.com.br\/index.php\/wp-json\/wp\/v2\/categories?post=56356"},{"taxonomy":"post_tag","embeddable":true,"href":"https:\/\/blog.corretoraideal.com.br\/index.php\/wp-json\/wp\/v2\/tags?post=56356"}],"curies":[{"name":"wp","href":"https:\/\/api.w.org\/{rel}","templated":true}]}}