{"id":56359,"date":"2024-01-13T09:29:47","date_gmt":"2024-01-13T09:29:47","guid":{"rendered":"https:\/\/blog.corretoraideal.com.br\/?p=56359"},"modified":"2024-01-13T09:29:47","modified_gmt":"2024-01-13T09:29:47","slug":"lideres-do-congresso-sugerem-a-fazenda-reducao-em-fundo-eleitoral-e-mais-tributos-a-marketplaces-para-compensar-desoneracao-blog-ana-flor-g1","status":"publish","type":"post","link":"https:\/\/blog.corretoraideal.com.br\/index.php\/2024\/01\/13\/lideres-do-congresso-sugerem-a-fazenda-reducao-em-fundo-eleitoral-e-mais-tributos-a-marketplaces-para-compensar-desoneracao-blog-ana-flor-g1\/","title":{"rendered":"L\u00edderes do Congresso sugerem \u00e0 Fazenda redu\u00e7\u00e3o em fundo eleitoral e mais tributos a &#039;marketplaces&#039; para compensar desonera\u00e7\u00e3o | Blog Ana Flor | G1"},"content":{"rendered":"<br \/>\n<h1>L\u00edderes do Congresso sugerem \u00e0 Fazenda redu\u00e7\u00e3o em fundo eleitoral e mais tributos a &#039;marketplaces&#039; para compensar desonera\u00e7\u00e3o<\/h1>\n<p> Por <a class=\"multi_signatures\" href=\"https:\/\/g1.globo.com\/autores\/ana-flor\/\">Ana Flor<\/a>, Fernanda Tavares, g1 e GloboNews &mdash; Bras\u00edlia <\/p>\n<p>  12\/01\/2024 21h58    Atualizado  12\/01\/2024    <\/p>\n<p> Para resolver o imbr\u00f3glio entre o <a class href=\"https:\/\/g1.globo.com\/tudo-sobre\/congresso-nacional\/\">Congresso Nacional<\/a> e o <a class href=\"https:\/\/g1.globo.com\/tudo-sobre\/ministerio-da-fazenda\/\">Minist\u00e9rio da Fazenda<\/a> em torno da desonera\u00e7\u00e3o da folha, sem uma nova derrota para o governo \u2013 depois da derrubada do veto de Lula sobre o tema \u2013, l\u00edderes de partidos aliados sugeriram \u00e0 equipe econ\u00f4mica duas medidas pol\u00eamicas: a redu\u00e7\u00e3o do fundo eleitoral e uma nova taxa\u00e7\u00e3o para produtos vendidos pelos chamados &quot;marketplaces&quot;, como os sites chineses (<strong>entenda mais abaixo<\/strong>). <\/p>\n<p> As sugest\u00f5es foram feitas em reuni\u00f5es com o secret\u00e1rio-executivo da Fazenda, Dario Duringan, que est\u00e1 como ministro interino at\u00e9 a volta de f\u00e9rias de Fernando Haddad. As medidas ajudariam a compensar a perda que a Fazenda estima de R$ 6 bilh\u00f5es neste ano. <\/p>\n<p> <a class href=\"https:\/\/g1.globo.com\/politica\/noticia\/2023\/12\/14\/senado-vota-pela-derrubada-do-veto-a-desoneracao-da-folha-de-pagamentos-camara-ainda-vai-analisar.ghtml\">Em dezembro, o Congresso derrubou, por ampla maioria, o veto do presidente<\/a> <a class href=\"https:\/\/g1.globo.com\/tudo-sobre\/luiz-inacio-lula-da-silva\/\">Luiz In\u00e1cio Lula da Silva<\/a> ao projeto que prorrogou a desonera\u00e7\u00e3o de 17 setores da economia. No fim do ano passado, j\u00e1 dentro do recesso parlamentar, o governo <a class href=\"https:\/\/g1.globo.com\/politica\/noticia\/2023\/12\/29\/governo-publica-medida-provisoria-para-tentar-zerar-o-deficit-das-contas-publicas-em-2024.ghtml\">editou uma medida provis\u00f3ria (MP) que prev\u00ea uma reonera\u00e7\u00e3o gradual desses setores.<\/a> <\/p>\n<p>                   <img loading=\"lazy\" decoding=\"async\" class=\"aligncenter size-full wp-image-56361\" src=\"https:\/\/blog.corretoraideal.com.br\/wp-content\/uploads\/2024\/01\/para-compensar-desoneracao-lideres-do-apresentam-duas-medidas-polemicas.jpeg\" alt=\"Para compensar desonera\u00e7\u00e3o, l\u00edderes do apresentam duas medidas pol\u00eamicas\" width=\"800\" height=\"400\" \/>       <\/p>\n<p> Para compensar desonera\u00e7\u00e3o, l\u00edderes do apresentam duas medidas pol\u00eamicas <\/p>\n<p> A publica\u00e7\u00e3o da MP indignou lideran\u00e7as do governo no Congresso e resultou em sucessivos pedidos para que o presidente do Senado, <a class href=\"https:\/\/g1.globo.com\/tudo-sobre\/rodrigo-pacheco\/\">Rodrigo Pacheco<\/a> (PSD-MG), devolva o texto ao governo \u2013 medida dura e que expressa desprest\u00edgio do Executivo. <\/p>\n<p> Pacheco, que esteve com Lula para tratar do assunto, afirmou que vai esperar a volta de Haddad, na pr\u00f3xima segunda-feira (15), para debater o tema. Segundo ele, o Legislativo buscar\u00e1 uma \u201csolu\u00e7\u00e3o de arrecada\u00e7\u00e3o sustent\u00e1vel\u201d. <\/p>\n<p> Entenda com mais detalhes as medidas sugeridas na \u00faltima reuni\u00e3o de l\u00edderes, nesta ter\u00e7a-feira (9): <\/p>\n<ul>\n<li><strong>aumentar a taxa\u00e7\u00e3o de compras em marketplaces,<\/strong> que s\u00e3o sites de vendas internacionais pela internet, como Shein, Aliexpress e Shopee. Essa medida \u00e9 vista como impopular, uma vez que esses sites t\u00eam apelo junto \u00e0 popula\u00e7\u00e3o, em especial ao p\u00fablico jovem. <\/li>\n<li><strong>redu\u00e7\u00e3o do fundo eleitoral,<\/strong> que tamb\u00e9m parece pouco prov\u00e1vel, j\u00e1 que essa diminui\u00e7\u00e3o desagrada da esquerda \u00e0 extrema direita no Congresso. <\/li>\n<\/ul>\n<p> O l\u00edder do governo, <a class href=\"https:\/\/g1.globo.com\/tudo-sobre\/jaques-wagner\/\">Jaques Wagner<\/a> (PT-BA) afirmou que Lula sabe das dificuldades em discutir o tema e que vai negociar para avan\u00e7ar com a discuss\u00e3o no Legislativo. <\/p>\n<ul>\n<li> <a href=\"https:\/\/g1.globo.com\/tudo-sobre\/congresso-nacional\/\" class=\"entities__list-itemLink\" data-track-click=\"Congresso Nacional\"> Congresso Nacional <\/a> <\/li>\n<li> <a href=\"https:\/\/g1.globo.com\/tudo-sobre\/jaques-wagner\/\" class=\"entities__list-itemLink\" data-track-click=\"Jaques Wagner\"> Jaques Wagner <\/a> <\/li>\n<li> <a href=\"https:\/\/g1.globo.com\/tudo-sobre\/luiz-inacio-lula-da-silva\/\" class=\"entities__list-itemLink\" data-track-click=\"Luiz In\u00e1cio Lula da Silva\"> Luiz In\u00e1cio Lula da Silva <\/a> <\/li>\n<li> <a href=\"https:\/\/g1.globo.com\/tudo-sobre\/ministerio-da-fazenda\/\" class=\"entities__list-itemLink\" data-track-click=\"Minist\u00e9rio da Fazenda\"> Minist\u00e9rio da Fazenda <\/a> <\/li>\n<li> <a href=\"https:\/\/g1.globo.com\/tudo-sobre\/rodrigo-pacheco\/\" class=\"entities__list-itemLink\" data-track-click=\"Rodrigo Pacheco\"> Rodrigo Pacheco <\/a> <\/li>\n<\/ul>\n<h3> <a id=\"js-next-article-desktop-link\" class=\"next-article-desktop-link\"><\/a> <\/h3>\n<h3> <a id=\"js-next-article-smart-link\" class=\"next-article-smart-link\"><\/a> <\/h3>\n<p>Veja tamb\u00e9m<\/p>\n<\/p>\n<\/p>\n<p>       Anterior   Pr\u00f3ximo     <\/p>\n","protected":false},"excerpt":{"rendered":"<p>L\u00edderes do Congresso sugerem \u00e0 Fazenda redu\u00e7\u00e3o em fundo eleitoral e mais tributos a &#039;marketplaces&#039; para compensar desonera\u00e7\u00e3o Por Ana Flor, Fernanda Tavares, g1 e GloboNews &mdash; Bras\u00edlia 12\/01\/2024 21h58 Atualizado 12\/01\/2024 Para resolver o imbr\u00f3glio entre o Congresso Nacional e o Minist\u00e9rio da Fazenda em torno da desonera\u00e7\u00e3o da folha, sem uma nova derrota [&hellip;]<\/p>\n","protected":false},"author":1,"featured_media":0,"comment_status":"closed","ping_status":"closed","sticky":false,"template":"","format":"standard","meta":{"footnotes":""},"categories":[],"tags":[],"class_list":["post-56359","post","type-post","status-publish","format-standard","hentry"],"_links":{"self":[{"href":"https:\/\/blog.corretoraideal.com.br\/index.php\/wp-json\/wp\/v2\/posts\/56359","targetHints":{"allow":["GET"]}}],"collection":[{"href":"https:\/\/blog.corretoraideal.com.br\/index.php\/wp-json\/wp\/v2\/posts"}],"about":[{"href":"https:\/\/blog.corretoraideal.com.br\/index.php\/wp-json\/wp\/v2\/types\/post"}],"author":[{"embeddable":true,"href":"https:\/\/blog.corretoraideal.com.br\/index.php\/wp-json\/wp\/v2\/users\/1"}],"replies":[{"embeddable":true,"href":"https:\/\/blog.corretoraideal.com.br\/index.php\/wp-json\/wp\/v2\/comments?post=56359"}],"version-history":[{"count":1,"href":"https:\/\/blog.corretoraideal.com.br\/index.php\/wp-json\/wp\/v2\/posts\/56359\/revisions"}],"predecessor-version":[{"id":56362,"href":"https:\/\/blog.corretoraideal.com.br\/index.php\/wp-json\/wp\/v2\/posts\/56359\/revisions\/56362"}],"wp:attachment":[{"href":"https:\/\/blog.corretoraideal.com.br\/index.php\/wp-json\/wp\/v2\/media?parent=56359"}],"wp:term":[{"taxonomy":"category","embeddable":true,"href":"https:\/\/blog.corretoraideal.com.br\/index.php\/wp-json\/wp\/v2\/categories?post=56359"},{"taxonomy":"post_tag","embeddable":true,"href":"https:\/\/blog.corretoraideal.com.br\/index.php\/wp-json\/wp\/v2\/tags?post=56359"}],"curies":[{"name":"wp","href":"https:\/\/api.w.org\/{rel}","templated":true}]}}