{"id":56366,"date":"2024-01-13T14:30:05","date_gmt":"2024-01-13T14:30:05","guid":{"rendered":"https:\/\/blog.corretoraideal.com.br\/?p=56366"},"modified":"2024-01-13T14:30:05","modified_gmt":"2024-01-13T14:30:05","slug":"com-inflacao-mais-baixa-teto-para-aposentadorias-do-inss-tera-menor-reajuste-desde-2019-economia-g1","status":"publish","type":"post","link":"https:\/\/blog.corretoraideal.com.br\/index.php\/2024\/01\/13\/com-inflacao-mais-baixa-teto-para-aposentadorias-do-inss-tera-menor-reajuste-desde-2019-economia-g1\/","title":{"rendered":"Com infla\u00e7\u00e3o mais baixa, teto para aposentadorias do INSS ter\u00e1 menor reajuste desde 2019 | Economia | G1"},"content":{"rendered":"<br \/>\n<h1>Com infla\u00e7\u00e3o mais baixa, teto para aposentadorias do INSS ter\u00e1 menor reajuste desde 2019<\/h1>\n<h2>Benefici\u00e1rios que recebem acima do sal\u00e1rio m\u00ednimo t\u00eam pens\u00f5es ou aposentadores reajustadas pelo INPC, que ficou em 3,71% em 2023 \u2013 a menor varia\u00e7\u00e3o desde 2018. Teto pode chegar a R$ 7.786.<\/h2>\n<p> Por <a class=\"multi_signatures\" href=\"https:\/\/g1.globo.com\/autores\/lais-carregosa\/\">Lais Carregosa<\/a>, g1 &mdash; Bras\u00edlia <\/p>\n<p>  11\/01\/2024 19h46    Atualizado  11\/01\/2024    <\/p>\n<ul>\n<li>\n<p> O teto para pensionistas e aposentados do Instituto Nacional de Seguro Social (INSS) pode chegar a R$ 7.786 em 2024 <\/p>\n<\/li>\n<li>\n<p> Em 2023, o teto ficou em R$ 7.507 <\/p>\n<\/li>\n<li>\n<p> Os valores s\u00e3o reajustados anualmente pelo \u00cdndice Nacional de Pre\u00e7os ao Consumidor (INPC), que acumulou alta de 3,71% de janeiro a dezembro de 2023 <\/p>\n<\/li>\n<li>\n<p> Essa \u00e9 a menor varia\u00e7\u00e3o desde 2018 para o INPC e, portanto, ser\u00e1 o menor reajuste para os benef\u00edcios acima do m\u00ednimo desde 2019 <\/p>\n<\/li>\n<\/ul>\n<p> O teto para pensionistas e aposentados do Instituto Nacional de Seguro Social (INSS) pode chegar a R$ 7.786 em 2024 <\/p>\n<p> Em 2023, o teto ficou em R$ 7.507 <\/p>\n<p> Os valores s\u00e3o reajustados anualmente pelo \u00cdndice Nacional de Pre\u00e7os ao Consumidor (INPC), que acumulou alta de 3,71% de janeiro a dezembro de 2023 <\/p>\n<p> Essa \u00e9 a menor varia\u00e7\u00e3o desde 2018 para o INPC e, portanto, ser\u00e1 o menor reajuste para os benef\u00edcios acima do m\u00ednimo desde 2019 <\/p>\n<p>         1 de 2&#013;Benefici\u00e1rios aguardam atendimento em ag\u00eancia do Instituto Nacional do Seguro Social (INSS) \u2014 Foto: Ant\u00f4nio Cruz\/Ag\u00eancia Brasil    <\/p>\n<p> Benefici\u00e1rios aguardam atendimento em ag\u00eancia do Instituto Nacional do Seguro Social (INSS) \u2014 Foto: Ant\u00f4nio Cruz\/Ag\u00eancia Brasil <\/p>\n<p> O teto para pensionistas e aposentados do Instituto Nacional de Seguro Social (<a class href=\"https:\/\/g1.globo.com\/tudo-sobre\/inss\/\">INSS<\/a>) pode chegar a R$ 7.786 em 2024, contra R$ 7.507 em 2023. <\/p>\n<p> Os valores s\u00e3o reajustados anualmente pelo \u00cdndice Nacional de Pre\u00e7os ao Consumidor (INPC), que acumulou alta de 3,71% de janeiro a dezembro de 2023, segundo dados divulgados pelo Instituto Brasileiro de Geografia e Estat\u00edstica (<a class href=\"https:\/\/g1.globo.com\/tudo-sobre\/ibge\/\">IBGE<\/a>) nesta quinta-feira (11). <\/p>\n<p> Essa \u00e9 a menor varia\u00e7\u00e3o desde 2018 para o INPC e, portanto, ser\u00e1 o<strong> menor reajuste para os benef\u00edcios acima do m\u00ednimo desde 2019<\/strong> \u2013 os reajustes s\u00e3o com base no INPC do ano anterior. <\/p>\n<p> O reajuste ser\u00e1 aplicado a partir de 1\u00ba de fevereiro. Mas, para quem come\u00e7ou a receber o benef\u00edcio em 2023, o valor ser\u00e1 proporcional ao INPC acumulado no per\u00edodo. <\/p>\n<p> Atualmente, a Previd\u00eancia atende a 39 milh\u00f5es de benefici\u00e1rios, dos quais 26 milh\u00f5es recebem o sal\u00e1rio m\u00ednimo, que ser\u00e1 de R$ 1.412 em 2024. <\/p>\n<p> O novo valor do sal\u00e1rio m\u00ednimo entrou em vigor em 1\u00ba de janeiro. Ou seja, quem recebe benef\u00edcios vinculados a esse valor, como o seguro-desemprego e o Benef\u00edcio de Presta\u00e7\u00e3o Continuada (BPC), j\u00e1 recebe o total reajustado no in\u00edcio de fevereiro. <\/p>\n<p>         2 de 2&#013;Calend\u00e1rio de pagamentos de benef\u00edcios do INSS em 2024 \u2014 Foto: Reprodu\u00e7\u00e3o\/INSS    <\/p>\n<p> Calend\u00e1rio de pagamentos de benef\u00edcios do INSS em 2024 \u2014 Foto: Reprodu\u00e7\u00e3o\/INSS <\/p>\n<p><h2>Confira o calend\u00e1rio de pagamentos <\/h2>\n<\/p>\n<p> O calend\u00e1rio de pagamento a aposentados e pensionistas do INSS foi divulgado pelo instituto ainda no final de dezembro. O pagamento \u00e9 feito de acordo com o \u00faltimo n\u00famero do cart\u00e3o do benef\u00edcio, sem contar com o d\u00edgito verificador depois do tra\u00e7o. <\/p>\n<p> Para quem recebe at\u00e9 um sal\u00e1rio m\u00ednimo, o pagamento de janeiro, j\u00e1 reajustado, ser\u00e1 feito entre os dias 25 de janeiro e 7 de fevereiro, de acordo com o n\u00famero final. <\/p>\n<p> J\u00e1 quem recebe acima do piso nacional ter\u00e1 o pagamento de janeiro disponibilizado em 1\u00ba de fevereiro. <\/p>\n<p><h2>Como consultar os valores <\/h2>\n<\/p>\n<ul>\n<li>Central 135 \u2013 quem n\u00e3o tem acesso \u00e0 internet pode ligar para 135, informar o n\u00famero de CPF e confirmar algumas informa\u00e7\u00f5es cadastrais. O atendimento \u00e9 feito de segunda-feira a s\u00e1bado, das 7h \u00e0s 22h<\/li>\n<li>Site Meu INSS \u2013 basta acessar o endere\u00e7o<a class href=\"https:\/\/meu.inss.gov.br\/\" target=\"_blank\" rel=\"noopener noreferrer\"> https:\/\/meu.inss.gov.br\/<\/a>, fazer login e clicar no servi\u00e7o \u201cExtrato de Pagamento\u201d<\/li>\n<li>Aplicativo Meu INSS \u2013 para ter acesso, \u00e9 preciso baixar o aplicativo, dispon\u00edvel para Android e IOS, e fazer login<\/li>\n<\/ul>\n<ul>\n<li> <a href=\"https:\/\/g1.globo.com\/tudo-sobre\/ibge\/\" class=\"entities__list-itemLink\" data-track-click=\"IBGE\"> IBGE <\/a> <\/li>\n<li> <a href=\"https:\/\/g1.globo.com\/tudo-sobre\/inss\/\" class=\"entities__list-itemLink\" data-track-click=\"INSS\"> INSS <\/a> <\/li>\n<\/ul>\n<h3> <a id=\"js-next-article-desktop-link\" class=\"next-article-desktop-link\"><\/a> <\/h3>\n<h3> <a id=\"js-next-article-smart-link\" class=\"next-article-smart-link\"><\/a> <\/h3>\n<p>Veja tamb\u00e9m<\/p>\n<\/p>\n<\/p>\n<p>       Anterior   Pr\u00f3ximo     <\/p>\n","protected":false},"excerpt":{"rendered":"<p>Com infla\u00e7\u00e3o mais baixa, teto para aposentadorias do INSS ter\u00e1 menor reajuste desde 2019 Benefici\u00e1rios que recebem acima do sal\u00e1rio m\u00ednimo t\u00eam pens\u00f5es ou aposentadores reajustadas pelo INPC, que ficou em 3,71% em 2023 \u2013 a menor varia\u00e7\u00e3o desde 2018. Teto pode chegar a R$ 7.786. Por Lais Carregosa, g1 &mdash; Bras\u00edlia 11\/01\/2024 19h46 Atualizado [&hellip;]<\/p>\n","protected":false},"author":1,"featured_media":0,"comment_status":"closed","ping_status":"closed","sticky":false,"template":"","format":"standard","meta":{"footnotes":""},"categories":[],"tags":[],"class_list":["post-56366","post","type-post","status-publish","format-standard","hentry"],"_links":{"self":[{"href":"https:\/\/blog.corretoraideal.com.br\/index.php\/wp-json\/wp\/v2\/posts\/56366","targetHints":{"allow":["GET"]}}],"collection":[{"href":"https:\/\/blog.corretoraideal.com.br\/index.php\/wp-json\/wp\/v2\/posts"}],"about":[{"href":"https:\/\/blog.corretoraideal.com.br\/index.php\/wp-json\/wp\/v2\/types\/post"}],"author":[{"embeddable":true,"href":"https:\/\/blog.corretoraideal.com.br\/index.php\/wp-json\/wp\/v2\/users\/1"}],"replies":[{"embeddable":true,"href":"https:\/\/blog.corretoraideal.com.br\/index.php\/wp-json\/wp\/v2\/comments?post=56366"}],"version-history":[{"count":1,"href":"https:\/\/blog.corretoraideal.com.br\/index.php\/wp-json\/wp\/v2\/posts\/56366\/revisions"}],"predecessor-version":[{"id":56368,"href":"https:\/\/blog.corretoraideal.com.br\/index.php\/wp-json\/wp\/v2\/posts\/56366\/revisions\/56368"}],"wp:attachment":[{"href":"https:\/\/blog.corretoraideal.com.br\/index.php\/wp-json\/wp\/v2\/media?parent=56366"}],"wp:term":[{"taxonomy":"category","embeddable":true,"href":"https:\/\/blog.corretoraideal.com.br\/index.php\/wp-json\/wp\/v2\/categories?post=56366"},{"taxonomy":"post_tag","embeddable":true,"href":"https:\/\/blog.corretoraideal.com.br\/index.php\/wp-json\/wp\/v2\/tags?post=56366"}],"curies":[{"name":"wp","href":"https:\/\/api.w.org\/{rel}","templated":true}]}}