{"id":56369,"date":"2024-01-13T17:29:38","date_gmt":"2024-01-13T17:29:38","guid":{"rendered":"https:\/\/blog.corretoraideal.com.br\/?p=56369"},"modified":"2024-01-13T17:29:38","modified_gmt":"2024-01-13T17:29:38","slug":"comerciante-e-morto-a-tiros-em-mercado-na-praia-do-farol-em-campos-norte-fluminense-g1","status":"publish","type":"post","link":"https:\/\/blog.corretoraideal.com.br\/index.php\/2024\/01\/13\/comerciante-e-morto-a-tiros-em-mercado-na-praia-do-farol-em-campos-norte-fluminense-g1\/","title":{"rendered":"Comerciante \u00e9 morto a tiros em mercado na praia do Farol, em Campos | Norte Fluminense | G1"},"content":{"rendered":"<br \/>\n<h1>Comerciante \u00e9 morto a tiros em mercado na praia do Farol, em Campos<\/h1>\n<h2>Crime ocorreu na manh\u00e3 deste s\u00e1bado (13). Segundo a Pol\u00edcia Militar, disparos contra foram feitos por dois homens que chegaram de moto no local. Eles s\u00e3o procurados.<\/h2>\n<p> Por g1 &mdash; Campos <\/p>\n<p>  13\/01\/2024 13h04    Atualizado  13\/01\/2024    <\/p>\n<p>                      1 de 1&#013;Crime ocorreu em hor\u00e1rio de grande movimenta\u00e7\u00e3o de pessoas no com\u00e9rcio da Praia do Farol, em Campos \u2014 Foto: Reprodu\u00e7\u00e3o redes sociais    <\/p>\n<p> Crime ocorreu em hor\u00e1rio de grande movimenta\u00e7\u00e3o de pessoas no com\u00e9rcio da Praia do Farol, em Campos \u2014 Foto: Reprodu\u00e7\u00e3o redes sociais <\/p>\n<p> Um comerciante foi morto a tiros na manh\u00e3 deste s\u00e1bado (13) na Praia do Farol, em <a class href=\"https:\/\/g1.globo.com\/rj\/norte-fluminense\/cidade\/campos-dos-goytacazes\/\">Campos dos Goytacazes<\/a>, no Norte Fluminense. <\/p>\n<p> Segundo a Pol\u00edcia Militar, dois homens chegaram de moto e dispararam contra Amaro Nilton de Souza, que estava em seu estabelecimento. <\/p>\n<p> Moradores disseram que a v\u00edtima trata-se de um comerciante antigo da regi\u00e3o. <\/p>\n<p> O crime ocorreu em hor\u00e1rio de grande movimenta\u00e7\u00e3o de pessoas no com\u00e9rcio local. <\/p>\n<p> Os criminosos fugiram e buscas est\u00e3o sendo realizadas pela pol\u00edcia. <\/p>\n<ul>\n<li> <a href=\"https:\/\/g1.globo.com\/rj\/norte-fluminense\/cidade\/campos-dos-goytacazes\/\" class=\"entities__list-itemLink\" data-track-click=\"Campos dos Goytacazes\"> Campos dos Goytacazes <\/a> <\/li>\n<\/ul>\n<h3> <a id=\"js-next-article-desktop-link\" class=\"next-article-desktop-link\"><\/a> <\/h3>\n<h3> <a id=\"js-next-article-smart-link\" class=\"next-article-smart-link\"><\/a> <\/h3>\n<p>Veja tamb\u00e9m<\/p>\n<\/p>\n<\/p>\n<p>       Anterior   Pr\u00f3ximo     <\/p>\n","protected":false},"excerpt":{"rendered":"<p>Comerciante \u00e9 morto a tiros em mercado na praia do Farol, em Campos Crime ocorreu na manh\u00e3 deste s\u00e1bado (13). Segundo a Pol\u00edcia Militar, disparos contra foram feitos por dois homens que chegaram de moto no local. Eles s\u00e3o procurados. Por g1 &mdash; Campos 13\/01\/2024 13h04 Atualizado 13\/01\/2024 1 de 1&#013;Crime ocorreu em hor\u00e1rio de [&hellip;]<\/p>\n","protected":false},"author":1,"featured_media":0,"comment_status":"closed","ping_status":"closed","sticky":false,"template":"","format":"standard","meta":{"footnotes":""},"categories":[],"tags":[],"class_list":["post-56369","post","type-post","status-publish","format-standard","hentry"],"_links":{"self":[{"href":"https:\/\/blog.corretoraideal.com.br\/index.php\/wp-json\/wp\/v2\/posts\/56369","targetHints":{"allow":["GET"]}}],"collection":[{"href":"https:\/\/blog.corretoraideal.com.br\/index.php\/wp-json\/wp\/v2\/posts"}],"about":[{"href":"https:\/\/blog.corretoraideal.com.br\/index.php\/wp-json\/wp\/v2\/types\/post"}],"author":[{"embeddable":true,"href":"https:\/\/blog.corretoraideal.com.br\/index.php\/wp-json\/wp\/v2\/users\/1"}],"replies":[{"embeddable":true,"href":"https:\/\/blog.corretoraideal.com.br\/index.php\/wp-json\/wp\/v2\/comments?post=56369"}],"version-history":[{"count":1,"href":"https:\/\/blog.corretoraideal.com.br\/index.php\/wp-json\/wp\/v2\/posts\/56369\/revisions"}],"predecessor-version":[{"id":56371,"href":"https:\/\/blog.corretoraideal.com.br\/index.php\/wp-json\/wp\/v2\/posts\/56369\/revisions\/56371"}],"wp:attachment":[{"href":"https:\/\/blog.corretoraideal.com.br\/index.php\/wp-json\/wp\/v2\/media?parent=56369"}],"wp:term":[{"taxonomy":"category","embeddable":true,"href":"https:\/\/blog.corretoraideal.com.br\/index.php\/wp-json\/wp\/v2\/categories?post=56369"},{"taxonomy":"post_tag","embeddable":true,"href":"https:\/\/blog.corretoraideal.com.br\/index.php\/wp-json\/wp\/v2\/tags?post=56369"}],"curies":[{"name":"wp","href":"https:\/\/api.w.org\/{rel}","templated":true}]}}