{"id":56372,"date":"2024-01-13T22:29:40","date_gmt":"2024-01-13T22:29:40","guid":{"rendered":"https:\/\/blog.corretoraideal.com.br\/?p=56372"},"modified":"2024-01-13T22:29:40","modified_gmt":"2024-01-13T22:29:40","slug":"adolescente-morre-em-acidente-no-es-no-dia-do-aniversario-de-17-anos-sul-do-es-g1","status":"publish","type":"post","link":"https:\/\/blog.corretoraideal.com.br\/index.php\/2024\/01\/13\/adolescente-morre-em-acidente-no-es-no-dia-do-aniversario-de-17-anos-sul-do-es-g1\/","title":{"rendered":"Adolescente morre em acidente no ES no dia do anivers\u00e1rio de 17 anos | Sul do ES | G1"},"content":{"rendered":"<br \/>\n<h1>Adolescente morre em acidente no ES no dia do anivers\u00e1rio de 17 anos<\/h1>\n<h2>Segundo testemunhas, Maria Eduarda de Oliveira Cordeiro estava com uma mulher de 25 anos em uma moto com a parte traseira apagada. O acidente aconteceu em uma rodovia estadual em Presidente Kennedy, no Sul do Esp\u00edrito Santo. <\/h2>\n<p> Por g1 ES e TV Gazeta <\/p>\n<p>  13\/01\/2024 17h18    Atualizado  13\/01\/2024    <\/p>\n<p>                      1 de 3&#013;Maria Eduarda morreu em acidente no Esp\u00edrito Santo no dia em que ia completar 17 anos \u2014 Foto: Reprodu\u00e7\u00e3o\/Redes sociais    <\/p>\n<p> Maria Eduarda morreu em acidente no Esp\u00edrito Santo no dia em que ia completar 17 anos \u2014 Foto: Reprodu\u00e7\u00e3o\/Redes sociais <\/p>\n<p> Uma adolescente morreu em um acidente na noite de quinta-feira (11) na ES 162, rodovia estadual em <a class href=\"https:\/\/g1.globo.com\/es\/espirito-santo\/cidade\/presidente-kennedy-es\/\">Presidente Kennedy<\/a>, no Sul do Esp\u00edrito Santo, no dia em que completaria 17 anos de idade. Maria Eduarda de Oliveira Cordeiro estava em uma moto quando foi atingida por um carro. <\/p>\n<ul>\n<li><a class href=\"https:\/\/api.whatsapp.com\/send?text=https:\/\/g1.globo.com\/es\/espirito-santo\/sul-es\/noticia\/2024\/01\/13\/adolescente-morre-em-acidente-no-es-no-dia-do-aniversario-de-17-anos.ghtml?utm_source%3Dwhatsapp%26utm_medium%3Dshare-engagement%26utm_campaign%3Dte-materias\" target=\"_blank\" rel=\"noopener noreferrer\"><strong>Compartilhe no WhatsApp<\/strong><\/a><\/li>\n<li><a class href=\"https:\/\/telegram.me\/share\/url?url=https:\/\/g1.globo.com\/es\/espirito-santo\/sul-es\/noticia\/2024\/01\/13\/adolescente-morre-em-acidente-no-es-no-dia-do-aniversario-de-17-anos.ghtml?utm_source%3Dtelegram%26utm_medium%3Dshare-engagement%26utm_campaign%3Dte-materias\" target=\"_blank\" rel=\"noopener noreferrer\"><strong>Compartilhe no Telegram<\/strong><\/a><\/li>\n<\/ul>\n<p> A informa\u00e7\u00e3o da data de anivers\u00e1rio foi confirmada por amigos da comunidade da zona rural de Santo Eduardo, onde Maria Eduarda morava. Segundo a Pol\u00edcia Militar, al\u00e9m da adolescente, uma outra v\u00edtima de 25 anos foi atingida. <\/p>\n<p> <a class href=\"https:\/\/www.whatsapp.com\/channel\/0029Va5mp2qAO7RD4Mec1M0Z\" target=\"_blank\" rel=\"noopener noreferrer\"><strong>? Clique aqui para seguir o canal do g1 ES no WhatsApp<\/strong><\/a> <\/p>\n<p> Um m\u00e9dico que atendia as v\u00edtimas no local contou para a pol\u00edcia que uma mulher de 25 anos, havia sido socorrida pela ambul\u00e2ncia do Pronto Atendimento, enquanto uma adolescente, de 17 anos, estava em \u00f3bito. <\/p>\n<p>         2 de 3&#013;Adolescente morava em Presidente Kennedy, no Sul do Esp\u00edrito Santo \u2014 Foto: Reprodu\u00e7\u00e3o\/Redes sociais    <\/p>\n<p> Adolescente morava em Presidente Kennedy, no Sul do Esp\u00edrito Santo \u2014 Foto: Reprodu\u00e7\u00e3o\/Redes sociais <\/p>\n<p> De acordo com testemunhas, as v\u00edtimas estava em uma moto e a parte traseira do ve\u00edculo estava totalmente apagada. Um carro, que seguia no mesmo sentido de dire\u00e7\u00e3o, bateu na traseira da motocicleta. <\/p>\n<p> <strong>LEIA TAMB\u00c9M:<\/strong> <\/p>\n<ul>\n<li><a class href=\"https:\/\/g1.globo.com\/es\/espirito-santo\/noticia\/2024\/01\/12\/do-alto-do-convento-da-penha-no-es-empresario-joga-cinzas-de-influencer-morta-durante-lipoaspiracao.ghtml\"><strong>V\u00cdDEO: Do alto do Convento da Penha, no ES, empres\u00e1rio joga cinzas de influencer morta durante lipoaspira\u00e7\u00e3o<\/strong><\/a><\/li>\n<\/ul>\n<p> O motorista do carro saiu do local, mas solicitou socorro \u00e0s v\u00edtimas. Ele foi para <a class href=\"https:\/\/g1.globo.com\/es\/espirito-santo\/cidade\/cachoeiro-de-itapemirim\/\">Cachoeiro de Itapemirim<\/a> em busca de atendimento m\u00e9dico e depois procurou a pol\u00edcia em Presidente Kennedy. O homem realizou o teste do baf\u00f4metro e constatou-se a aus\u00eancia de \u00e1lcool. <\/p>\n<p> A moto envolvida no acidente foi guinchada, pois n\u00e3o estava licenciada. <\/p>\n<p>         3 de 3&#013;Segundo testemunhas, Maria Eduarda estava na moto com uma outra mulher de 25 anos na hora do acidente \u2014 Foto: Reprodu\u00e7\u00e3o\/Redes sociais    <\/p>\n<p> Segundo testemunhas, Maria Eduarda estava na moto com uma outra mulher de 25 anos na hora do acidente \u2014 Foto: Reprodu\u00e7\u00e3o\/Redes sociais <\/p>\n<p> A per\u00edcia da Pol\u00edcia Civil foi acionada. O corpo da v\u00edtima foi encaminhado para o Servi\u00e7o M\u00e9dico Legal (SML) de Cachoeiro de Itapemirim, para ser necropsiado e, posteriormente, liberado para os familiares. O caso seguir\u00e1 sob investiga\u00e7\u00e3o. <\/p>\n<p> A adolescente foi velada na Igreja Batista Monte Feliz, na comunidade onde morava e foi enterrada no cemit\u00e9rio municipal de Barra de Itabapoana, em <a class href=\"https:\/\/g1.globo.com\/rj\/norte-fluminense\/cidade\/sao-francisco-de-itabapoana\/\">S\u00e3o Francisco de Itabapoana<\/a>, no Rio de Janeiro. <\/p>\n<p><h2>V\u00cdDEOS: tudo sobre o Esp\u00edrito Santo<\/h2>\n<\/p>\n<p>   <a href=\"https:\/\/g1.globo.com\/es\/espirito-santo\/edicao\/2021\/01\/29\/videos-tudo-sobre-o-es.ghtml\">    50 v\u00eddeos      <\/a>       <\/p>\n<ul>\n<li><a class href=\"http:\/\/g1.globo.com\/es\/espirito-santo\/ultimas-noticias\/\"><strong>Veja o plant\u00e3o de \u00faltimas not\u00edcias do g1 Esp\u00edrito Santo<\/strong><\/a><\/li>\n<\/ul>\n<ul>\n<li> <a href=\"https:\/\/g1.globo.com\/es\/espirito-santo\/cidade\/cachoeiro-de-itapemirim\/\" class=\"entities__list-itemLink\" data-track-click=\"Cachoeiro de Itapemirim\"> Cachoeiro de Itapemirim <\/a> <\/li>\n<li> <a href=\"https:\/\/g1.globo.com\/es\/espirito-santo\/cidade\/presidente-kennedy-es\/\" class=\"entities__list-itemLink\" data-track-click=\"Presidente Kennedy\"> Presidente Kennedy <\/a> <\/li>\n<li> <a href=\"https:\/\/g1.globo.com\/rj\/norte-fluminense\/cidade\/sao-francisco-de-itabapoana\/\" class=\"entities__list-itemLink\" data-track-click=\"S\u00e3o Francisco de Itabapoana\"> S\u00e3o Francisco de Itabapoana <\/a> <\/li>\n<\/ul>\n<h3> <a id=\"js-next-article-desktop-link\" class=\"next-article-desktop-link\"><\/a> <\/h3>\n<h3> <a id=\"js-next-article-smart-link\" class=\"next-article-smart-link\"><\/a> <\/h3>\n<p>Veja tamb\u00e9m<\/p>\n<\/p>\n<\/p>\n<p>       Anterior   Pr\u00f3ximo     <\/p>\n","protected":false},"excerpt":{"rendered":"<p>Adolescente morre em acidente no ES no dia do anivers\u00e1rio de 17 anos Segundo testemunhas, Maria Eduarda de Oliveira Cordeiro estava com uma mulher de 25 anos em uma moto com a parte traseira apagada. O acidente aconteceu em uma rodovia estadual em Presidente Kennedy, no Sul do Esp\u00edrito Santo. Por g1 ES e TV [&hellip;]<\/p>\n","protected":false},"author":1,"featured_media":0,"comment_status":"closed","ping_status":"closed","sticky":false,"template":"","format":"standard","meta":{"footnotes":""},"categories":[],"tags":[],"class_list":["post-56372","post","type-post","status-publish","format-standard","hentry"],"_links":{"self":[{"href":"https:\/\/blog.corretoraideal.com.br\/index.php\/wp-json\/wp\/v2\/posts\/56372","targetHints":{"allow":["GET"]}}],"collection":[{"href":"https:\/\/blog.corretoraideal.com.br\/index.php\/wp-json\/wp\/v2\/posts"}],"about":[{"href":"https:\/\/blog.corretoraideal.com.br\/index.php\/wp-json\/wp\/v2\/types\/post"}],"author":[{"embeddable":true,"href":"https:\/\/blog.corretoraideal.com.br\/index.php\/wp-json\/wp\/v2\/users\/1"}],"replies":[{"embeddable":true,"href":"https:\/\/blog.corretoraideal.com.br\/index.php\/wp-json\/wp\/v2\/comments?post=56372"}],"version-history":[{"count":1,"href":"https:\/\/blog.corretoraideal.com.br\/index.php\/wp-json\/wp\/v2\/posts\/56372\/revisions"}],"predecessor-version":[{"id":56374,"href":"https:\/\/blog.corretoraideal.com.br\/index.php\/wp-json\/wp\/v2\/posts\/56372\/revisions\/56374"}],"wp:attachment":[{"href":"https:\/\/blog.corretoraideal.com.br\/index.php\/wp-json\/wp\/v2\/media?parent=56372"}],"wp:term":[{"taxonomy":"category","embeddable":true,"href":"https:\/\/blog.corretoraideal.com.br\/index.php\/wp-json\/wp\/v2\/categories?post=56372"},{"taxonomy":"post_tag","embeddable":true,"href":"https:\/\/blog.corretoraideal.com.br\/index.php\/wp-json\/wp\/v2\/tags?post=56372"}],"curies":[{"name":"wp","href":"https:\/\/api.w.org\/{rel}","templated":true}]}}