{"id":56375,"date":"2024-01-14T00:29:38","date_gmt":"2024-01-14T00:29:38","guid":{"rendered":"https:\/\/blog.corretoraideal.com.br\/?p=56375"},"modified":"2024-01-14T00:29:38","modified_gmt":"2024-01-14T00:29:38","slug":"conselho-aprova-nova-reducao-do-teto-de-juros-do-consignado-para-beneficiarios-do-inss-economia-g1","status":"publish","type":"post","link":"https:\/\/blog.corretoraideal.com.br\/index.php\/2024\/01\/14\/conselho-aprova-nova-reducao-do-teto-de-juros-do-consignado-para-beneficiarios-do-inss-economia-g1\/","title":{"rendered":"Conselho aprova nova redu\u00e7\u00e3o do teto de juros do consignado para benefici\u00e1rios do INSS | Economia | G1"},"content":{"rendered":"<br \/>\n<h1>Conselho aprova nova redu\u00e7\u00e3o do teto de juros do consignado para benefici\u00e1rios do INSS<\/h1>\n<h2>Limite para o empr\u00e9stimo com desconto na folha de pagamento ser\u00e1 reduzido de 1,8% ao m\u00eas para 1,76% ao m\u00eas. Novo teto entra em vigor oito dias \u00fateis ap\u00f3s a publica\u00e7\u00e3o no &#039;DOU&#039;.<\/h2>\n<p> Por <a class=\"multi_signatures\" href=\"https:\/\/g1.globo.com\/autores\/ana-paula-castro\/\">Ana Paula Castro<\/a>, TV Globo &mdash; Bras\u00edlia <\/p>\n<p>  11\/01\/2024 16h33    Atualizado  11\/01\/2024    <\/p>\n<p>                   1 de 1&#013; Novo teto entra em vigor oito dias \u00fateis ap\u00f3s a publica\u00e7\u00e3o no &#039;DOU&#039;. \u2014 Foto: Shutterbug75\/Pixabay    <\/p>\n<p> Novo teto entra em vigor oito dias \u00fateis ap\u00f3s a publica\u00e7\u00e3o no &#039;DOU&#039;. \u2014 Foto: Shutterbug75\/Pixabay <\/p>\n<p> O Conselho Nacional da Previd\u00eancia Social (CNPS) aprovou, por unanimidade, nesta quinta-feira (11) a redu\u00e7\u00e3o da taxa m\u00e1xima de juros cobrada em empr\u00e9stimos consignados para aposentados e pensionistas do Instituto Nacional do Seguro Social (<a class href=\"https:\/\/g1.globo.com\/tudo-sobre\/inss\/\">INSS<\/a>). <\/p>\n<p> O teto para o empr\u00e9stimo consignado convencional, com desconto em folha de pagamento, para esse p\u00fablico foi reduzido de <strong>1,80%<\/strong> ao m\u00eas para <strong>1,76%<\/strong> ao m\u00eas. <\/p>\n<p> Para opera\u00e7\u00f5es nas modalidades de cart\u00e3o de cr\u00e9dito e cart\u00e3o consignado de benef\u00edcios, a taxa m\u00e1xima de juros foi ajustada de <strong>2,67%<\/strong> ao m\u00eas para<strong> 2,61%<\/strong> ao m\u00eas. <\/p>\n<p> Ao oferecer a linha, bancos e institui\u00e7\u00f5es financeiras precisam respeitar os limites estabelecidos pelo CNPS. O novo teto entra em vigor oito dias \u00fateis ap\u00f3s a publica\u00e7\u00e3o da decis\u00e3o no Di\u00e1rio Oficial da Uni\u00e3o (DOU). <\/p>\n<p> Normalmente, o novo limite para a taxa de juros do consignado entra em vigor em cinco dias \u00fateis a partir da publica\u00e7\u00e3o no DOU, mas o conselho estendeu o prazo em tr\u00eas dias a pedido do setor financeiro. <\/p>\n<p> A proposta de redu\u00e7\u00e3o foi feita pelo <a class href=\"https:\/\/g1.globo.com\/tudo-sobre\/ministerio-da-previdencia-social\/\">Minist\u00e9rio da Previd\u00eancia Social<\/a>. A pasta tem defendido que as redu\u00e7\u00f5es do teto do consignado acompanhem os cortes da Selic, a taxa b\u00e1sica de juros da economia. <\/p>\n<p> Por outro lado, na avalia\u00e7\u00e3o da Confedera\u00e7\u00e3o Nacional das Institui\u00e7\u00f5es Financeiras (CNF), a Selic n\u00e3o \u00e9 o melhor par\u00e2metro para redu\u00e7\u00e3o do teto do consignado porque ela n\u00e3o reflete o custo b\u00e1sico de opera\u00e7\u00e3o dos bancos, o que poderia tornar a opera\u00e7\u00e3o &quot;invi\u00e1vel&quot; ao longo de 2024. <\/p>\n<p> Em dezembro, <a class href=\"https:\/\/g1.globo.com\/economia\/noticia\/2023\/12\/13\/copom-corta-taxa-selic-de-1225percent-para-1175percent-ao-ano-na-ultima-reuniao-de-2023.ghtml\">o Comit\u00ea de Pol\u00edtica Monet\u00e1ria (Copom) do Banco Central decidiu reduziu a Selic em 0,5 ponto percentual<\/a>, de 12,25% ao ano para 11,75% ao ano. <\/p>\n<p>   Teto de juros para empr\u00e9stimo consignado convencional (% ao m\u00eas)   Fonte: Minist\u00e9rio da Previd\u00eancia Social   <\/p>\n<p><h2>Sequ\u00eancia de redu\u00e7\u00f5es<\/h2>\n<\/p>\n<p> Em mar\u00e7o, o CNPS decidiu reduzir o teto dos juros do consignado convencional para benefici\u00e1rios do INSS de 2,14% para 1,70%, o que gerou um impasse com os bancos. <\/p>\n<p> Na \u00e9poca, Banco do Brasil, Caixa Econ\u00f4mica Federal e outros bancos privados suspenderam temporariamente a oferta desse cr\u00e9dito, afirmando que as taxas n\u00e3o cobririam os custos da opera\u00e7\u00e3o. O conselho ent\u00e3o aprovou um &#x27;meio termo&#x27;, e o teto ficou estabelecido em 1,97%. <\/p>\n<p> Em agosto, houve nova redu\u00e7\u00e3o, e o teto dos juros passou de 1,97% ao m\u00eas para 1,91% no caso do empr\u00e9stimo consignado convencional. A decis\u00e3o do CNPS veio dias ap\u00f3s o Copom reduzir a Selic pela primeira vez em tr\u00eas anos. <\/p>\n<p> Em outubro, o CNPS fez nova redu\u00e7\u00e3o na taxa m\u00e1xima de juros do consignado com desconto em folha e o teto caiu de 1,91% para 1,84% &#8211; novamente, a decis\u00e3o veio ap\u00f3s novo an\u00fancio de corte da Selic. <\/p>\n<p> J\u00e1 em dezembro, esse teto foi reduzido de 1,84% para 1,80% ao m\u00eas. Na \u00e9poca, a decis\u00e3o foi tomada depois de um impasse entre o minist\u00e9rio e representantes do setor financeiro sobre o ritmo de redu\u00e7\u00e3o do teto do consignado para benefici\u00e1rios do INSS. <\/p>\n<ul>\n<li> <a href=\"https:\/\/g1.globo.com\/tudo-sobre\/inss\/\" class=\"entities__list-itemLink\" data-track-click=\"INSS\"> INSS <\/a> <\/li>\n<li> <a href=\"https:\/\/g1.globo.com\/tudo-sobre\/ministerio-da-previdencia-social\/\" class=\"entities__list-itemLink\" data-track-click=\"Minist\u00e9rio da Previd\u00eancia Social\"> Minist\u00e9rio da Previd\u00eancia Social <\/a> <\/li>\n<\/ul>\n<h3> <a id=\"js-next-article-desktop-link\" class=\"next-article-desktop-link\"><\/a> <\/h3>\n<h3> <a id=\"js-next-article-smart-link\" class=\"next-article-smart-link\"><\/a> <\/h3>\n<p>Veja tamb\u00e9m<\/p>\n<\/p>\n<\/p>\n<p>       Anterior   Pr\u00f3ximo     <\/p>\n","protected":false},"excerpt":{"rendered":"<p>Conselho aprova nova redu\u00e7\u00e3o do teto de juros do consignado para benefici\u00e1rios do INSS Limite para o empr\u00e9stimo com desconto na folha de pagamento ser\u00e1 reduzido de 1,8% ao m\u00eas para 1,76% ao m\u00eas. Novo teto entra em vigor oito dias \u00fateis ap\u00f3s a publica\u00e7\u00e3o no &#039;DOU&#039;. Por Ana Paula Castro, TV Globo &mdash; Bras\u00edlia [&hellip;]<\/p>\n","protected":false},"author":1,"featured_media":0,"comment_status":"closed","ping_status":"closed","sticky":false,"template":"","format":"standard","meta":{"footnotes":""},"categories":[],"tags":[],"class_list":["post-56375","post","type-post","status-publish","format-standard","hentry"],"_links":{"self":[{"href":"https:\/\/blog.corretoraideal.com.br\/index.php\/wp-json\/wp\/v2\/posts\/56375","targetHints":{"allow":["GET"]}}],"collection":[{"href":"https:\/\/blog.corretoraideal.com.br\/index.php\/wp-json\/wp\/v2\/posts"}],"about":[{"href":"https:\/\/blog.corretoraideal.com.br\/index.php\/wp-json\/wp\/v2\/types\/post"}],"author":[{"embeddable":true,"href":"https:\/\/blog.corretoraideal.com.br\/index.php\/wp-json\/wp\/v2\/users\/1"}],"replies":[{"embeddable":true,"href":"https:\/\/blog.corretoraideal.com.br\/index.php\/wp-json\/wp\/v2\/comments?post=56375"}],"version-history":[{"count":1,"href":"https:\/\/blog.corretoraideal.com.br\/index.php\/wp-json\/wp\/v2\/posts\/56375\/revisions"}],"predecessor-version":[{"id":56377,"href":"https:\/\/blog.corretoraideal.com.br\/index.php\/wp-json\/wp\/v2\/posts\/56375\/revisions\/56377"}],"wp:attachment":[{"href":"https:\/\/blog.corretoraideal.com.br\/index.php\/wp-json\/wp\/v2\/media?parent=56375"}],"wp:term":[{"taxonomy":"category","embeddable":true,"href":"https:\/\/blog.corretoraideal.com.br\/index.php\/wp-json\/wp\/v2\/categories?post=56375"},{"taxonomy":"post_tag","embeddable":true,"href":"https:\/\/blog.corretoraideal.com.br\/index.php\/wp-json\/wp\/v2\/tags?post=56375"}],"curies":[{"name":"wp","href":"https:\/\/api.w.org\/{rel}","templated":true}]}}