{"id":56378,"date":"2024-01-14T03:29:42","date_gmt":"2024-01-14T03:29:42","guid":{"rendered":"https:\/\/blog.corretoraideal.com.br\/?p=56378"},"modified":"2024-01-14T03:29:42","modified_gmt":"2024-01-14T03:29:42","slug":"sem-votacao-da-loa-pela-camara-prefeitura-de-campos-decreta-calamidade-publica-orcamentaria-norte-fluminense-g1","status":"publish","type":"post","link":"https:\/\/blog.corretoraideal.com.br\/index.php\/2024\/01\/14\/sem-votacao-da-loa-pela-camara-prefeitura-de-campos-decreta-calamidade-publica-orcamentaria-norte-fluminense-g1\/","title":{"rendered":"Sem vota\u00e7\u00e3o da LOA pela C\u00e2mara, Prefeitura de Campos decreta calamidade p\u00fablica or\u00e7ament\u00e1ria | Norte Fluminense | G1"},"content":{"rendered":"<br \/>\n<h1>Sem vota\u00e7\u00e3o da LOA pela C\u00e2mara, Prefeitura de Campos decreta calamidade p\u00fablica or\u00e7ament\u00e1ria<\/h1>\n<h2>Prefeitura afirma que o projeto da LOA foi encaminhado \u00e0 C\u00e2mara de Vereadores no dia 30 de agosto do ano passado, dentro do prazo legal. C\u00e2mara diz que a Prefeitura n\u00e3o fez os ajustes no projeto apontados pelos vereadores.<\/h2>\n<p> Por Yuri Ramos, Josu\u00e9 Amador, g1 &mdash; Campos dos Goytacazes <\/p>\n<p>  11\/01\/2024 14h16    Atualizado  11\/01\/2024    <\/p>\n<p>                   1 de 1&#013;Prefeitura de Campos dos Goytacazes decreta calamidade p\u00fablica or\u00e7ament\u00e1ria \u2014 Foto: Reprodu\u00e7\u00e3o Prefeitura de Campos    <\/p>\n<p> Prefeitura de Campos dos Goytacazes decreta calamidade p\u00fablica or\u00e7ament\u00e1ria \u2014 Foto: Reprodu\u00e7\u00e3o Prefeitura de Campos <\/p>\n<p> A Prefeitura de <a class href=\"https:\/\/g1.globo.com\/rj\/norte-fluminense\/cidade\/campos-dos-goytacazes\/\">Campos dos Goytacazes<\/a>, no Norte Fluminense, decretou estado de calamidade p\u00fablica or\u00e7ament\u00e1ria no munic\u00edpio em raz\u00e3o da n\u00e3o vota\u00e7\u00e3o, pela C\u00e2mara de Vereadores, do projeto da Lei Or\u00e7ament\u00e1ria Anual (LOA) para o exerc\u00edcio financeiro de 2024. <\/p>\n<p> De acordo com o Executivo, a demora na aprova\u00e7\u00e3o do or\u00e7amento para este ano est\u00e1 impedindo o cumprimento das obriga\u00e7\u00f5es b\u00e1sicas pela gest\u00e3o municipal. <\/p>\n<p> O decreto foi assinado pelo prefeito Wladimir Garotinho e publicado no Di\u00e1rio Oficial (DO) desta quarta-feira (10), em edi\u00e7\u00e3o suplementar. <\/p>\n<p> O estado de calamidade p\u00fablica or\u00e7ament\u00e1ria tem prazo de 60 dias, podendo ser prorrogado em caso de comprovada necessidade. Em caso de vota\u00e7\u00e3o e aprova\u00e7\u00e3o da LOA, seguido da san\u00e7\u00e3o pelo prefeito, o decreto ser\u00e1 imediatamente revogado. <\/p>\n<p> As secretarias competentes ficam autorizadas a adotar medidas excepcionais necess\u00e1rias \u00e0 racionaliza\u00e7\u00e3o de todos os servi\u00e7os p\u00fablicos essenciais. Elas poder\u00e3o tamb\u00e9m editar os atos normativos necess\u00e1rios \u00e0 regulamenta\u00e7\u00e3o do estado de calamidade p\u00fablica or\u00e7ament\u00e1ria. <\/p>\n<p> No decreto, a Prefeitura informa que o projeto da LOA foi encaminhado \u00e0 C\u00e2mara de Vereadores no dia 30 de agosto do ano passado, dentro do prazo legal. <\/p>\n<p><h2>O que diz a C\u00e2mara<\/h2>\n<\/p>\n<p> A reportagem do <a class href=\"https:\/\/g1.globo.com\/\"><strong>g1<\/strong><\/a> entrou em contato com a C\u00e2mara de Vereadores. O presidente da Casa, Marquinho Bacellar, e outros vereadores da oposi\u00e7\u00e3o argumentam que a LOA foi devolvida \u00e0 Prefeitura com algumas considera\u00e7\u00f5es e apontamentos de quest\u00f5es a serem modificadas. <\/p>\n<p> Mas a Prefeitura, ainda segundo a C\u00e2mara, teria ignorado as considera\u00e7\u00f5es e devolvido a LOA para a C\u00e2mara sem altera\u00e7\u00f5es. <\/p>\n<p> Segundo os vereadores da oposi\u00e7\u00e3o, o Munic\u00edpio n\u00e3o deve entrar em calamidade or\u00e7ament\u00e1ria porque existe a possibilidade do Executivo utilizar o duod\u00e9cimo para pagamentos dos servidores municipais e manuten\u00e7\u00e3o dos servi\u00e7os essenciais, conforme previsto no artigo 60 da Lei de Diretrizes Or\u00e7ament\u00e1rias, aprovada em 2023 para 2024. <\/p>\n<p> O duod\u00e9cimo \u00e9 1\/12 do valor aprovado pela Lei Or\u00e7ament\u00e1ria Anual de 2023, que gira em torno de R$ 230 milh\u00f5es\/m\u00eas at\u00e9 que a LOA 2024 seja de fato votada, aprovada e colocada em vigor. <\/p>\n<ul>\n<li> <a href=\"https:\/\/g1.globo.com\/rj\/norte-fluminense\/cidade\/campos-dos-goytacazes\/\" class=\"entities__list-itemLink\" data-track-click=\"Campos dos Goytacazes\"> Campos dos Goytacazes <\/a> <\/li>\n<\/ul>\n<h3> <a id=\"js-next-article-desktop-link\" class=\"next-article-desktop-link\"><\/a> <\/h3>\n<h3> <a id=\"js-next-article-smart-link\" class=\"next-article-smart-link\"><\/a> <\/h3>\n<p>Veja tamb\u00e9m<\/p>\n<\/p>\n<\/p>\n<p>       Anterior   Pr\u00f3ximo     <\/p>\n","protected":false},"excerpt":{"rendered":"<p>Sem vota\u00e7\u00e3o da LOA pela C\u00e2mara, Prefeitura de Campos decreta calamidade p\u00fablica or\u00e7ament\u00e1ria Prefeitura afirma que o projeto da LOA foi encaminhado \u00e0 C\u00e2mara de Vereadores no dia 30 de agosto do ano passado, dentro do prazo legal. C\u00e2mara diz que a Prefeitura n\u00e3o fez os ajustes no projeto apontados pelos vereadores. Por Yuri Ramos, [&hellip;]<\/p>\n","protected":false},"author":1,"featured_media":0,"comment_status":"closed","ping_status":"closed","sticky":false,"template":"","format":"standard","meta":{"footnotes":""},"categories":[],"tags":[],"class_list":["post-56378","post","type-post","status-publish","format-standard","hentry"],"_links":{"self":[{"href":"https:\/\/blog.corretoraideal.com.br\/index.php\/wp-json\/wp\/v2\/posts\/56378","targetHints":{"allow":["GET"]}}],"collection":[{"href":"https:\/\/blog.corretoraideal.com.br\/index.php\/wp-json\/wp\/v2\/posts"}],"about":[{"href":"https:\/\/blog.corretoraideal.com.br\/index.php\/wp-json\/wp\/v2\/types\/post"}],"author":[{"embeddable":true,"href":"https:\/\/blog.corretoraideal.com.br\/index.php\/wp-json\/wp\/v2\/users\/1"}],"replies":[{"embeddable":true,"href":"https:\/\/blog.corretoraideal.com.br\/index.php\/wp-json\/wp\/v2\/comments?post=56378"}],"version-history":[{"count":1,"href":"https:\/\/blog.corretoraideal.com.br\/index.php\/wp-json\/wp\/v2\/posts\/56378\/revisions"}],"predecessor-version":[{"id":56380,"href":"https:\/\/blog.corretoraideal.com.br\/index.php\/wp-json\/wp\/v2\/posts\/56378\/revisions\/56380"}],"wp:attachment":[{"href":"https:\/\/blog.corretoraideal.com.br\/index.php\/wp-json\/wp\/v2\/media?parent=56378"}],"wp:term":[{"taxonomy":"category","embeddable":true,"href":"https:\/\/blog.corretoraideal.com.br\/index.php\/wp-json\/wp\/v2\/categories?post=56378"},{"taxonomy":"post_tag","embeddable":true,"href":"https:\/\/blog.corretoraideal.com.br\/index.php\/wp-json\/wp\/v2\/tags?post=56378"}],"curies":[{"name":"wp","href":"https:\/\/api.w.org\/{rel}","templated":true}]}}